{"id":1,"count":215,"description":"Retrouvez dans cette rubrique un retour d'exp\u00e9rience des professionnels, PME, grands comptes et collectivit\u00e9s qui nous font confiance et que l'on souhaite avant tout remercier. \r\nDes projets men\u00e9s dans leur globalit\u00e9 avec des produits parfois r\u00e9alis\u00e9s \"sur-mesure\", l'assistance \u00e0 la ma\u00eetrise d'oeuvre et la ma\u00eetrise d'ouvrage, jusqu'au marquage et \u00e0 la signal\u00e9tique. Appr\u00e9ciez ici les multifonctions et utilisations d'un abri ! ","link":"https:\/\/www.franceabris.com\/BLOG\/category\/espace-pro\/","name":"Espace Pro","slug":"espace-pro","taxonomy":"category","parent":0,"meta":[],"_links":{"self":[{"href":"https:\/\/www.franceabris.com\/BLOG\/wp-json\/wp\/v2\/categories\/1"}],"collection":[{"href":"https:\/\/www.franceabris.com\/BLOG\/wp-json\/wp\/v2\/categories"}],"about":[{"href":"https:\/\/www.franceabris.com\/BLOG\/wp-json\/wp\/v2\/taxonomies\/category"}],"wp:post_type":[{"href":"https:\/\/www.franceabris.com\/BLOG\/wp-json\/wp\/v2\/posts?categories=1"}],"curies":[{"name":"wp","href":"https:\/\/api.w.org\/{rel}","templated":true}]}}