{"id":6,"count":37,"description":"Une photo ou une vid\u00e9o valent mieux q'un long discours ! Un conseil pour votre abri de jardin ou vos am\u00e9nagements ext\u00e9rieurs ? ...Retrouvez tous nos conseils en image pour installer ou choisir l'abri correspondant le mieux \u00e0 vos attentes. Monter un garage en m\u00e9tal ou en bois, installer un carport sur ses supports en H pour abriter votre v\u00e9hicule, la pr\u00e9sentation de diff\u00e9rentes gammes de produits, voici quelques exemples th\u00e9matiques abord\u00e9es dans cette rubrique. Bonne lecture !","link":"https:\/\/www.franceabris.com\/BLOG\/category\/nos-conseils-et-videos\/","name":"Nos conseils et vid\u00e9os","slug":"nos-conseils-et-videos","taxonomy":"category","parent":0,"meta":[],"_links":{"self":[{"href":"https:\/\/www.franceabris.com\/BLOG\/wp-json\/wp\/v2\/categories\/6"}],"collection":[{"href":"https:\/\/www.franceabris.com\/BLOG\/wp-json\/wp\/v2\/categories"}],"about":[{"href":"https:\/\/www.franceabris.com\/BLOG\/wp-json\/wp\/v2\/taxonomies\/category"}],"wp:post_type":[{"href":"https:\/\/www.franceabris.com\/BLOG\/wp-json\/wp\/v2\/posts?categories=6"}],"curies":[{"name":"wp","href":"https:\/\/api.w.org\/{rel}","templated":true}]}}