{"id":10079,"date":"2019-05-02T06:06:48","date_gmt":"2019-05-02T05:06:48","guid":{"rendered":"https:\/\/www.franceabris.com\/BLOG\/?p=10079"},"modified":"2019-05-15T15:48:02","modified_gmt":"2019-05-15T14:48:02","slug":"taxe-abris-de-jardin-meconnue-des-clients-comme-des-mairies","status":"publish","type":"post","link":"https:\/\/www.franceabris.com\/BLOG\/taxe-abris-de-jardin-meconnue-des-clients-comme-des-mairies\/","title":{"rendered":"Taxe abris de jardin : m\u00e9connue&#8230; et m\u00eame oubli\u00e9e ?"},"content":{"rendered":"<p style=\"text-align: justify;\">D\u00e9cid\u00e9ment, <strong>la fameuse taxe sur les abris de jardin fait parler !<\/strong> On avait abord\u00e9 le sujet fin f\u00e9vrier : la taxe que vous devez payer lorsque vous installez <span style=\"color: #ff9900;\"><a style=\"color: #ff9900;\" href=\"https:\/\/www.franceabris.com\/BLOG\/augmentation-de-la-taxe-abri-de-jardin-ou-taxe-damenagement-pour-2019\/\" target=\"_blank\" rel=\"noopener noreferrer\">un abri de jardin ou un carport de plus de 5 m\u00b2 dans votre jardin avait subi une nouvelle augmentation<\/a><\/span>. Ce sont, chaque ann\u00e9e, quelques pourcentages suppl\u00e9mentaires qui s&rsquo;ajoutent aux forfaits dont vous devez vous acquitter&#8230;<\/p>\n<p style=\"text-align: justify;\">Cette semaine, Le Parisien est all\u00e9 enqu\u00eater sur le sujet et les conclusions de l&rsquo;article sont sans appel : <strong>cette taxe d&rsquo;am\u00e9nagement est tr\u00e8s souvent m\u00e9connue des acheteurs<\/strong>, mais aussi des vendeurs eux-m\u00eames, voire des municipalit\u00e9s qui ne s&rsquo;en pr\u00e9occupent qu&rsquo;\u00e0 partir d&rsquo;une certaine surface&#8230; R\u00e9sultat : beaucoup oublient de la payer.<\/p>\n<p style=\"text-align: justify;\">Que cela ne vous donne pas de mauvaises id\u00e9es, \u00e9videmment, cette taxe \u00e9tant obligatoire. Explications.<\/p>\n<p style=\"text-align: justify;\"><strong>&#8211;<\/strong> <span style=\"color: #ff9900;\"><a style=\"color: #ff9900;\" href=\"https:\/\/www.franceabris.com\/10-abri-jardin\" target=\"_blank\" rel=\"noopener noreferrer\">Les abris de jardin sont sur FRANCE ABRIS !<\/a><\/span><\/p>\n<h2 style=\"text-align: justify;\">Les acheteurs n&rsquo;en ont pas connaissance : les cabanons de taille r\u00e9duite pour le jardin r\u00e9clament peu de formalit\u00e9s administratives<\/h2>\n<p style=\"text-align: justify;\">C&rsquo;est un vendeur de grande surface sp\u00e9cialis\u00e9e <span style=\"color: #ff9900;\"><a style=\"color: #ff9900;\" href=\"http:\/\/www.leparisien.fr\/economie\/impots\/taxe-sur-les-abris-de-jardin-personne-ne-la-paye-26-03-2019-8039808.php\" target=\"_blank\" rel=\"noopener noreferrer\">qui le confie au journaliste du Parisien<\/a><\/span> :<\/p>\n<blockquote><p>\u00ab\u00a0<strong>Cette taxe, personne ne la conna\u00eet et surtout pas les clients.<\/strong> Et comme beaucoup commandent leurs abris par Internet, [&#8230;] ils n\u2019ont aucun moyen de conna\u00eetre son existence. [&#8230;] Depuis que je vends des abris de jardin, j\u2019ai peut-\u00eatre un client qui m\u2019a parl\u00e9 de cette taxe. Les communes s\u2019y int\u00e9ressent quand les abris font plus de 20 m\u00b2. Et l\u00e0, il faut un permis de construire.\u00a0\u00bb<\/p><\/blockquote>\n<h3>Au-dessus de 20 m\u00b2 de chalet en kit, les Mairies font attention !<\/h3>\n<p style=\"text-align: justify;\">Comme l&rsquo;explique ce vendeur,<span style=\"color: #ff9900;\"><a style=\"color: #ff9900;\" href=\"https:\/\/www.franceabris.com\/BLOG\/guide\/taxe-damenagement-pour-abri-de-jardin-ne-pas-loublier\/\" target=\"_blank\" rel=\"noopener noreferrer\"> c&rsquo;est la lourdeur administrative qui met g\u00e9n\u00e9ralement la puce \u00e0 l&rsquo;oreille<\/a><\/span>&#8230; <strong>Pour les abris et chalets de jardin de 20 m\u00b2 ou plus, un permis de construire doit g\u00e9n\u00e9ralement \u00eatre demand\u00e9.<\/strong> Les prix sont, en plus, g\u00e9n\u00e9ralement, bien plus important que pour les petites structures&#8230; et la taxe \u00e0 payer d&rsquo;autant plus \u00e9lev\u00e9e. D&rsquo;o\u00f9 le fait que les municipalit\u00e9s ne manquent pas de vous faire passer \u00e0 la casse !<\/p>\n<figure id=\"attachment_9420\" aria-describedby=\"caption-attachment-9420\" style=\"width: 328px\" class=\"wp-caption aligncenter\"><img decoding=\"async\" loading=\"lazy\" class=\"wp-image-9420 size-large\" style=\"border: 1px solid #000000;\" src=\"https:\/\/www.franceabris.com\/BLOG\/wp-content\/uploads\/2018\/07\/IMG_3352-e1531327928207-328x437.jpg\" alt=\"abri de jardin petite taille discount\" width=\"328\" height=\"437\" srcset=\"https:\/\/www.franceabris.com\/BLOG\/wp-content\/uploads\/2018\/07\/IMG_3352-e1531327928207-328x437.jpg 328w, https:\/\/www.franceabris.com\/BLOG\/wp-content\/uploads\/2018\/07\/IMG_3352-e1531327928207-74x98.jpg 74w, https:\/\/www.franceabris.com\/BLOG\/wp-content\/uploads\/2018\/07\/IMG_3352-e1531327928207-180x240.jpg 180w, https:\/\/www.franceabris.com\/BLOG\/wp-content\/uploads\/2018\/07\/IMG_3352-e1531327928207.jpg 480w\" sizes=\"(max-width: 328px) 100vw, 328px\" \/><figcaption id=\"caption-attachment-9420\" class=\"wp-caption-text\">Au-dessus de 5 m\u00b2, l&rsquo;abri de jardin est assujetti \u00e0 la taxe d&rsquo;am\u00e9nagement.<\/figcaption><\/figure>\n<h3>Les petits abris de jardin passent souvent entre les mailles du filet<\/h3>\n<p style=\"text-align: justify;\"><strong>Mais, dans le cas des cabanes de jardin de plus petite taille&#8230;<\/strong> Une simple d\u00e9claration de travaux est n\u00e9cessaire entre 5 et 20 m\u00b2, \u00e0 moins d&rsquo;\u00eatre sur un site class\u00e9 &#8211; en-dessous de 5 m\u00b2, les abris sont exon\u00e9r\u00e9s de taxe d&rsquo;am\u00e9nagement. D&rsquo;o\u00f9 les oublis fr\u00e9quents, d&rsquo;autant que les sommes engag\u00e9es ne sont pas toujours tr\u00e8s \u00e9lev\u00e9es : tout d\u00e9pend de la surface de plancher ou de l&#8217;emprise au sol, mais aussi de la localisation de la cabane en kit. A Paris, attendez-vous \u00e0 payer&#8230; Mais dans certaines r\u00e9gions de province, les taux sont souvent bien plus faibles.<\/p>\n<h2 style=\"text-align: justify;\">Les Mairies ne sont pas toujours regardantes&#8230; mais il y a des fa\u00e7ons d&rsquo;\u00e9viter les dr\u00f4les de surprises !<\/h2>\n<p style=\"text-align: justify;\"><em>\u00ab\u00a0Cette taxe, tout d\u00e9pend de l\u2019endroit o\u00f9 vous habitez\u00a0\u00bb<\/em>, continue le vendeur en question. <em>\u00ab\u00a0<strong>Plus de 90 % des mairies ne disent rien jusqu\u2019\u00e0 10 m\u00b2.<\/strong> Elles ferment les yeux. C\u2019est tellement flou et compliqu\u00e9 qu\u2019elles ne veulent pas s\u2019emb\u00eater avec \u00e7a. Et pour les 10 % qui restent, ce sont les communes historiques&#8230;\u00a0\u00bb<\/em><\/p>\n<figure id=\"attachment_5931\" aria-describedby=\"caption-attachment-5931\" style=\"width: 397px\" class=\"wp-caption aligncenter\"><img decoding=\"async\" loading=\"lazy\" class=\"wp-image-5931 size-full\" style=\"border: 1px solid #000000;\" src=\"https:\/\/www.franceabris.com\/BLOG\/wp-content\/uploads\/2015\/12\/petite1.jpg\" alt=\"carport en m\u00e9tal adoss\u00e9 maison\" width=\"397\" height=\"291\" srcset=\"https:\/\/www.franceabris.com\/BLOG\/wp-content\/uploads\/2015\/12\/petite1.jpg 397w, https:\/\/www.franceabris.com\/BLOG\/wp-content\/uploads\/2015\/12\/petite1-134x98.jpg 134w, https:\/\/www.franceabris.com\/BLOG\/wp-content\/uploads\/2015\/12\/petite1-327x240.jpg 327w\" sizes=\"(max-width: 397px) 100vw, 397px\" \/><figcaption id=\"caption-attachment-5931\" class=\"wp-caption-text\">Les carports et auvents d&rsquo;accueil sont soumis aux m\u00eames r\u00e8gles !<\/figcaption><\/figure>\n<h3>Un cabanon en kit de 5 m\u00b2 vous r\u00e9servera une bonne surprise !<\/h3>\n<p style=\"text-align: justify;\">Certains ont parfois de mauvaises surprises en d\u00e9couvrant le montant de leur taxe d&rsquo;habitation. Mais cela reste plut\u00f4t rare : les montants les plus on\u00e9reux touchent des zones pr\u00e9cises (Paris&#8230;) et des surfaces d&rsquo;abris tr\u00e8s importantes. Surtout, certains, qui ne sont pas particuli\u00e8rement regardant quant \u00e0 des dimensions tr\u00e8s pr\u00e9cises pour leur abri, <strong>font le choix d&rsquo;\u00e9viter purement et simplement la taxe en optant pour des cabanons de moins de 5 m\u00b2.<\/strong> C&rsquo;est le cas sur ce forum sp\u00e9cialis\u00e9 :<\/p>\n<blockquote><p>\u00ab\u00a0Je n&rsquo;\u00e9tais pas \u00e0 cheval sur les dimensions de ma cabane en bois. 4, 5 ou 6 m\u00e8tres carr\u00e9s&#8230; Peu importe, dans l&rsquo;absolu. Alors, \u00e0 partir du moment o\u00f9 je n&rsquo;\u00e9tais pas \u00e0 un m\u00e8tres carr\u00e9 pr\u00e8s, j&rsquo;ai fais en sorte de prendre un kit de moins de 5 m\u00b2. Le probl\u00e8me de la taxe \u00e9tait r\u00e9solu : je n&rsquo;avais pas \u00e0 la payer ! Au pire, <strong>je me suis dit que, si j&rsquo;\u00e9tais juste en surface, rien ne m&#8217;emp\u00eachait \u00e0 terme d&rsquo;acheter un autre petit abri adossable \u00e0 la maison.\u00a0\u00bb<\/strong><\/p><\/blockquote>\n<p style=\"text-align: justify;\">Une solution comme une autre ! \ud83d\ude42<\/p>\n","protected":false},"excerpt":{"rendered":"<p>D\u00e9cid\u00e9ment, la fameuse taxe sur les abris de jardin fait parler ! On avait abord\u00e9 le sujet fin f\u00e9vrier : la taxe que vous devez payer lorsque vous installez un abri de jardin ou un carport de plus de 5 m\u00b2 dans votre jardin avait subi une nouvelle augmentation. Ce sont, chaque ann\u00e9e, quelques pourcentages &hellip; <a href=\"https:\/\/www.franceabris.com\/BLOG\/taxe-abris-de-jardin-meconnue-des-clients-comme-des-mairies\/\" class=\"more-link\">Continuer la lecture de <span class=\"screen-reader-text\">Taxe abris de jardin : m\u00e9connue&#8230; et m\u00eame oubli\u00e9e ?<\/span><\/a><\/p>\n","protected":false},"author":2,"featured_media":10080,"comment_status":"closed","ping_status":"closed","sticky":false,"template":"","format":"standard","meta":[],"categories":[2,3],"tags":[],"_links":{"self":[{"href":"https:\/\/www.franceabris.com\/BLOG\/wp-json\/wp\/v2\/posts\/10079"}],"collection":[{"href":"https:\/\/www.franceabris.com\/BLOG\/wp-json\/wp\/v2\/posts"}],"about":[{"href":"https:\/\/www.franceabris.com\/BLOG\/wp-json\/wp\/v2\/types\/post"}],"author":[{"embeddable":true,"href":"https:\/\/www.franceabris.com\/BLOG\/wp-json\/wp\/v2\/users\/2"}],"replies":[{"embeddable":true,"href":"https:\/\/www.franceabris.com\/BLOG\/wp-json\/wp\/v2\/comments?post=10079"}],"version-history":[{"count":0,"href":"https:\/\/www.franceabris.com\/BLOG\/wp-json\/wp\/v2\/posts\/10079\/revisions"}],"wp:featuredmedia":[{"embeddable":true,"href":"https:\/\/www.franceabris.com\/BLOG\/wp-json\/wp\/v2\/media\/10080"}],"wp:attachment":[{"href":"https:\/\/www.franceabris.com\/BLOG\/wp-json\/wp\/v2\/media?parent=10079"}],"wp:term":[{"taxonomy":"category","embeddable":true,"href":"https:\/\/www.franceabris.com\/BLOG\/wp-json\/wp\/v2\/categories?post=10079"},{"taxonomy":"post_tag","embeddable":true,"href":"https:\/\/www.franceabris.com\/BLOG\/wp-json\/wp\/v2\/tags?post=10079"}],"curies":[{"name":"wp","href":"https:\/\/api.w.org\/{rel}","templated":true}]}}