{"id":101,"date":"2013-02-14T18:19:42","date_gmt":"2013-02-14T17:19:42","guid":{"rendered":"http:\/\/www.franceabris.com\/BLOG\/?p=101"},"modified":"2014-02-07T15:44:17","modified_gmt":"2014-02-07T14:44:17","slug":"garage-18-m2-moins-de-1000-euros-top-affaire","status":"publish","type":"post","link":"https:\/\/www.franceabris.com\/BLOG\/garage-18-m2-moins-de-1000-euros-top-affaire\/","title":{"rendered":"Un garage de 18 m2 \u00e0 moins de 1000\u20ac, top affaire !"},"content":{"rendered":"<p><strong>Un garage d&rsquo;appoint, oui mais sans se ruiner !<\/strong><\/p>\n<p>Notre meilleure offre pour un garage m\u00e9tallique de 18 m2, 3m de largeur par 6m de profondeur, qui vous est livr\u00e9 en kit, pour moins de 1 000\u20ac, c&rsquo;est l&rsquo;affaire du moment !<br \/>\n<!--more--><\/p>\n<p>Parmi toute notre gamme, ce produit est \u00e0 la fois \u00e9conomique et sans entretien. Pratique, sa porte d&rsquo;acc\u00e8s lat\u00e9rale vous permet par exemple d&rsquo;abriter \u00e9galement des v\u00e9los ou de vous servir de l&rsquo;espace au fond du garage comme d&rsquo;un rangement d&rsquo;appoint, tr\u00e8s accessible.<\/p>\n<p><a title=\"Top affaire, des garages m\u00e9talliques \u00e0 moins de 1000 euros\" href=\"http:\/\/www.franceabris.com\/garage-metal\/254-id.html\">Retrouvez-le en cliquant ici !<\/a><\/p>\n<h2>Montage d&rsquo;un garage ABSCO<\/h2>\n<p>Ce kit est simple de montage mais n\u00e9cessite un peu de travail de votre part, m\u00eame si son syst\u00e8me brevet\u00e9 r\u00e9duit consid\u00e9rablement le nombre de vis par rapport \u00e0 des mod\u00e8les bas de gamme.<br \/>\nRetrouvez dans notre rubrique <a title=\"Conseils de montage garage et abri de jardin\" href=\"http:\/\/www.franceabris.com\/BLOG\/category\/nos-conseils-et-videos\/\">\u00ab\u00a0Nos conseils et vid\u00e9o\u00a0\u00bb<\/a> quelques pr\u00e9sentation de cette gamme ABSCO, d&rsquo;origine Australienne, sp\u00e9cialis\u00e9e dans ce type de produit depuis plusieurs 10aines d&rsquo;ann\u00e9es.<\/p>\n<h2>D\u00e9couvrez toute la gamme ABSCO : garages et abris de jardin<\/h2>\n<p>Nous pouvons vous proposer \u00e9galement dans cette gamme des abris de toute taille, ou d&rsquo;une finition plus esth\u00e9tique avec des mod\u00e8les color\u00e9s.<br \/>\nRetrouvez ces produits en allant sur notre rubrique : <a title=\"gamme abri de jardin m\u00e9tal\" href=\"http:\/\/www.franceabris.com\/6-abri-jardin-metal\" target=\"_blank\">abris de jardin en m\u00e9tal, gamme ABSCO notamment.<\/a><\/p>\n<p><strong>A vous de saisir l&rsquo;affaire !<\/strong><\/p>\n","protected":false},"excerpt":{"rendered":"<p>Un garage d&rsquo;appoint, oui mais sans se ruiner ! Notre meilleure offre pour un garage m\u00e9tallique de 18 m2, 3m de largeur par 6m de profondeur, qui vous est livr\u00e9 en kit, pour moins de 1 000\u20ac, c&rsquo;est l&rsquo;affaire du moment !<\/p>\n","protected":false},"author":2,"featured_media":106,"comment_status":"open","ping_status":"open","sticky":false,"template":"","format":"standard","meta":[],"categories":[5],"tags":[],"_links":{"self":[{"href":"https:\/\/www.franceabris.com\/BLOG\/wp-json\/wp\/v2\/posts\/101"}],"collection":[{"href":"https:\/\/www.franceabris.com\/BLOG\/wp-json\/wp\/v2\/posts"}],"about":[{"href":"https:\/\/www.franceabris.com\/BLOG\/wp-json\/wp\/v2\/types\/post"}],"author":[{"embeddable":true,"href":"https:\/\/www.franceabris.com\/BLOG\/wp-json\/wp\/v2\/users\/2"}],"replies":[{"embeddable":true,"href":"https:\/\/www.franceabris.com\/BLOG\/wp-json\/wp\/v2\/comments?post=101"}],"version-history":[{"count":0,"href":"https:\/\/www.franceabris.com\/BLOG\/wp-json\/wp\/v2\/posts\/101\/revisions"}],"wp:featuredmedia":[{"embeddable":true,"href":"https:\/\/www.franceabris.com\/BLOG\/wp-json\/wp\/v2\/media\/106"}],"wp:attachment":[{"href":"https:\/\/www.franceabris.com\/BLOG\/wp-json\/wp\/v2\/media?parent=101"}],"wp:term":[{"taxonomy":"category","embeddable":true,"href":"https:\/\/www.franceabris.com\/BLOG\/wp-json\/wp\/v2\/categories?post=101"},{"taxonomy":"post_tag","embeddable":true,"href":"https:\/\/www.franceabris.com\/BLOG\/wp-json\/wp\/v2\/tags?post=101"}],"curies":[{"name":"wp","href":"https:\/\/api.w.org\/{rel}","templated":true}]}}