{"id":10250,"date":"2019-07-01T06:06:18","date_gmt":"2019-07-01T05:06:18","guid":{"rendered":"https:\/\/www.franceabris.com\/BLOG\/?p=10250"},"modified":"2019-06-01T10:17:08","modified_gmt":"2019-06-01T09:17:08","slug":"pour-cultiver-un-potager-il-faut-investir-dans-un-cabanon-dappoint-en-resine","status":"publish","type":"post","link":"https:\/\/www.franceabris.com\/BLOG\/pour-cultiver-un-potager-il-faut-investir-dans-un-cabanon-dappoint-en-resine\/","title":{"rendered":"Pour cultiver un potager, il faut investir dans un cabanon d&rsquo;appoint en r\u00e9sine !"},"content":{"rendered":"<p style=\"text-align: justify;\">Ah, les abris de jardin en r\u00e9sine PVC ! <strong>S&rsquo;il existe une repr\u00e9sentation moderne du petit cabanon de rangement,<\/strong> gageons qu&rsquo;il s&rsquo;agit de celle-ci : la maisonnette color\u00e9e en PVC qu&rsquo;on installe pr\u00e8s de son potager, en appentis contre la maison ou au milieu d&rsquo;un petit bosquet. Non seulement s&rsquo;agit-il d&rsquo;un menu ajout bien pratique au quotidien, mais c&rsquo;est en plus souvent un atout esth\u00e9tique&#8230;<\/p>\n<p style=\"text-align: justify;\">Car les mod\u00e8les de kits en r\u00e9sine qui sont propos\u00e9s aujourd&rsquo;hui, notamment dans le catalogue de FRANCE ABRIS, sont de plus en plus s\u00e9duisants. C&rsquo;est l&rsquo;int\u00e9r\u00eat des mat\u00e9riaux de synth\u00e8se : ils progressent g\u00e9n\u00e9ralement avec le temps et les \u00e9volutions techniques et technologiques. <strong>D&rsquo;o\u00f9 des cabanes de stockage de plus en plus r\u00e9sistantes et qualitatives.<\/strong><\/p>\n<p style=\"text-align: justify;\">Nos clients s&rsquo;en rendent compte : la preuve en un t\u00e9moignage.<\/p>\n<p style=\"text-align: justify;\"><strong>&#8211;<\/strong> <span style=\"color: #ff9900;\"><a style=\"color: #ff9900;\" href=\"https:\/\/www.franceabris.com\/12-abri-jardin-pvc\" target=\"_blank\" rel=\"noopener noreferrer\">Les abris de jardin en r\u00e9sine PVC sont r\u00e9f\u00e9renc\u00e9s sur FRANCE ABRIS.<\/a><\/span><\/p>\n<h2 style=\"text-align: justify;\">Pas de potager sans mon cabanon PVC !<\/h2>\n<p style=\"text-align: justify;\"><em>\u00ab\u00a0Lorsqu&rsquo;on commence \u00e0 faire un peu de culture, ce qui est mon cas, on peut difficilement se passer d&rsquo;un cabanon\u00a0\u00bb<\/em>, nous confiait derni\u00e8rement Thierry, qui a fait l&rsquo;acquisition d&rsquo;un abri pour son potager. <strong>Un t\u00e9moignage qui concorde avec ceux de tous les acheteurs d&rsquo;abris qui s&rsquo;en servent pour jardiner chez eux,<\/strong> cultiver des l\u00e9gumes&#8230;<\/p>\n<h3 style=\"text-align: justify;\">Garder ses outils de jardinage \u00e0 proximit\u00e9 : tout l&rsquo;int\u00e9r\u00eat de l&rsquo;abri de jardin<\/h3>\n<blockquote><p>\u00ab\u00a0C&rsquo;est bien simple : le potager n&rsquo;est pas toujours juste \u00e0 c\u00f4t\u00e9 de la maison et il est forc\u00e9ment plus pratique d&rsquo;avoir ses outils, ses graines, son engrais \u00e0 port\u00e9e de main.<strong> D&rsquo;o\u00f9 l&rsquo;installation d&rsquo;une cabane au plus pr\u00e8s du potager<\/strong> plut\u00f4t que le stockage de tout ce mat\u00e9riel dans le garage, un peu plus loin.\u00a0\u00bb<\/p><\/blockquote>\n<figure id=\"attachment_10253\" aria-describedby=\"caption-attachment-10253\" style=\"width: 583px\" class=\"wp-caption aligncenter\"><a href=\"https:\/\/www.franceabris.com\/12-abri-jardin-pvc\"><img decoding=\"async\" loading=\"lazy\" class=\"wp-image-10253 size-large\" style=\"border: 1px solid #000000;\" src=\"https:\/\/www.franceabris.com\/BLOG\/wp-content\/uploads\/2019\/05\/20190516_165124-583x437.jpeg\" alt=\"Cabane de rangement en r\u00e9sine\" width=\"583\" height=\"437\" srcset=\"https:\/\/www.franceabris.com\/BLOG\/wp-content\/uploads\/2019\/05\/20190516_165124-583x437.jpeg 583w, https:\/\/www.franceabris.com\/BLOG\/wp-content\/uploads\/2019\/05\/20190516_165124-131x98.jpeg 131w, https:\/\/www.franceabris.com\/BLOG\/wp-content\/uploads\/2019\/05\/20190516_165124-320x240.jpeg 320w, https:\/\/www.franceabris.com\/BLOG\/wp-content\/uploads\/2019\/05\/20190516_165124-768x576.jpeg 768w, https:\/\/www.franceabris.com\/BLOG\/wp-content\/uploads\/2019\/05\/20190516_165124.jpeg 1280w\" sizes=\"(max-width: 583px) 100vw, 583px\" \/><\/a><figcaption id=\"caption-attachment-10253\" class=\"wp-caption-text\">Thierry a choisi un cabanon en r\u00e9sine de petite taille pour faciliter son jardinage.<\/figcaption><\/figure>\n<h3 style=\"text-align: justify;\">Un cabanon de petite taille pour s&rsquo;\u00e9viter des d\u00e9marches administratives<\/h3>\n<p style=\"text-align: justify;\"><strong>En r\u00e9sulte l&rsquo;achat d&rsquo;un abri en r\u00e9sine PVC, couvrant une petite surface.<\/strong> <em>\u00ab\u00a0Je ne voulais pas d&rsquo;un cabanon trop imposant\u00a0\u00bb<\/em>, continue Thierry. <em>\u00ab\u00a0En-dessous de 5 m\u00b2 de surface, on n&rsquo;a g\u00e9n\u00e9ralement pas besoin d&rsquo;autorisation d&rsquo;urbanisme, ni permis, ni d\u00e9claration de travail.\u00a0\u00bb<\/em> C&rsquo;est bien pour cette raison que les amateurs de cultures et de potagers visent des structures de petite taille. Z\u00e9ro tracas, comme dirait l&rsquo;autre !<\/p>\n<h2 style=\"text-align: justify;\">La r\u00e9sine PVC, pl\u00e9biscit\u00e9e pour les abris potagers<\/h2>\n<p style=\"text-align: justify;\"><strong>La question qu&rsquo;on pourrait poser \u00e0 Thierry, c&rsquo;est pourquoi avoir choisi la r\u00e9sine PVC&#8230;<\/strong> Car les abris de jardin se d\u00e9clinent dans bien des mat\u00e9riaux : des panneaux de bois naturels qui offrent une belle silhouette aux kits de notre catalogue et sont particuli\u00e8rement customisables ; des structures en acier galvanis\u00e9 increvables, dont les garanties courent sur des dizaines d&rsquo;ann\u00e9es, qui ne craignent ni la corrosion, ni le passage des ans&#8230;<\/p>\n<figure id=\"attachment_10254\" aria-describedby=\"caption-attachment-10254\" style=\"width: 396px\" class=\"wp-caption aligncenter\"><a href=\"https:\/\/www.franceabris.com\/12-abri-jardin-pvc\"><img decoding=\"async\" loading=\"lazy\" class=\"wp-image-10254 size-full\" style=\"border: 1px solid #000000;\" src=\"https:\/\/www.franceabris.com\/BLOG\/wp-content\/uploads\/2019\/05\/4254-cabanon-PVC.jpg\" alt=\"abri en r\u00e9sine pour le potager\" width=\"396\" height=\"290\" srcset=\"https:\/\/www.franceabris.com\/BLOG\/wp-content\/uploads\/2019\/05\/4254-cabanon-PVC.jpg 396w, https:\/\/www.franceabris.com\/BLOG\/wp-content\/uploads\/2019\/05\/4254-cabanon-PVC-134x98.jpg 134w, https:\/\/www.franceabris.com\/BLOG\/wp-content\/uploads\/2019\/05\/4254-cabanon-PVC-328x240.jpg 328w\" sizes=\"(max-width: 396px) 100vw, 396px\" \/><\/a><figcaption id=\"caption-attachment-10254\" class=\"wp-caption-text\">Cet abri de jardin en PVC est disponible sous la r\u00e9f\u00e9rence ID4254 sur FRANCE ABRIS.<\/figcaption><\/figure>\n<h3 style=\"text-align: justify;\">Pas de soucis avec la r\u00e9sine, l&rsquo;amie des abris !<\/h3>\n<p style=\"text-align: justify;\">Oui, mais la r\u00e9sine PVC reste, peut-\u00eatre, le mat\u00e9riau le plus polyvalent. Facile \u00e0 installer, de prix pouvant \u00eatre plus que mod\u00e9r\u00e9&#8230; <strong>Les kits en r\u00e9sine se g\u00e2tent g\u00e9n\u00e9ralement un peu avec le passage des ans, mais ne risquent rien qu&rsquo;il pleuve, neige, vente ou gr\u00eale.<\/strong> <em>\u00ab\u00a0C&rsquo;est rassurant\u00a0\u00bb<\/em>, confirme Thierry : <em>\u00ab\u00a0Ne pas avoir \u00e0 se soucier de son cabanon&#8230; Quelles que soient les conditions m\u00e9t\u00e9os, on sait qu&rsquo;il va \u00e0 peu pr\u00e8s tenir le coup, tout au plus \u00eatre un peu ab\u00eem\u00e9, mais rien de bien grave compar\u00e9 \u00e0 un bois ab\u00eem\u00e9 ou une structure m\u00e9tallique entam\u00e9e qui pourrait \u00eatre gagn\u00e9e par la corrosion.\u00a0\u00bb<\/em><\/p>\n<h3 style=\"text-align: justify;\">La cabane en r\u00e9sine, c&rsquo;est une chose ; mais pourquoi pas un abri en toile de tente ?<\/h3>\n<p style=\"text-align: justify;\">Enfin, quand on parle de cabanes en PVC, on peut certes \u00e9voquer les maisonnettes en r\u00e9sine bien pratiques,<strong> mais aussi les kits en toile de tente, des b\u00e2ches tendues PVC ou des abris souples.<\/strong> Ces derniers se montent et se d\u00e9montent facilement, s&rsquo;installent sur un sol meuble sans dalle b\u00e9ton&#8230; Evidemment, ce ne sont pas les abris les plus solides, mais ils constituent un espace de stockage bien pratique qu&rsquo;on utilise quand on en a besoin&#8230; avant de le ranger quand ce n&rsquo;est plus le cas. <em>\u00ab\u00a0Cela aurait pu m&rsquo;int\u00e9resser\u00a0\u00bb<\/em>, s&rsquo;amuse Thierry, <em>\u00ab\u00a0mais j&rsquo;avais de toute fa\u00e7on besoin d&rsquo;une cabane permanente !\u00a0\u00bb<\/em><\/p>\n<figure id=\"attachment_10256\" aria-describedby=\"caption-attachment-10256\" style=\"width: 396px\" class=\"wp-caption aligncenter\"><a href=\"https:\/\/www.franceabris.com\/12-abri-jardin-pvc\"><img decoding=\"async\" loading=\"lazy\" class=\"wp-image-10256 size-full\" style=\"border: 1px solid #000000;\" src=\"https:\/\/www.franceabris.com\/BLOG\/wp-content\/uploads\/2019\/05\/3136-abri-PVC-petite-taille.jpg\" alt=\"tente de stockage en PVC\" width=\"396\" height=\"290\" srcset=\"https:\/\/www.franceabris.com\/BLOG\/wp-content\/uploads\/2019\/05\/3136-abri-PVC-petite-taille.jpg 396w, https:\/\/www.franceabris.com\/BLOG\/wp-content\/uploads\/2019\/05\/3136-abri-PVC-petite-taille-134x98.jpg 134w, https:\/\/www.franceabris.com\/BLOG\/wp-content\/uploads\/2019\/05\/3136-abri-PVC-petite-taille-328x240.jpg 328w\" sizes=\"(max-width: 396px) 100vw, 396px\" \/><\/a><figcaption id=\"caption-attachment-10256\" class=\"wp-caption-text\">Et pourquoi pas un abri toile de tente, comme ce kit disponible sous la r\u00e9f\u00e9rence ID3136 sur FRANCE ABRIS !<\/figcaption><\/figure>\n","protected":false},"excerpt":{"rendered":"<p>Ah, les abris de jardin en r\u00e9sine PVC ! S&rsquo;il existe une repr\u00e9sentation moderne du petit cabanon de rangement, gageons qu&rsquo;il s&rsquo;agit de celle-ci : la maisonnette color\u00e9e en PVC qu&rsquo;on installe pr\u00e8s de son potager, en appentis contre la maison ou au milieu d&rsquo;un petit bosquet. Non seulement s&rsquo;agit-il d&rsquo;un menu ajout bien pratique &hellip; <a href=\"https:\/\/www.franceabris.com\/BLOG\/pour-cultiver-un-potager-il-faut-investir-dans-un-cabanon-dappoint-en-resine\/\" class=\"more-link\">Continuer la lecture de <span class=\"screen-reader-text\">Pour cultiver un potager, il faut investir dans un cabanon d&rsquo;appoint en r\u00e9sine !<\/span><\/a><\/p>\n","protected":false},"author":2,"featured_media":10255,"comment_status":"closed","ping_status":"closed","sticky":false,"template":"","format":"standard","meta":[],"categories":[3],"tags":[],"_links":{"self":[{"href":"https:\/\/www.franceabris.com\/BLOG\/wp-json\/wp\/v2\/posts\/10250"}],"collection":[{"href":"https:\/\/www.franceabris.com\/BLOG\/wp-json\/wp\/v2\/posts"}],"about":[{"href":"https:\/\/www.franceabris.com\/BLOG\/wp-json\/wp\/v2\/types\/post"}],"author":[{"embeddable":true,"href":"https:\/\/www.franceabris.com\/BLOG\/wp-json\/wp\/v2\/users\/2"}],"replies":[{"embeddable":true,"href":"https:\/\/www.franceabris.com\/BLOG\/wp-json\/wp\/v2\/comments?post=10250"}],"version-history":[{"count":0,"href":"https:\/\/www.franceabris.com\/BLOG\/wp-json\/wp\/v2\/posts\/10250\/revisions"}],"wp:featuredmedia":[{"embeddable":true,"href":"https:\/\/www.franceabris.com\/BLOG\/wp-json\/wp\/v2\/media\/10255"}],"wp:attachment":[{"href":"https:\/\/www.franceabris.com\/BLOG\/wp-json\/wp\/v2\/media?parent=10250"}],"wp:term":[{"taxonomy":"category","embeddable":true,"href":"https:\/\/www.franceabris.com\/BLOG\/wp-json\/wp\/v2\/categories?post=10250"},{"taxonomy":"post_tag","embeddable":true,"href":"https:\/\/www.franceabris.com\/BLOG\/wp-json\/wp\/v2\/tags?post=10250"}],"curies":[{"name":"wp","href":"https:\/\/api.w.org\/{rel}","templated":true}]}}