{"id":10294,"date":"2019-06-29T06:06:33","date_gmt":"2019-06-29T05:06:33","guid":{"rendered":"https:\/\/www.franceabris.com\/BLOG\/?p=10294"},"modified":"2019-06-06T14:07:25","modified_gmt":"2019-06-06T13:07:25","slug":"lete-ils-sont-indispensables-dans-votre-jardin-abri-terrasse-abri-de-jardin-cabane","status":"publish","type":"post","link":"https:\/\/www.franceabris.com\/BLOG\/lete-ils-sont-indispensables-dans-votre-jardin-abri-terrasse-abri-de-jardin-cabane\/","title":{"rendered":"L&rsquo;\u00e9t\u00e9, ils sont indispensables dans votre jardin !"},"content":{"rendered":"<p style=\"text-align: justify;\"><strong>Vous vous \u00eates peut-\u00eatre d\u00e9j\u00e0 demand\u00e9 ce qui est indispensable pour profiter au mieux de son jardin ?<\/strong> Pour en exploiter le potentiel maximal ? FRANCE ABRIS s&rsquo;est pench\u00e9 sur la question et vous propose trois pistes.<\/p>\n<p style=\"text-align: justify;\"><strong>Trois pistes pour faire de son jardin un espace o\u00f9<\/strong> : l&rsquo;on peut savourer un verre ou un barbec en ext\u00e9rieur ; les enfants &#8211; les v\u00f4tres ou ceux des amis &#8211; peuvent s&rsquo;amuser sans transformer votre ext\u00e9rieur en champ de ruine ; vous gagnez un peu de place suppl\u00e9mentaire par rapport \u00e0 l&rsquo;espace contraint et limit\u00e9 de votre maison.<\/p>\n<p style=\"text-align: justify;\">Vous voulez quelques explications ? Suivez le guide !<\/p>\n<p style=\"text-align: justify;\"><strong>&#8211;<\/strong> <span style=\"color: #ff9900;\"><a style=\"color: #ff9900;\" href=\"https:\/\/www.franceabris.com\/13-abri-terrasse\" target=\"_blank\" rel=\"noopener noreferrer\">D\u00e9couvrez tous les abris terrasse disponibles dans le catalogue FRANCE ABRIS !<\/a><\/span><\/p>\n<h2 style=\"text-align: justify;\">Couvrir sa terrasse pour am\u00e9nager un salon d&rsquo;ext\u00e9rieur<\/h2>\n<p style=\"text-align: justify;\">Le constat de d\u00e9part est simple : on attend souvent l&rsquo;\u00e9t\u00e9 pour une chose&#8230; <strong>sortir ses chaises de jardin, ses bains de soleil et sa table d&rsquo;ext\u00e9rieur<\/strong> pour profiter du beau temps et de la douceur de la m\u00e9t\u00e9o ! Il faut dire que rien n&rsquo;est tellement plus agr\u00e9able l&rsquo;\u00e9t\u00e9 que de d\u00e9jeuner entre amis \u00e0 l&rsquo;abri d&rsquo;un parasol ou de bronzer tranquillement sur sa terrasse.<\/p>\n<h3>Un abri terrasse en alu, en acier ou en bois ?<\/h3>\n<p style=\"text-align: justify;\">Pour pouvoir s&rsquo;adonner \u00e0 cette (tr\u00e8s) saine activit\u00e9, <strong>FRANCE ABRIS n&rsquo;a qu&rsquo;un conseil : installez un abri terrasse !<\/strong> Une structure adoss\u00e9e \u00e0 la fa\u00e7ade de la maison qui recouvrira votre dallage ou vos lames composite et offrira un peu d&rsquo;ombre. Car, pour un d\u00e9jeuner ou un ap\u00e9ro, mieux vaut avoir un toit \u00e0 disposition. Que ce soit pour se pr\u00e9server des rayons UV quand on le souhaite ou d&rsquo;une averse qu&rsquo;on n&rsquo;aurait pas pr\u00e9vue&#8230;<\/p>\n<figure id=\"attachment_5536\" aria-describedby=\"caption-attachment-5536\" style=\"width: 607px\" class=\"wp-caption aligncenter\"><a href=\"https:\/\/www.franceabris.com\/13-abri-terrasse\"><img decoding=\"async\" loading=\"lazy\" class=\"wp-image-5536 size-large\" style=\"border: 1px solid #000000;\" src=\"https:\/\/www.franceabris.com\/BLOG\/wp-content\/uploads\/2015\/09\/ABRI-TERR-04-copie-607x420.jpg\" alt=\"Un abri design pour accompagner les soir\u00e9es d'\u00e9t\u00e9\" width=\"607\" height=\"420\" srcset=\"https:\/\/www.franceabris.com\/BLOG\/wp-content\/uploads\/2015\/09\/ABRI-TERR-04-copie-607x420.jpg 607w, https:\/\/www.franceabris.com\/BLOG\/wp-content\/uploads\/2015\/09\/ABRI-TERR-04-copie-142x98.jpg 142w, https:\/\/www.franceabris.com\/BLOG\/wp-content\/uploads\/2015\/09\/ABRI-TERR-04-copie-347x240.jpg 347w, https:\/\/www.franceabris.com\/BLOG\/wp-content\/uploads\/2015\/09\/ABRI-TERR-04-copie-624x432.jpg 624w, https:\/\/www.franceabris.com\/BLOG\/wp-content\/uploads\/2015\/09\/ABRI-TERR-04-copie.jpg 1200w\" sizes=\"(max-width: 607px) 100vw, 607px\" \/><\/a><figcaption id=\"caption-attachment-5536\" class=\"wp-caption-text\">Cet abri terrasse alu est disponible sous la r\u00e9f\u00e9rence ID2493 sur FRANCE ABRIS.<\/figcaption><\/figure>\n<p style=\"text-align: justify;\">Pensez-y ! Sur FRANCE ABRIS, <span style=\"color: #ff9900;\"><a style=\"color: #ff9900;\" href=\"https:\/\/www.franceabris.com\/13-abri-terrasse\" target=\"_blank\" rel=\"noopener noreferrer\">ces toits terrasse se d\u00e9clinent dans des kits en bois, mais aussi en acier ou en alu<\/a><\/span> !<\/p>\n<h2 style=\"text-align: justify;\">Am\u00e9nager une aire de jeu pour les enfants<\/h2>\n<p style=\"text-align: justify;\">On le sait, les enfants sont FOR-MI-DABLES ! Mais ils ont quand m\u00eame une dr\u00f4le de tendance \u00e0 drainer une forme de d\u00e9sordre incontr\u00f4l\u00e9 dans le jardin. Des jeux qui tra\u00eenent \u00e0 droite, \u00e0 gauche, des v\u00e9los laiss\u00e9s dans la pelouse, des ballons en nombre suffisant pour ouvrir un magasin sp\u00e9cialis\u00e9&#8230;<strong> Pour vous \u00e9lever contre ce fl\u00e9au, il y a plusieurs solutions.<\/strong><\/p>\n<h3>La cabane de jeu en bois ou en r\u00e9sine PVC<\/h3>\n<p style=\"text-align: justify;\">La premi\u00e8re, on l&rsquo;\u00e9voquera dans le paragraphe ci-dessous, consiste \u00e0 installer un abri de jardin. Un abri qui, n\u00e9anmoins, ne rangera pas de lui-m\u00eame le bazar mis par vos jolies t\u00eates blondes (il vous faudra mettre la main \u00e0 la p\u00e2te). L&rsquo;autre possibilit\u00e9, c&rsquo;est de d\u00e9tourner l&rsquo;attention de vos enfants&#8230; <strong>En leur proposant, par exemple, une cabane de jeu !<\/strong> <span style=\"color: #ff9900;\"><a style=\"color: #ff9900;\" href=\"https:\/\/www.franceabris.com\/12-abri-jardin-pvc\" target=\"_blank\" rel=\"noopener noreferrer\">Un petit cabanon en bois ou en r\u00e9sine PVC<\/a><\/span>, qui leur serve de terrain de jeu et qui soit, en quelque sorte, LA zone d&rsquo;amusement du jardin.<\/p>\n<figure id=\"attachment_10296\" aria-describedby=\"caption-attachment-10296\" style=\"width: 396px\" class=\"wp-caption aligncenter\"><a href=\"https:\/\/www.franceabris.com\/10-abri-jardin\" rel=\"attachment wp-att-10296\"><img decoding=\"async\" loading=\"lazy\" class=\"wp-image-10296 size-full\" style=\"border: 1px solid #000000;\" src=\"https:\/\/www.franceabris.com\/BLOG\/wp-content\/uploads\/2019\/06\/3093-cabanon-bois.jpg\" alt=\"cabane de jeu en bois\" width=\"396\" height=\"290\" srcset=\"https:\/\/www.franceabris.com\/BLOG\/wp-content\/uploads\/2019\/06\/3093-cabanon-bois.jpg 396w, https:\/\/www.franceabris.com\/BLOG\/wp-content\/uploads\/2019\/06\/3093-cabanon-bois-134x98.jpg 134w, https:\/\/www.franceabris.com\/BLOG\/wp-content\/uploads\/2019\/06\/3093-cabanon-bois-328x240.jpg 328w\" sizes=\"(max-width: 396px) 100vw, 396px\" \/><\/a><figcaption id=\"caption-attachment-10296\" class=\"wp-caption-text\">Ce cabanon en bois est disponible sous la r\u00e9f\u00e9rence ID3093 sur FRANCE ABRIS.<\/figcaption><\/figure>\n<p style=\"text-align: justify;\">Un moyen de circonscrire le capharna\u00fcm dans un endroit pr\u00e9cis que vous aurez choisi&#8230; Autant que faire se peut !<\/p>\n<h2 style=\"text-align: justify;\">Faire du rangement gr\u00e2ce \u00e0 un petit abri en kit<\/h2>\n<p style=\"text-align: justify;\">Dernier \u00e9l\u00e9ment important <span style=\"color: #ff9900;\"><a style=\"color: #ff9900;\" href=\"https:\/\/www.franceabris.com\/10-abri-jardin\" target=\"_blank\" rel=\"noopener noreferrer\">pour optimiser votre jardin l&rsquo;\u00e9t\u00e9 venu : l&rsquo;abri de jardin.<\/a><\/span> Et oui, on pr\u00eache pour notre paroisse, <strong>mais l&rsquo;installation d&rsquo;un cabanon de rangement dans votre ext\u00e9rieur<\/strong> est un atout consid\u00e9rable. Pour la raison pr\u00e9c\u00e9dente, bien entendu, puisque ce cabanon vous permettra de ranger les jeux de vos enfants, mais aussi ceux de la piscine si vous en avez une.<\/p>\n<h3>Un cabanon en kit pour ranger vos meubles en PVC&#8230; et beaucoup plus encore !<\/h3>\n<p style=\"text-align: justify;\">Mais <strong>la cabane de stockage va \u00e9galement vous permettre d&rsquo;entreposer tout votre mobilier de jardin<\/strong> : vos chaises en r\u00e9sine, vos bains de soleil en poly\u00e9thyl\u00e8ne, votre table en PVC ou en fer forg\u00e9&#8230; Sans parler des outils de jardinage, de la tondeuse au s\u00e9cateur. Et de tous vos produits d&rsquo;entretien au cas o\u00f9 vous auriez le plaisir d&rsquo;avoir un petit potager&#8230;<\/p>\n<figure id=\"attachment_10183\" aria-describedby=\"caption-attachment-10183\" style=\"width: 396px\" class=\"wp-caption aligncenter\"><a href=\"https:\/\/www.franceabris.com\/10-abri-jardin\" rel=\"attachment wp-att-10183\"><img decoding=\"async\" loading=\"lazy\" class=\"wp-image-10183 size-full\" style=\"border: 1px solid #000000;\" src=\"https:\/\/www.franceabris.com\/BLOG\/wp-content\/uploads\/2019\/05\/2404-d\u00e9clinaison-couleur-de-labri.jpg\" alt=\"abri bois en kit\" width=\"396\" height=\"290\" srcset=\"https:\/\/www.franceabris.com\/BLOG\/wp-content\/uploads\/2019\/05\/2404-d\u00e9clinaison-couleur-de-labri.jpg 396w, https:\/\/www.franceabris.com\/BLOG\/wp-content\/uploads\/2019\/05\/2404-d\u00e9clinaison-couleur-de-labri-134x98.jpg 134w, https:\/\/www.franceabris.com\/BLOG\/wp-content\/uploads\/2019\/05\/2404-d\u00e9clinaison-couleur-de-labri-328x240.jpg 328w\" sizes=\"(max-width: 396px) 100vw, 396px\" \/><\/a><figcaption id=\"caption-attachment-10183\" class=\"wp-caption-text\">Un abri de jardin en kit disponible sous la r\u00e9f\u00e9rence ID2404 sur FRANCE ABRIS.<\/figcaption><\/figure>\n<p style=\"text-align: justify;\">Ranger son jardin avec un cabanon PVC, alu ou bois, c&rsquo;est aussi un peu plus en profiter !<\/p>\n","protected":false},"excerpt":{"rendered":"<p>Vous vous \u00eates peut-\u00eatre d\u00e9j\u00e0 demand\u00e9 ce qui est indispensable pour profiter au mieux de son jardin ? Pour en exploiter le potentiel maximal ? FRANCE ABRIS s&rsquo;est pench\u00e9 sur la question et vous propose trois pistes. Trois pistes pour faire de son jardin un espace o\u00f9 : l&rsquo;on peut savourer un verre ou un &hellip; <a href=\"https:\/\/www.franceabris.com\/BLOG\/lete-ils-sont-indispensables-dans-votre-jardin-abri-terrasse-abri-de-jardin-cabane\/\" class=\"more-link\">Continuer la lecture de <span class=\"screen-reader-text\">L&rsquo;\u00e9t\u00e9, ils sont indispensables dans votre jardin !<\/span><\/a><\/p>\n","protected":false},"author":2,"featured_media":10295,"comment_status":"closed","ping_status":"closed","sticky":false,"template":"","format":"standard","meta":[],"categories":[3],"tags":[],"_links":{"self":[{"href":"https:\/\/www.franceabris.com\/BLOG\/wp-json\/wp\/v2\/posts\/10294"}],"collection":[{"href":"https:\/\/www.franceabris.com\/BLOG\/wp-json\/wp\/v2\/posts"}],"about":[{"href":"https:\/\/www.franceabris.com\/BLOG\/wp-json\/wp\/v2\/types\/post"}],"author":[{"embeddable":true,"href":"https:\/\/www.franceabris.com\/BLOG\/wp-json\/wp\/v2\/users\/2"}],"replies":[{"embeddable":true,"href":"https:\/\/www.franceabris.com\/BLOG\/wp-json\/wp\/v2\/comments?post=10294"}],"version-history":[{"count":0,"href":"https:\/\/www.franceabris.com\/BLOG\/wp-json\/wp\/v2\/posts\/10294\/revisions"}],"wp:featuredmedia":[{"embeddable":true,"href":"https:\/\/www.franceabris.com\/BLOG\/wp-json\/wp\/v2\/media\/10295"}],"wp:attachment":[{"href":"https:\/\/www.franceabris.com\/BLOG\/wp-json\/wp\/v2\/media?parent=10294"}],"wp:term":[{"taxonomy":"category","embeddable":true,"href":"https:\/\/www.franceabris.com\/BLOG\/wp-json\/wp\/v2\/categories?post=10294"},{"taxonomy":"post_tag","embeddable":true,"href":"https:\/\/www.franceabris.com\/BLOG\/wp-json\/wp\/v2\/tags?post=10294"}],"curies":[{"name":"wp","href":"https:\/\/api.w.org\/{rel}","templated":true}]}}