{"id":10614,"date":"2019-11-01T06:06:26","date_gmt":"2019-11-01T05:06:26","guid":{"rendered":"https:\/\/www.franceabris.com\/BLOG\/?p=10614"},"modified":"2019-09-12T10:29:11","modified_gmt":"2019-09-12T09:29:11","slug":"camping-car-cherche-carport-adapte","status":"publish","type":"post","link":"https:\/\/www.franceabris.com\/BLOG\/camping-car-cherche-carport-adapte\/","title":{"rendered":"Camping-car cherche carport adapt\u00e9 !"},"content":{"rendered":"<p style=\"text-align: justify;\">L&rsquo;hiver approche et, avec lui, la grisaille, la pluie, la neige&#8230; Bref, les intemp\u00e9ries ! Alors, forc\u00e9ment, <strong>quand on est un camping-cariste convaincu, on doit anticiper et penser \u00e0 prot\u00e9ger son porteur.<\/strong> Si certains privil\u00e9gient les solutions traditionnelles de gardiennage, d&rsquo;autres, de plus en plus nombreux, choisissent de rester ind\u00e9pendants et de pr\u00e9server, par eux-m\u00eames, leur v\u00e9hicule de loisir des agressions ext\u00e9rieures.<\/p>\n<p style=\"text-align: justify;\"><strong>Comment ? En investissant dans un abri camping-car \u00e0 installer dans son jardin.<\/strong><\/p>\n<p style=\"text-align: justify;\">C&rsquo;est le cas de ce client qui a pr\u00e9f\u00e9r\u00e9 s&rsquo;\u00e9pargner les habituels frais pour l&rsquo;hivernage de son v\u00e9hicule en faisant l&rsquo;acquisition d&rsquo;un kit pratique, r\u00e9sistant et durable. <strong>Un achat qu&rsquo;il est s\u00fbr d&rsquo;amortir dans le temps et qui va abriter son camping-car tout l&rsquo;hiver.<\/strong> Si l&rsquo;on conseille souvent d&rsquo;opter pour une solution de stationnement ferm\u00e9e, le choix du carport fait tout de m\u00eame largement l&rsquo;affaire&#8230; Explications.<\/p>\n<h2 style=\"text-align: justify;\">Le kit choisi : un carport camping-car en acier galvanis\u00e9 et gain\u00e9 PVC<\/h2>\n<p style=\"text-align: justify;\">R\u00e9sistance. Durabilit\u00e9. Ces deux crit\u00e8res \u00e9taient essentiels pour notre client. Forc\u00e9ment, s&rsquo;il acquiert un carport camping-car, c&rsquo;est, certes, pour garder \u00e0 port\u00e9e de main son v\u00e9hicule, mais aussi pour se soulager des d\u00e9penses toujours trop \u00e9lev\u00e9es en mati\u00e8re de gardiennage et d&rsquo;hivernage&#8230; <strong>Il a donc opt\u00e9 pour un kit m\u00e9tallique, en acier galvanis\u00e9 plastifi\u00e9,<\/strong> qui devrait survivre sans probl\u00e8me au passage des ann\u00e9es&#8230; En assurant une protection optimale !<\/p>\n<h3>L&rsquo;acier galvanis\u00e9 permet \u00e0 l&rsquo;abri camping-car d&rsquo;avoir une belle dur\u00e9e de vie<\/h3>\n<p style=\"text-align: justify;\">Les structures en acier galvanis\u00e9 sont r\u00e9put\u00e9es pour leur bonne tenue dans des contextes m\u00e9t\u00e9orologiques difficiles. Seuls des chocs r\u00e9p\u00e9t\u00e9s entamant la couche de zinc peuvent inviter sournoisement la corrosion&#8230; Autant dire que si l&rsquo;on \u00e9vite de percuter les poteaux du carport, il n&rsquo;y a pas de raison que celui-ci ne dure pas ! Mieux, <strong>le carport choisi par notre client peut se targuer d&rsquo;une finition avec gainage PVC<\/strong> pour une r\u00e9sistance encore plus renforc\u00e9e.<\/p>\n<figure id=\"attachment_10616\" aria-describedby=\"caption-attachment-10616\" style=\"width: 607px\" class=\"wp-caption aligncenter\"><a href=\"https:\/\/www.franceabris.com\/55-abri-camping-car-metal\" rel=\"attachment wp-att-10616\"><img decoding=\"async\" loading=\"lazy\" class=\"wp-image-10616 size-large\" style=\"border: 1px solid #000000;\" src=\"https:\/\/www.franceabris.com\/BLOG\/wp-content\/uploads\/2019\/09\/4014-carport-v\u00e9hicule-de-loisir-607x405.jpeg\" alt=\"Abri camping-car m\u00e9tallique\" width=\"607\" height=\"405\" srcset=\"https:\/\/www.franceabris.com\/BLOG\/wp-content\/uploads\/2019\/09\/4014-carport-v\u00e9hicule-de-loisir-607x405.jpeg 607w, https:\/\/www.franceabris.com\/BLOG\/wp-content\/uploads\/2019\/09\/4014-carport-v\u00e9hicule-de-loisir-147x98.jpeg 147w, https:\/\/www.franceabris.com\/BLOG\/wp-content\/uploads\/2019\/09\/4014-carport-v\u00e9hicule-de-loisir-360x240.jpeg 360w, https:\/\/www.franceabris.com\/BLOG\/wp-content\/uploads\/2019\/09\/4014-carport-v\u00e9hicule-de-loisir.jpeg 640w\" sizes=\"(max-width: 607px) 100vw, 607px\" \/><\/a><figcaption id=\"caption-attachment-10616\" class=\"wp-caption-text\">Ce carport m\u00e9tallique pour camping-car est disponible sous la r\u00e9f\u00e9rence ID4014 sur France ABRIS.<\/figcaption><\/figure>\n<h3>La couverture du kit ? En bac acier !<\/h3>\n<p style=\"text-align: justify;\"><strong>La couverture en bac acier nervur\u00e9 est un classique du carport camping-car.<\/strong> Avec ses goutti\u00e8res en option et sa forme en l\u00e9g\u00e8re demi-lune, elle facilite l&rsquo;\u00e9coulement des eaux, comme l&rsquo;\u00e9vacuation des salet\u00e9s. L\u00e0 encore, les mat\u00e9riaux font partie de la cat\u00e9gorie des increvables&#8230; Tout, dans ce kit sp\u00e9cialis\u00e9, est con\u00e7u pour : 1\/ la dur\u00e9e de vie ; 2\/ la protection du camping-car. Autant dire que le client a trouv\u00e9 le carport id\u00e9al pour son porteur !<\/p>\n<h2 style=\"text-align: justify;\">Un investissement logique pour un camping-cariste passionn\u00e9<\/h2>\n<p style=\"text-align: justify;\"><strong>Son carport camping-car, il l&rsquo;a install\u00e9 chez lui, dans son jardin, pas loin d&rsquo;un acc\u00e8s par portail.<\/strong> L&rsquo;objectif : marier la protection quotidienne du v\u00e9hicule \u00e0 des aspects purement pratiques (faciliter les d\u00e9placements et le stationnement, \u00e9viter d&rsquo;encombrer les abords imm\u00e9diats de la maison&#8230;). La dalle b\u00e9ton d\u00e9j\u00e0 existante permet d&rsquo;\u00e9viter les d\u00e9sagr\u00e9ments au sol en cas de fortes pluies, mais l&rsquo;abri lui-m\u00eame est juch\u00e9 sur des plots, afin de s&rsquo;adapter aux dimensions.<\/p>\n<figure id=\"attachment_10615\" aria-describedby=\"caption-attachment-10615\" style=\"width: 396px\" class=\"wp-caption aligncenter\"><a href=\"https:\/\/www.franceabris.com\/55-abri-camping-car-metal\" rel=\"attachment wp-att-10615\"><img decoding=\"async\" loading=\"lazy\" class=\"wp-image-10615 size-full\" style=\"border: 1px solid #000000;\" src=\"https:\/\/www.franceabris.com\/BLOG\/wp-content\/uploads\/2019\/09\/4014-abri-camping-car-en-m\u00e9tal.jpg\" alt=\"carport pour camping-car loisir\" width=\"396\" height=\"290\" srcset=\"https:\/\/www.franceabris.com\/BLOG\/wp-content\/uploads\/2019\/09\/4014-abri-camping-car-en-m\u00e9tal.jpg 396w, https:\/\/www.franceabris.com\/BLOG\/wp-content\/uploads\/2019\/09\/4014-abri-camping-car-en-m\u00e9tal-134x98.jpg 134w, https:\/\/www.franceabris.com\/BLOG\/wp-content\/uploads\/2019\/09\/4014-abri-camping-car-en-m\u00e9tal-328x240.jpg 328w\" sizes=\"(max-width: 396px) 100vw, 396px\" \/><\/a><figcaption id=\"caption-attachment-10615\" class=\"wp-caption-text\">D\u00e9couvrez cet abri camping-car sous la r\u00e9f\u00e9rence ID4014 sur France ABRIS.<\/figcaption><\/figure>\n<h3>Les frais&#8230; mais aussi le confort d&rsquo;avoir son v\u00e9hicule de loisir \u00e0 domicile<\/h3>\n<p style=\"text-align: justify;\"><strong>Quand on lui demande pourquoi il s&rsquo;est enfin lanc\u00e9 dans l&rsquo;achat d&rsquo;un carport<\/strong> apr\u00e8s des ann\u00e9es pass\u00e9es \u00e0 faire confiance \u00e0 des soci\u00e9t\u00e9s priv\u00e9es, notre client le reconna\u00eet volontiers : c&rsquo;est une affaire de frais, mais aussi de confort. Le confort de garder pas loin de soi son petit bijou. De pouvoir l&rsquo;entretenir tout au long de l&rsquo;ann\u00e9e et d&rsquo;avoir un suivi pr\u00e9cis de toutes ses petites d\u00e9gradations. D&rsquo;avoir la possibilit\u00e9 de tracer la route d\u00e8s qu&rsquo;il le souhaite&#8230;<\/p>\n<h3>Un client heureux de son carport !<\/h3>\n<p style=\"text-align: justify;\">Le confort aussi de ne pas avoir \u00e0 prendre la voiture et \u00e0 s&rsquo;organiser en cons\u00e9quence pour aller chercher son porteur lorsqu&rsquo;il en a envie ! Et oui, certaines r\u00e9gions imposent de faire des bornes pour trouver une soci\u00e9t\u00e9 de gardiennage remplissant tous les crit\u00e8res de confiance et de s\u00e9rieux. <strong>Son carport camping-car, lui, au moins, est digne de toute confiance<\/strong>&#8230; et pour de tr\u00e8s, tr\u00e8s longues ann\u00e9es !<\/p>\n","protected":false},"excerpt":{"rendered":"<p>L&rsquo;hiver approche et, avec lui, la grisaille, la pluie, la neige&#8230; Bref, les intemp\u00e9ries ! Alors, forc\u00e9ment, quand on est un camping-cariste convaincu, on doit anticiper et penser \u00e0 prot\u00e9ger son porteur. Si certains privil\u00e9gient les solutions traditionnelles de gardiennage, d&rsquo;autres, de plus en plus nombreux, choisissent de rester ind\u00e9pendants et de pr\u00e9server, par eux-m\u00eames, &hellip; <a href=\"https:\/\/www.franceabris.com\/BLOG\/camping-car-cherche-carport-adapte\/\" class=\"more-link\">Continuer la lecture de <span class=\"screen-reader-text\">Camping-car cherche carport adapt\u00e9 !<\/span><\/a><\/p>\n","protected":false},"author":2,"featured_media":10098,"comment_status":"closed","ping_status":"closed","sticky":false,"template":"","format":"standard","meta":[],"categories":[2,3],"tags":[],"_links":{"self":[{"href":"https:\/\/www.franceabris.com\/BLOG\/wp-json\/wp\/v2\/posts\/10614"}],"collection":[{"href":"https:\/\/www.franceabris.com\/BLOG\/wp-json\/wp\/v2\/posts"}],"about":[{"href":"https:\/\/www.franceabris.com\/BLOG\/wp-json\/wp\/v2\/types\/post"}],"author":[{"embeddable":true,"href":"https:\/\/www.franceabris.com\/BLOG\/wp-json\/wp\/v2\/users\/2"}],"replies":[{"embeddable":true,"href":"https:\/\/www.franceabris.com\/BLOG\/wp-json\/wp\/v2\/comments?post=10614"}],"version-history":[{"count":0,"href":"https:\/\/www.franceabris.com\/BLOG\/wp-json\/wp\/v2\/posts\/10614\/revisions"}],"wp:featuredmedia":[{"embeddable":true,"href":"https:\/\/www.franceabris.com\/BLOG\/wp-json\/wp\/v2\/media\/10098"}],"wp:attachment":[{"href":"https:\/\/www.franceabris.com\/BLOG\/wp-json\/wp\/v2\/media?parent=10614"}],"wp:term":[{"taxonomy":"category","embeddable":true,"href":"https:\/\/www.franceabris.com\/BLOG\/wp-json\/wp\/v2\/categories?post=10614"},{"taxonomy":"post_tag","embeddable":true,"href":"https:\/\/www.franceabris.com\/BLOG\/wp-json\/wp\/v2\/tags?post=10614"}],"curies":[{"name":"wp","href":"https:\/\/api.w.org\/{rel}","templated":true}]}}