{"id":10617,"date":"2020-01-12T06:06:20","date_gmt":"2020-01-12T05:06:20","guid":{"rendered":"https:\/\/www.franceabris.com\/BLOG\/?p=10617"},"modified":"2019-09-12T10:31:35","modified_gmt":"2019-09-12T09:31:35","slug":"les-atouts-du-sur-mesure-pour-un-carport-adaptable-et-flexible","status":"publish","type":"post","link":"https:\/\/www.franceabris.com\/BLOG\/les-atouts-du-sur-mesure-pour-un-carport-adaptable-et-flexible\/","title":{"rendered":"Les atouts du sur-mesure : pour un carport adaptable et flexible !"},"content":{"rendered":"<p style=\"text-align: justify;\">S&rsquo;il est un reproche qui peut \u00eatre fait aux abris en kit, c&rsquo;est le suivant :<strong> votre carport suit un mod\u00e8le standard<\/strong> et ne peut donc pas \u00eatre pr\u00e9cis\u00e9ment adapt\u00e9 \u00e0 votre situation. Le kit est bien pratique sous de tr\u00e8s nombreux aspects, offrant des tarifs de tout bords, des finitions vari\u00e9es et des montages parfois simplifi\u00e9s. Mais il est vrai que certains environnements r\u00e9clament des r\u00e9ponses particuli\u00e8res \u00e0 leurs probl\u00e9matiques.<\/p>\n<p style=\"text-align: justify;\">Et c&rsquo;est pour cette raison que <span style=\"color: #ff9900;\"><a style=\"color: #ff9900;\" href=\"https:\/\/www.franceabris.com\/82-carport-sur-mesure\" target=\"_blank\" rel=\"noopener noreferrer\">FRANCE ABRIS a d\u00e9velopp\u00e9 sa gamme de structures&#8230; sur-mesure<\/a><\/span>. <strong>Des carports que vous pouvez personnaliser avec notre \u00e9quipe commerciale<\/strong>, afin d&rsquo;en adapter la finition et les dimensions aux sp\u00e9cificit\u00e9s de votre situation. Un choix pl\u00e9biscit\u00e9 notamment par les professionnels, qui y voient, l\u00e0, l&rsquo;occasion de couvrir de fa\u00e7on pertinente et intelligente un parking de soci\u00e9t\u00e9, une zone de chargement-d\u00e9chargement, un espace de stockage&#8230;<\/p>\n<p style=\"text-align: justify;\">Analyse des avantages du sur-mesure lorsqu&rsquo;on cherche un abri voiture !<\/p>\n<h2 style=\"text-align: justify;\">1\/ Adapter son carport pour mieux l&rsquo;exploiter<\/h2>\n<p style=\"text-align: justify;\">Garder toute la polyvalence du carport en anticipant les potentielles utilisations \u00e0 venir. Une bonne mani\u00e8re de s&rsquo;\u00e9viter des frais ult\u00e9rieurs !<strong> C&rsquo;est effectivement l&rsquo;un des int\u00e9r\u00eats du carport sur-mesure.<\/strong> En visant assez large ou en optimisant les dimensions, vous gardez tout un tas de cartouches sous le coude. Pourquoi ? Peut-\u00eatre parce que vous avez besoin, \u00e0 l&rsquo;instant T, d&rsquo;un abri pour un utilitaire couvrant une quinzaine de m\u00e8tres carr\u00e9s. Mais que, demain, vous aurez \u00e0 stationner un engin de levage, un tracteur ou un semi-remorque r\u00e9clamant un peu de hauteur ?<\/p>\n<h3>Personnaliser un kit de carport par les dimensions<\/h3>\n<p style=\"text-align: justify;\"><strong>En faisant le choix du sur-mesure, vous pouvez personnaliser le kit initial de carport.<\/strong> Opter, par exemple, pour un abri de 5 m\u00e8tres de large pour 5 de profondeur &#8211; tandis que les formats traditionnels offrent des largeurs aux alentours de 3,5 m\u00e8tres&#8230; Tout en profitant d&rsquo;une hauteur utile plus importante que pour des abris voitures traditionnels (plus de trois m\u00e8tres ? et pourquoi pas !). Vous aurez plus d&rsquo;espace \u00e0 disposition&#8230; et plus de possibilit\u00e9s imm\u00e9diates, comme \u00e0 venir !<\/p>\n<figure id=\"attachment_10105\" aria-describedby=\"caption-attachment-10105\" style=\"width: 396px\" class=\"wp-caption aligncenter\"><a href=\"https:\/\/www.franceabris.com\/22-abri-voiture\" rel=\"attachment wp-att-10105\"><img decoding=\"async\" loading=\"lazy\" class=\"wp-image-10105 size-full\" style=\"border: 1px solid #000000;\" src=\"https:\/\/www.franceabris.com\/BLOG\/wp-content\/uploads\/2019\/04\/4009-toiture-dun-carport-m\u00e9tal-adapt\u00e9.jpg\" alt=\"abris voiture sur mesure\" width=\"396\" height=\"290\" srcset=\"https:\/\/www.franceabris.com\/BLOG\/wp-content\/uploads\/2019\/04\/4009-toiture-dun-carport-m\u00e9tal-adapt\u00e9.jpg 396w, https:\/\/www.franceabris.com\/BLOG\/wp-content\/uploads\/2019\/04\/4009-toiture-dun-carport-m\u00e9tal-adapt\u00e9-134x98.jpg 134w, https:\/\/www.franceabris.com\/BLOG\/wp-content\/uploads\/2019\/04\/4009-toiture-dun-carport-m\u00e9tal-adapt\u00e9-328x240.jpg 328w\" sizes=\"(max-width: 396px) 100vw, 396px\" \/><\/a><figcaption id=\"caption-attachment-10105\" class=\"wp-caption-text\">Ce mod\u00e8le de carport sur-mesure en m\u00e9tal est disponible sous la r\u00e9f\u00e9rence ID4009 sur FRANCE ABRIS.<\/figcaption><\/figure>\n<h2 style=\"text-align: justify;\">2\/ Optimiser l&rsquo;installation de votre abri voiture dans son environnement<\/h2>\n<p style=\"text-align: justify;\"><strong>C&rsquo;est l&rsquo;autre point tr\u00e8s utile et positif des abris sur-mesure<\/strong>. Lorsqu&rsquo;on est dans un environnement aux contraintes tr\u00e8s pr\u00e9cises, du fait d&rsquo;un terrain accident\u00e9, de la pr\u00e9sence d&rsquo;un b\u00e2timent&#8230; On a parfois besoin d&rsquo;ajuster les dimensions d&rsquo;un kit qui nous int\u00e9resserait. <span style=\"color: #ff9900;\"><a style=\"color: #ff9900;\" href=\"https:\/\/www.franceabris.com\/82-carport-sur-mesure\" target=\"_blank\" rel=\"noopener noreferrer\">Avec les carports sur-mesure<\/a><\/span>, c&rsquo;est \u00e9videmment chose possible. Les diff\u00e9rents mod\u00e8les pr\u00e9sent\u00e9s dans cette gamme s&rsquo;adaptent tous \u00e0 vos besoins.<\/p>\n<h3>Lorsque la maison ou le terrain l&rsquo;impose, le sur-mesure offre de nouvelles solutions d&rsquo;abri<\/h3>\n<p style=\"text-align: justify;\">Vous \u00eates un particulier et vous manquez de surface ? Vous souhaitez couvrir une partie d&rsquo;un espace entre votre maison et le mur du voisin ? Vous avez d\u00e9j\u00e0 une pile et souhaitez que votre carport ait un poteau qui prenne appui dessus ? <strong>Le choix du sur-mesure para\u00eet \u00e9videmment pertinent.<\/strong> Vous contournerez ces probl\u00e9matiques et profiterez, malgr\u00e9 elles, de l&rsquo;abri dont vous avez besoin. Le tout<span style=\"color: #ff9900;\"><a style=\"color: #ff9900;\" href=\"https:\/\/www.franceabris.com\/82-carport-sur-mesure\" target=\"_blank\" rel=\"noopener noreferrer\"> dans des finitions m\u00e9talliques<\/a><\/span>, mais <span style=\"color: #ff9900;\"><a style=\"color: #ff9900;\" href=\"https:\/\/www.franceabris.com\/23-carport-bois\" target=\"_blank\" rel=\"noopener noreferrer\">aussi bois<\/a><\/span> en fonction des qualit\u00e9s recherch\u00e9es !<\/p>\n<figure id=\"attachment_6198\" aria-describedby=\"caption-attachment-6198\" style=\"width: 335px\" class=\"wp-caption aligncenter\"><a href=\"https:\/\/www.franceabris.com\/82-carport-sur-mesure\" rel=\"attachment wp-att-6198\"><img decoding=\"async\" loading=\"lazy\" class=\"wp-image-6198 size-large\" style=\"border: 1px solid #000000;\" src=\"https:\/\/www.franceabris.com\/BLOG\/wp-content\/uploads\/2016\/02\/20151206_132814_resized-335x437.jpg\" alt=\"camping-car abri m\u00e9tal polycarbonate adoss\u00e9\" width=\"335\" height=\"437\" srcset=\"https:\/\/www.franceabris.com\/BLOG\/wp-content\/uploads\/2016\/02\/20151206_132814_resized-335x437.jpg 335w, https:\/\/www.franceabris.com\/BLOG\/wp-content\/uploads\/2016\/02\/20151206_132814_resized-75x98.jpg 75w, https:\/\/www.franceabris.com\/BLOG\/wp-content\/uploads\/2016\/02\/20151206_132814_resized-184x240.jpg 184w, https:\/\/www.franceabris.com\/BLOG\/wp-content\/uploads\/2016\/02\/20151206_132814_resized-624x814.jpg 624w, https:\/\/www.franceabris.com\/BLOG\/wp-content\/uploads\/2016\/02\/20151206_132814_resized.jpg 889w\" sizes=\"(max-width: 335px) 100vw, 335px\" \/><\/a><figcaption id=\"caption-attachment-6198\" class=\"wp-caption-text\">Les environnements n\u00e9cessitent parfois, par leurs sp\u00e9cificit\u00e9s, des r\u00e9ponses personnalis\u00e9es et adapt\u00e9es. C&rsquo;est possible avec le sur-mesure !<\/figcaption><\/figure>\n<h2 style=\"text-align: justify;\">Comment proc\u00e9der ?<\/h2>\n<p style=\"text-align: justify;\"><strong>Dans tous les cas, nous vous conseillons de prendre contact avec notre \u00e9quipe commerciale.<\/strong> L&rsquo;id\u00e9e : d\u00e9finir tr\u00e8s pr\u00e9cis\u00e9ment votre projet et vos priorit\u00e9s afin de vous orienter rapidement. <span style=\"color: #ff9900;\"><a style=\"color: #ff9900;\" href=\"https:\/\/www.franceabris.com\/22-abri-voiture\" target=\"_blank\" rel=\"noopener noreferrer\">Selon votre situation, le kit s&rsquo;av\u00e9rera peut-\u00eatre plus adapt\u00e9<\/a><\/span> et nos conseillers vous orienteront parmi les centaines de mod\u00e8les disponibles. A moins que le sur-mesure ne semble plus pertinent, auquel cas ils \u00e9laboreront avec vous un projet personnalis\u00e9 ! Le num\u00e9ro ? 09 72 16 47 82 !<\/p>\n","protected":false},"excerpt":{"rendered":"<p>S&rsquo;il est un reproche qui peut \u00eatre fait aux abris en kit, c&rsquo;est le suivant : votre carport suit un mod\u00e8le standard et ne peut donc pas \u00eatre pr\u00e9cis\u00e9ment adapt\u00e9 \u00e0 votre situation. Le kit est bien pratique sous de tr\u00e8s nombreux aspects, offrant des tarifs de tout bords, des finitions vari\u00e9es et des montages &hellip; <a href=\"https:\/\/www.franceabris.com\/BLOG\/les-atouts-du-sur-mesure-pour-un-carport-adaptable-et-flexible\/\" class=\"more-link\">Continuer la lecture de <span class=\"screen-reader-text\">Les atouts du sur-mesure : pour un carport adaptable et flexible !<\/span><\/a><\/p>\n","protected":false},"author":2,"featured_media":10618,"comment_status":"closed","ping_status":"closed","sticky":false,"template":"","format":"standard","meta":[],"categories":[3],"tags":[],"_links":{"self":[{"href":"https:\/\/www.franceabris.com\/BLOG\/wp-json\/wp\/v2\/posts\/10617"}],"collection":[{"href":"https:\/\/www.franceabris.com\/BLOG\/wp-json\/wp\/v2\/posts"}],"about":[{"href":"https:\/\/www.franceabris.com\/BLOG\/wp-json\/wp\/v2\/types\/post"}],"author":[{"embeddable":true,"href":"https:\/\/www.franceabris.com\/BLOG\/wp-json\/wp\/v2\/users\/2"}],"replies":[{"embeddable":true,"href":"https:\/\/www.franceabris.com\/BLOG\/wp-json\/wp\/v2\/comments?post=10617"}],"version-history":[{"count":0,"href":"https:\/\/www.franceabris.com\/BLOG\/wp-json\/wp\/v2\/posts\/10617\/revisions"}],"wp:featuredmedia":[{"embeddable":true,"href":"https:\/\/www.franceabris.com\/BLOG\/wp-json\/wp\/v2\/media\/10618"}],"wp:attachment":[{"href":"https:\/\/www.franceabris.com\/BLOG\/wp-json\/wp\/v2\/media?parent=10617"}],"wp:term":[{"taxonomy":"category","embeddable":true,"href":"https:\/\/www.franceabris.com\/BLOG\/wp-json\/wp\/v2\/categories?post=10617"},{"taxonomy":"post_tag","embeddable":true,"href":"https:\/\/www.franceabris.com\/BLOG\/wp-json\/wp\/v2\/tags?post=10617"}],"curies":[{"name":"wp","href":"https:\/\/api.w.org\/{rel}","templated":true}]}}