{"id":10620,"date":"2019-09-21T06:06:17","date_gmt":"2019-09-21T05:06:17","guid":{"rendered":"https:\/\/www.franceabris.com\/BLOG\/?p=10620"},"modified":"2019-09-16T11:25:01","modified_gmt":"2019-09-16T10:25:01","slug":"carports-et-garages-un-drole-de-systeme-pour-eviter-les-catastrophes-naturelles","status":"publish","type":"post","link":"https:\/\/www.franceabris.com\/BLOG\/carports-et-garages-un-drole-de-systeme-pour-eviter-les-catastrophes-naturelles\/","title":{"rendered":"Carports et garages : un dr\u00f4le de syst\u00e8me pour \u00e9viter les catastrophes naturelles&#8230;"},"content":{"rendered":"<p style=\"text-align: justify;\">C&rsquo;est lorsque l&rsquo;on voyage ou que l&rsquo;on \u00e9coute fr\u00e9quemment les informations que l&rsquo;on se rend compte <strong>\u00e0 quel point on a de la chance de vivre en France m\u00e9tropolitaine<\/strong>. Notamment, pour une raison&#8230; Le climat ! Et oui, ce climat temp\u00e9r\u00e9 et la position g\u00e9ographique de l&rsquo;Hexagone qui nous permettent globalement d&rsquo;\u00e9viter un grand nombre de catastrophes naturelles !<\/p>\n<p style=\"text-align: justify;\">Non qu&rsquo;il n&rsquo;y en ait pas, et les tornades, temp\u00eates, inondations ou feux de for\u00eat qui frappent le territoire r\u00e9guli\u00e8rement sont l\u00e0 pour le rappeler. Mais compar\u00e9e \u00e0 d&rsquo;autres pays, comme les Etats-Unis ou ceux du Sud-Est asiatique, la situation tricolore para\u00eet clairement enviable. R\u00e9sultat : <strong>on n&rsquo;a g\u00e9n\u00e9ralement pas grand-chose \u00e0 craindre lorsqu&rsquo;on installe un abri, un garage ou un carport chez soi<\/strong> !<\/p>\n<p style=\"text-align: justify;\">Et l&rsquo;on n&rsquo;est pas contraint de trouver d&rsquo;improbables solutions pour pr\u00e9server ses voitures des intemp\u00e9ries, \u00e0 l&rsquo;inverse de Randy Jalil, un Am\u00e9ricain pr\u00eat \u00e0 tout !<\/p>\n<p style=\"text-align: justify;\">Explications.<\/p>\n<h2 style=\"text-align: justify;\">L&rsquo;ouragan Dorian oblige un Am\u00e9ricain \u00e0 innover pour prot\u00e9ger ses v\u00e9hicules&#8230;<\/h2>\n<p style=\"text-align: justify;\">Randy Jalil n&rsquo;est pas un Am\u00e9ricain bien tranquille&#8230; <span style=\"color: #ff9900;\"><a style=\"color: #ff9900;\" href=\"https:\/\/auto.bfmtv.com\/actualite\/ouragan-dorian-il-met-a-l-abri-deux-voitures-dans-son-salon-1766658.html\" target=\"_blank\" rel=\"noopener noreferrer\">Car il habite en Floride et est est un amoureux des belles m\u00e9caniques<\/a><\/span>, notamment des grosses cylindr\u00e9es allemandes de chez BMW. Or, la Floride est r\u00e9guli\u00e8rement touch\u00e9e par les catastrophes naturelles. Les inondations, par exemple, mais aussi et surtout les ouragans, souvent \u00e0 l&rsquo;origine de celles-ci. <strong>On vous laisse imaginer les vents que charrie un ouragan un peu muscl\u00e9<\/strong>&#8230; et les d\u00e9g\u00e2ts qu&rsquo;ils peuvent causer !<\/p>\n<h3 style=\"text-align: justify;\">Des vents trop forts pour laisser sa voiture dehors, sans protection<\/h3>\n<p style=\"text-align: justify;\">Alors, aux grands maux les grands rem\u00e8des&#8230; Lorsque l&rsquo;ouragan Dorian s&rsquo;est profil\u00e9 pr\u00e8s des c\u00f4tes de Floride, il avait d\u00e9j\u00e0 malheureusement ravag\u00e9 les Bahamas fin ao\u00fbt, avec des vents ayant atteint sur une minute&#8230; 295 km\/h. Presque un record en la mati\u00e8re : Dorian est ainsi devenu le deuxi\u00e8me plus fort ouragan observ\u00e9 en Atlantique Nord. <strong>Autant dire que, lorsque l&rsquo;alerte cyclonique a \u00e9t\u00e9 d\u00e9clar\u00e9e en Floride le 1er septembre, Randy Jalil s&rsquo;est tout de suite pr\u00e9occup\u00e9 de ses multiples v\u00e9hicules<\/strong>.<\/p>\n<blockquote class=\"instagram-media\" style=\"background: #FFF; border: 0; border-radius: 3px; box-shadow: 0 0 1px 0 rgba(0,0,0,0.5),0 1px 10px 0 rgba(0,0,0,0.15); margin: 1px; max-width: 540px; min-width: 326px; padding: 0; width: calc(100% - 2px);\" data-instgrm-captioned=\"\" data-instgrm-permalink=\"https:\/\/www.instagram.com\/p\/B19T88oJszK\/?utm_source=ig_embed&amp;utm_campaign=loading\" data-instgrm-version=\"12\">\n<div style=\"padding: 16px;\">\n<p>&nbsp;<\/p>\n<div style=\"display: flex; flex-direction: row; align-items: center;\">\n<div style=\"background-color: #f4f4f4; border-radius: 50%; flex-grow: 0; height: 40px; margin-right: 14px; width: 40px;\"><\/div>\n<div style=\"display: flex; flex-direction: column; flex-grow: 1; justify-content: center;\">\n<div style=\"background-color: #f4f4f4; border-radius: 4px; flex-grow: 0; height: 14px; margin-bottom: 6px; width: 100px;\"><\/div>\n<div style=\"background-color: #f4f4f4; border-radius: 4px; flex-grow: 0; height: 14px; width: 60px;\"><\/div>\n<\/div>\n<\/div>\n<div style=\"padding: 19% 0;\"><\/div>\n<div style=\"display: block; height: 50px; margin: 0 auto 12px; width: 50px;\"><\/div>\n<div style=\"padding-top: 8px;\">\n<div style=\"color: #3897f0; font-family: Arial,sans-serif; font-size: 14px; font-style: normal; font-weight: 550; line-height: 18px;\">Voir cette publication sur Instagram<\/div>\n<\/div>\n<div style=\"padding: 12.5% 0;\"><\/div>\n<div style=\"display: flex; flex-direction: row; margin-bottom: 14px; align-items: center;\">\n<div>\n<div style=\"background-color: #f4f4f4; border-radius: 50%; height: 12.5px; width: 12.5px; transform: translateX(0px) translateY(7px);\"><\/div>\n<div style=\"background-color: #f4f4f4; height: 12.5px; transform: rotate(-45deg) translateX(3px) translateY(1px); width: 12.5px; flex-grow: 0; margin-right: 14px; margin-left: 2px;\"><\/div>\n<div style=\"background-color: #f4f4f4; border-radius: 50%; height: 12.5px; width: 12.5px; transform: translateX(9px) translateY(-18px);\"><\/div>\n<\/div>\n<div style=\"margin-left: 8px;\">\n<div style=\"background-color: #f4f4f4; border-radius: 50%; flex-grow: 0; height: 20px; width: 20px;\"><\/div>\n<div style=\"width: 0; height: 0; border-top: 2px solid transparent; border-left: 6px solid #f4f4f4; border-bottom: 2px solid transparent; transform: translateX(16px) translateY(-4px) rotate(30deg);\"><\/div>\n<\/div>\n<div style=\"margin-left: auto;\">\n<div style=\"width: 0px; border-top: 8px solid #F4F4F4; border-right: 8px solid transparent; transform: translateY(16px);\"><\/div>\n<div style=\"background-color: #f4f4f4; flex-grow: 0; height: 12px; width: 16px; transform: translateY(-4px);\"><\/div>\n<div style=\"width: 0; height: 0; border-top: 8px solid #F4F4F4; border-left: 8px solid transparent; transform: translateY(-4px) translateX(8px);\"><\/div>\n<\/div>\n<\/div>\n<p>&nbsp;<\/p>\n<p style=\"margin: 8px 0 0 0; padding: 0 4px;\"><a style=\"color: #000; font-family: Arial,sans-serif; font-size: 14px; font-style: normal; font-weight: normal; line-height: 17px; text-decoration: none; word-wrap: break-word;\" href=\"https:\/\/www.instagram.com\/p\/B19T88oJszK\/?utm_source=ig_embed&amp;utm_campaign=loading\" target=\"_blank\" rel=\"noopener noreferrer\">Hurricane Dorian prep 2.0 @aerobrat #hurricanem3 #smallcars #prayforbahamas #bmwe30m3 #vwgti #80scars #doubledoors #hurricanedorian<\/a><\/p>\n<p style=\"color: #c9c8cd; font-family: Arial,sans-serif; font-size: 14px; line-height: 17px; margin-bottom: 0; margin-top: 8px; overflow: hidden; padding: 8px 0 7px; text-align: center; text-overflow: ellipsis; white-space: nowrap;\">Une publication partag\u00e9e par <a style=\"color: #c9c8cd; font-family: Arial,sans-serif; font-size: 14px; font-style: normal; font-weight: normal; line-height: 17px;\" href=\"https:\/\/www.instagram.com\/jalilsup\/?utm_source=ig_embed&amp;utm_campaign=loading\" target=\"_blank\" rel=\"noopener noreferrer\"> Randy<\/a> (@jalilsup) le <time style=\"font-family: Arial,sans-serif; font-size: 14px; line-height: 17px;\" datetime=\"2019-09-03T17:48:09+00:00\">3 Sept. 2019 \u00e0 10 :48 PDT<\/time><\/p>\n<\/div>\n<\/blockquote>\n<p style=\"text-align: justify;\"><script async src=\"\/\/www.instagram.com\/embed.js\"><\/script><\/p>\n<h3 style=\"text-align: justify;\">Face aux cyclones, Randy pr\u00e9f\u00e8re son salon aux carports !<\/h3>\n<p style=\"text-align: justify;\">Son garage, int\u00e9gr\u00e9 \u00e0 la maison, \u00e9tait d\u00e9j\u00e0 complet : la voiture de son fr\u00e8re et celle de sa petite-amie y dormaient en toute s\u00e9curit\u00e9. Que faire de la BMW M3 de Randy ?<strong> La maison est grande, alors pourquoi ne pas la rentrer&#8230; dans le salon ?<\/strong> Ni une, ni deux, cet Am\u00e9ricain a d\u00e9plac\u00e9 ses canap\u00e9s et sa table basse pour faire un peu de place \u00e0 sa titine ! Et l&rsquo;un de ses amis en a m\u00eame profit\u00e9 pour lui confier la sienne&#8230; <span style=\"color: #ff9900;\"><a style=\"color: #ff9900;\" href=\"https:\/\/auto.bfmtv.com\/actualite\/pour-proteger-sa-bmw-m3-de-l-ouragan-matthew-il-la-gare-dans-son-salon-1046664.html#\" target=\"_blank\" rel=\"noopener noreferrer\">Une solution qu&rsquo;il avait d\u00e9j\u00e0 \u00e9trenn\u00e9e en 2016, durant l&rsquo;ouragan Matthews<\/a><\/span>. Avec succ\u00e8s, puisque ses v\u00e9hicules s&rsquo;en \u00e9tait tir\u00e9s sans d\u00e9g\u00e2ts !<\/p>\n<h2 style=\"text-align: justify;\">Faites confiance \u00e0 un garage en kit ou un carport !<\/h2>\n<p style=\"text-align: justify;\"><strong>En France, on est rarement confront\u00e9 \u00e0 de telles situations.<\/strong> Sur les dix derni\u00e8res ann\u00e9es, une seule tornade de niveau EF3 sur l&rsquo;\u00e9chelle de Fujita am\u00e9lior\u00e9e a frapp\u00e9 le pays. EF3, l&rsquo;un des 5 niveaux de cette \u00e9chelle permettant de mesurer l&rsquo;intensit\u00e9 des tornades, impliquant des dommages s\u00e9v\u00e8res et des vents de 219 \u00e0 266 km\/h. Du c\u00f4t\u00e9 des temp\u00eates, on en recense une dizaine d&rsquo;importance depuis 1999 et seulement deux depuis 2012. Aucune d&rsquo;entre elles n&rsquo;a \u00e9t\u00e9 au niveau des fameuses temp\u00eates de 1999 et <span style=\"color: #ff9900;\"><a style=\"color: #ff9900;\" href=\"http:\/\/tempetes.meteo.fr\/IMG\/anthemis_divers\/Temp%C3%AAtesMajeures1980_2018Surface100kmh.jpg\" target=\"_blank\" rel=\"noopener noreferrer\">seule la moiti\u00e9 des huit derni\u00e8res ont enregistr\u00e9 des vents de plus de 160 km\/h<\/a><\/span>, m\u00eame si certaines ont impact\u00e9 pr\u00e8s de 50% du territoire fran\u00e7ais.<\/p>\n<figure id=\"attachment_9718\" aria-describedby=\"caption-attachment-9718\" style=\"width: 607px\" class=\"wp-caption aligncenter\"><a href=\"https:\/\/www.franceabris.com\/22-abri-voiture\" rel=\"attachment wp-att-9718\"><img decoding=\"async\" loading=\"lazy\" class=\"wp-image-9718 size-large\" style=\"border: 1px solid #000000;\" src=\"https:\/\/www.franceabris.com\/BLOG\/wp-content\/uploads\/2019\/01\/CPHC101507_image_02-607x350.jpeg\" alt=\"abri voiture m\u00e9tal\" width=\"607\" height=\"350\" srcset=\"https:\/\/www.franceabris.com\/BLOG\/wp-content\/uploads\/2019\/01\/CPHC101507_image_02-607x350.jpeg 607w, https:\/\/www.franceabris.com\/BLOG\/wp-content\/uploads\/2019\/01\/CPHC101507_image_02-170x98.jpeg 170w, https:\/\/www.franceabris.com\/BLOG\/wp-content\/uploads\/2019\/01\/CPHC101507_image_02-405x234.jpeg 405w, https:\/\/www.franceabris.com\/BLOG\/wp-content\/uploads\/2019\/01\/CPHC101507_image_02.jpeg 640w\" sizes=\"(max-width: 607px) 100vw, 607px\" \/><\/a><figcaption id=\"caption-attachment-9718\" class=\"wp-caption-text\">Ce carport m\u00e9tallique parmi les plus simples de notre catalogue r\u00e9siste d\u00e9j\u00e0 \u00e0 des vents de 130 \u00e0 150 km\/h. Disponible sous la r\u00e9f\u00e9rence ID3961 sur FRANCE ABRIS.<\/figcaption><\/figure>\n<h3 style=\"text-align: justify;\">Des carports capables de r\u00e9sister \u00e0 des vents de 150 km\/h et plus<\/h3>\n<p style=\"text-align: justify;\">Autant dire que l&rsquo;on peut sans crainte faire confiance<span style=\"color: #ff9900;\"><a style=\"color: #ff9900;\" href=\"https:\/\/www.franceabris.com\/8-garage-voiture\" target=\"_blank\" rel=\"noopener noreferrer\"> \u00e0 un garage en kit<\/a><\/span> ou <span style=\"color: #ff9900;\"><a style=\"color: #ff9900;\" href=\"https:\/\/www.franceabris.com\/22-abri-voiture\" target=\"_blank\" rel=\"noopener noreferrer\">un carport pour abriter sa voiture<\/a><\/span>. Ces derniers r\u00e9sistent tr\u00e8s souvent \u00e0 des vents aux alentours de 150 km\/h, certains proposant m\u00eame une structure renforc\u00e9e, quand d&rsquo;autres sont livr\u00e9s avec des kits anti-temp\u00eate. <strong>Evidemment, un carport ne prot\u00e9gera pas forc\u00e9ment votre voiture des branches ou des objets port\u00e9s par un vent violent<\/strong>, mais, sauf situation absolument exceptionnelle, vous n&rsquo;aurez pas \u00e0 craindre de le voir s&rsquo;envoler.<\/p>\n<h3 style=\"text-align: justify;\">Randu aurait pu choisir un garage en kit !<\/h3>\n<p style=\"text-align: justify;\"><strong>Randy Jalil lui-m\u00eame, d&rsquo;ailleurs, aurait pu faire confiance \u00e0 un garage en kit plut\u00f4t que d&rsquo;inviter ses v\u00e9hicules dans son salon.<\/strong> En Floride, les vents ont finalement surtout souffl\u00e9 \u00e0 des vitesses allant de 60 \u00e0 100 km\/h et auraient donc \u00e9t\u00e9 largement tol\u00e9r\u00e9s par les kits d&rsquo;abris de notre catalogue. D&rsquo;autant que les garages sont habituellement mont\u00e9 sur une dalle b\u00e9ton&#8230; R\u00e9sistance renforc\u00e9e et assur\u00e9e ! Bref, <span style=\"color: #ff9900;\"><a style=\"color: #ff9900;\" href=\"https:\/\/www.franceabris.com\/8-garage-voiture\" target=\"_blank\" rel=\"noopener noreferrer\">vous pouvez jeter un coup d&rsquo;oeil \u00e0 notre catalogue<\/a><\/span> en toute s\u00e9r\u00e9nit\u00e9 ! \ud83d\ude09<\/p>\n","protected":false},"excerpt":{"rendered":"<p>C&rsquo;est lorsque l&rsquo;on voyage ou que l&rsquo;on \u00e9coute fr\u00e9quemment les informations que l&rsquo;on se rend compte \u00e0 quel point on a de la chance de vivre en France m\u00e9tropolitaine. Notamment, pour une raison&#8230; Le climat ! Et oui, ce climat temp\u00e9r\u00e9 et la position g\u00e9ographique de l&rsquo;Hexagone qui nous permettent globalement d&rsquo;\u00e9viter un grand nombre &hellip; <a href=\"https:\/\/www.franceabris.com\/BLOG\/carports-et-garages-un-drole-de-systeme-pour-eviter-les-catastrophes-naturelles\/\" class=\"more-link\">Continuer la lecture de <span class=\"screen-reader-text\">Carports et garages : un dr\u00f4le de syst\u00e8me pour \u00e9viter les catastrophes naturelles&#8230;<\/span><\/a><\/p>\n","protected":false},"author":2,"featured_media":10621,"comment_status":"closed","ping_status":"closed","sticky":false,"template":"","format":"standard","meta":[],"categories":[2,3],"tags":[],"_links":{"self":[{"href":"https:\/\/www.franceabris.com\/BLOG\/wp-json\/wp\/v2\/posts\/10620"}],"collection":[{"href":"https:\/\/www.franceabris.com\/BLOG\/wp-json\/wp\/v2\/posts"}],"about":[{"href":"https:\/\/www.franceabris.com\/BLOG\/wp-json\/wp\/v2\/types\/post"}],"author":[{"embeddable":true,"href":"https:\/\/www.franceabris.com\/BLOG\/wp-json\/wp\/v2\/users\/2"}],"replies":[{"embeddable":true,"href":"https:\/\/www.franceabris.com\/BLOG\/wp-json\/wp\/v2\/comments?post=10620"}],"version-history":[{"count":0,"href":"https:\/\/www.franceabris.com\/BLOG\/wp-json\/wp\/v2\/posts\/10620\/revisions"}],"wp:featuredmedia":[{"embeddable":true,"href":"https:\/\/www.franceabris.com\/BLOG\/wp-json\/wp\/v2\/media\/10621"}],"wp:attachment":[{"href":"https:\/\/www.franceabris.com\/BLOG\/wp-json\/wp\/v2\/media?parent=10620"}],"wp:term":[{"taxonomy":"category","embeddable":true,"href":"https:\/\/www.franceabris.com\/BLOG\/wp-json\/wp\/v2\/categories?post=10620"},{"taxonomy":"post_tag","embeddable":true,"href":"https:\/\/www.franceabris.com\/BLOG\/wp-json\/wp\/v2\/tags?post=10620"}],"curies":[{"name":"wp","href":"https:\/\/api.w.org\/{rel}","templated":true}]}}