{"id":10633,"date":"2020-01-27T06:06:56","date_gmt":"2020-01-27T05:06:56","guid":{"rendered":"https:\/\/www.franceabris.com\/BLOG\/?p=10633"},"modified":"2019-10-08T17:37:51","modified_gmt":"2019-10-08T16:37:51","slug":"un-carport-modulable-entre-le-kit-et-le-sur-mesure","status":"publish","type":"post","link":"https:\/\/www.franceabris.com\/BLOG\/un-carport-modulable-entre-le-kit-et-le-sur-mesure\/","title":{"rendered":"Un carport modulable : entre le kit et le sur-mesure !"},"content":{"rendered":"<p style=\"text-align: justify;\">Il y a le kit, il y a le sur-mesure&#8230; Et l&rsquo;on a souvent tendance \u00e0 opposer les deux. Une erreur ! Car, <span style=\"color: #ff9900;\"><a style=\"color: #ff9900;\" href=\"https:\/\/www.franceabris.com\/22-abri-voiture\" target=\"_blank\" rel=\"noopener noreferrer\">derri\u00e8re des propositions d&rsquo;abris et de carports en kit<\/a><\/span>, se cachent parfois des possibilit\u00e9s de personnalisations. Ces derni\u00e8res ne permettent pas forc\u00e9ment d&rsquo;avoir un abri con\u00e7u pr\u00e9cis\u00e9ment en respectant le moindre de vos desiderata, <strong>mais laissent la possibilit\u00e9 d&rsquo;adapter, de moduler votre structure.<\/strong><\/p>\n<p style=\"text-align: justify;\"><strong>C&rsquo;est tout l&rsquo;objectif des carports modulables.<\/strong> Partant d&rsquo;une base en kit fixe, ils vous proposent des extensions permettant de transformer sensiblement votre mod\u00e8le afin qu&rsquo;il colle un peu plus \u00e0 votre situation. Dans le cas d&rsquo;un carport, l&rsquo;utilit\u00e9 est \u00e9vidente : non seulement votre kit peut \u00eatre plus nettement adapt\u00e9 \u00e0 votre v\u00e9hicule ; mais il peut aussi vous permettre quelques id\u00e9es d&rsquo;am\u00e9nagements&#8230;<\/p>\n<p style=\"text-align: justify;\">Explications.<\/p>\n<h2 style=\"text-align: justify;\">Le principe d&rsquo;un abri modulable !<\/h2>\n<p style=\"text-align: justify;\"><strong>Pour bien comprendre ce qu&rsquo;est un carport modulable, penchons-nous sur un mod\u00e8le pr\u00e9cis.<\/strong><span style=\"color: #ff9900;\"><a style=\"color: #ff9900;\" href=\"https:\/\/www.franceabris.com\/22-abri-voiture\" target=\"_blank\" rel=\"noopener noreferrer\"> Le kit disponible sous la r\u00e9f\u00e9rence ID3343 en est un bon exemple<\/a><\/span>&#8230; La structure en kit est plut\u00f4t simple, \u00e0 l&rsquo;image des carports traditionnels. 5,06 m\u00e8tres de longueur pour 3,06 m\u00e8tres de largeur, une emprise au sol de presque 16 m\u00b2 : avec ses six poteaux, cet abri voiture propose une protection classique, mais bien pratique. Tout type de v\u00e9hicule peut y \u00eatre abrit\u00e9 et l&rsquo;on peut circuler autour en restant \u00e0 l&rsquo;abri.<\/p>\n<h3 style=\"text-align: justify;\">Les dimensions de votre carport en kit changent du tout au tout !<\/h3>\n<p style=\"text-align: justify;\">Mais il arrive parfois que l&rsquo;on cherche des dimensions particuli\u00e8res. Ce peut \u00eatre parce qu&rsquo;en plus de stationner un SUV ou une berline, on a une moto \u00e0 prot\u00e9ger ! Un exemple parmi de nombreux autres que nous d\u00e9taillerons plus bas. <strong>Toujours est-il que ce carport vous offre la possibilit\u00e9 d&rsquo;ajouter des modules d&rsquo;extension.<\/strong> Ces derniers se greffent sur le pignon avant ou le pignon arri\u00e8re de l&rsquo;abri voiture et ajoutent deux m\u00e8tres de profondeur, cumulables \u00e9videmment selon le nombre de modules install\u00e9s. En deux temps, trois mouvements, vous pouvez donc accro\u00eetre votre emprise au sol de plus de 6 m\u00b2 et atteindre 7,06 m\u00e8tres de profondeur !<\/p>\n<figure id=\"attachment_10635\" aria-describedby=\"caption-attachment-10635\" style=\"width: 396px\" class=\"wp-caption aligncenter\"><a href=\"https:\/\/www.franceabris.com\/22-abri-voiture\" rel=\"attachment wp-att-10635\"><img decoding=\"async\" loading=\"lazy\" class=\"wp-image-10635 size-full\" style=\"border: 1px solid #000000;\" src=\"https:\/\/www.franceabris.com\/BLOG\/wp-content\/uploads\/2019\/09\/3343-abri-voiture-modulable.jpg\" alt=\"carport qui se module en bois\" width=\"396\" height=\"290\" srcset=\"https:\/\/www.franceabris.com\/BLOG\/wp-content\/uploads\/2019\/09\/3343-abri-voiture-modulable.jpg 396w, https:\/\/www.franceabris.com\/BLOG\/wp-content\/uploads\/2019\/09\/3343-abri-voiture-modulable-134x98.jpg 134w, https:\/\/www.franceabris.com\/BLOG\/wp-content\/uploads\/2019\/09\/3343-abri-voiture-modulable-328x240.jpg 328w\" sizes=\"(max-width: 396px) 100vw, 396px\" \/><\/a><figcaption id=\"caption-attachment-10635\" class=\"wp-caption-text\">Ce carport modulable est disponible sous la r\u00e9f\u00e9rence ID3343 sur FRANCE ABRIS. Ici, un module d&rsquo;extension a \u00e9t\u00e9 ajout\u00e9 \u00e0 la structure originelle.<\/figcaption><\/figure>\n<h2 style=\"text-align: justify;\">Comment maximiser l&rsquo;exploitation d&rsquo;un abri\u00a0 voiture modulable ?<\/h2>\n<p style=\"text-align: justify;\">Pourquoi est-ce si utile et int\u00e9ressant de pouvoir adapter son carport ? Parce qu&rsquo;un kit ne colle pas toujours exactement \u00e0 votre situation, \u00e0 vos crit\u00e8res, \u00e0 votre projet, \u00e0 vos exigences. Vous avez un v\u00e9hicule \u00e0 stationner ? C&rsquo;est \u00e9vident, puisque vous recherchez un abri voiture. N\u00e9anmoins, peut-\u00eatre avez-vous aussi besoin d&rsquo;une protection pour une moto ou des v\u00e9los ? Peut-\u00eatre aimeriez-vous faire un peu de stockage sans passer par la case abri de jardin ? Si vous n&rsquo;avez pas le budget pour vous offrir une structure pleinement sur-mesure &#8211; g\u00e9n\u00e9ralement plus on\u00e9reuse -, <strong>vous aurez, gr\u00e2ce au carport modulable, la possibilit\u00e9 de personnaliser le kit choisi.<\/strong><\/p>\n<h3 style=\"text-align: justify;\">Des extensions de carport pour les v\u00e9los, une moto, une citadine&#8230;<\/h3>\n<p style=\"text-align: justify;\">En ajoutant un module d&rsquo;extension \u00e0 votre carport, vous lui adjoignez une surface suppl\u00e9mentaire, un peu plus d&#8217;emprise au sol&#8230; de l&rsquo;espace exploitable ! Sur ces 6 m\u00b2 de plus et ces deux m\u00e8tres de profondeur<span style=\"color: #ff9900;\"><a style=\"color: #ff9900;\" href=\"https:\/\/www.franceabris.com\/22-abri-voiture\" target=\"_blank\" rel=\"noopener noreferrer\"> (dans le cas du mod\u00e8le ID3343)<\/a><\/span>, vous avez donc le choix : <strong>en fixant des r\u00e2teliers \u00e0 v\u00e9los, vous cr\u00e9ez une petite zone sous le carport d\u00e9di\u00e9e \u00e0 vos bicyclettes.<\/strong> A moins que vous ne pr\u00e9f\u00e9riez simplement utiliser cette place suppl\u00e9mentaire pour une moto ! Ce que font m\u00eame certains, c&rsquo;est fixer des \u00e9tag\u00e8res et rangements d&rsquo;ext\u00e9rieur sous l&rsquo;extension, afin de ranger tout ce qui est n\u00e9cessaire \u00e0 l&rsquo;entretien de la voiture.<\/p>\n<figure id=\"attachment_10636\" aria-describedby=\"caption-attachment-10636\" style=\"width: 396px\" class=\"wp-caption aligncenter\"><a href=\"https:\/\/www.franceabris.com\/22-abri-voiture\" rel=\"attachment wp-att-10636\"><img decoding=\"async\" loading=\"lazy\" class=\"wp-image-10636 size-full\" style=\"border: 1px solid #000000;\" src=\"https:\/\/www.franceabris.com\/BLOG\/wp-content\/uploads\/2019\/09\/3343-extension-de-carport-bois.jpg\" alt=\"carport bois avec extensions\" width=\"396\" height=\"290\" srcset=\"https:\/\/www.franceabris.com\/BLOG\/wp-content\/uploads\/2019\/09\/3343-extension-de-carport-bois.jpg 396w, https:\/\/www.franceabris.com\/BLOG\/wp-content\/uploads\/2019\/09\/3343-extension-de-carport-bois-134x98.jpg 134w, https:\/\/www.franceabris.com\/BLOG\/wp-content\/uploads\/2019\/09\/3343-extension-de-carport-bois-328x240.jpg 328w\" sizes=\"(max-width: 396px) 100vw, 396px\" \/><\/a><figcaption id=\"caption-attachment-10636\" class=\"wp-caption-text\">Ce carport (ID3343 dans notre catalogue) propose des modules d&rsquo;extension au kit existant.<\/figcaption><\/figure>\n<p style=\"text-align: justify;\"><strong>Un client a m\u00eame achet\u00e9 ce carport en kit avec deux modules d&rsquo;extension, afin de l&rsquo;allonger de quatre m\u00e8tres<\/strong> pour : 1\/ garer sa berline et une petite citadine d&rsquo;une marque bien connue ; 2\/ optimiser son stationnement en longueur, vu qu&rsquo;il \u00e9tait tr\u00e8s contraint en largeur. Utile, non ?<\/p>\n","protected":false},"excerpt":{"rendered":"<p>Il y a le kit, il y a le sur-mesure&#8230; Et l&rsquo;on a souvent tendance \u00e0 opposer les deux. Une erreur ! Car, derri\u00e8re des propositions d&rsquo;abris et de carports en kit, se cachent parfois des possibilit\u00e9s de personnalisations. Ces derni\u00e8res ne permettent pas forc\u00e9ment d&rsquo;avoir un abri con\u00e7u pr\u00e9cis\u00e9ment en respectant le moindre de &hellip; <a href=\"https:\/\/www.franceabris.com\/BLOG\/un-carport-modulable-entre-le-kit-et-le-sur-mesure\/\" class=\"more-link\">Continuer la lecture de <span class=\"screen-reader-text\">Un carport modulable : entre le kit et le sur-mesure !<\/span><\/a><\/p>\n","protected":false},"author":2,"featured_media":3899,"comment_status":"closed","ping_status":"closed","sticky":false,"template":"","format":"standard","meta":[],"categories":[3],"tags":[],"_links":{"self":[{"href":"https:\/\/www.franceabris.com\/BLOG\/wp-json\/wp\/v2\/posts\/10633"}],"collection":[{"href":"https:\/\/www.franceabris.com\/BLOG\/wp-json\/wp\/v2\/posts"}],"about":[{"href":"https:\/\/www.franceabris.com\/BLOG\/wp-json\/wp\/v2\/types\/post"}],"author":[{"embeddable":true,"href":"https:\/\/www.franceabris.com\/BLOG\/wp-json\/wp\/v2\/users\/2"}],"replies":[{"embeddable":true,"href":"https:\/\/www.franceabris.com\/BLOG\/wp-json\/wp\/v2\/comments?post=10633"}],"version-history":[{"count":0,"href":"https:\/\/www.franceabris.com\/BLOG\/wp-json\/wp\/v2\/posts\/10633\/revisions"}],"wp:featuredmedia":[{"embeddable":true,"href":"https:\/\/www.franceabris.com\/BLOG\/wp-json\/wp\/v2\/media\/3899"}],"wp:attachment":[{"href":"https:\/\/www.franceabris.com\/BLOG\/wp-json\/wp\/v2\/media?parent=10633"}],"wp:term":[{"taxonomy":"category","embeddable":true,"href":"https:\/\/www.franceabris.com\/BLOG\/wp-json\/wp\/v2\/categories?post=10633"},{"taxonomy":"post_tag","embeddable":true,"href":"https:\/\/www.franceabris.com\/BLOG\/wp-json\/wp\/v2\/tags?post=10633"}],"curies":[{"name":"wp","href":"https:\/\/api.w.org\/{rel}","templated":true}]}}