{"id":10741,"date":"2020-02-10T06:06:16","date_gmt":"2020-02-10T05:06:16","guid":{"rendered":"https:\/\/www.franceabris.com\/BLOG\/?p=10741"},"modified":"2019-10-10T10:48:25","modified_gmt":"2019-10-10T09:48:25","slug":"un-abri-de-jardin-en-pvc-oui-mais-de-la-qualite","status":"publish","type":"post","link":"https:\/\/www.franceabris.com\/BLOG\/un-abri-de-jardin-en-pvc-oui-mais-de-la-qualite\/","title":{"rendered":"Un abri de jardin en PVC, oui&#8230; mais de la qualit\u00e9 !"},"content":{"rendered":"<p style=\"text-align: justify;\">De la qualit\u00e9 ! C&rsquo;est une \u00e9vidence : <strong>lorsqu&rsquo;on cherche un abri de jardin en kit, on veut une structure de qualit\u00e9.<\/strong> Un ensemble solide et r\u00e9sistant, mais aussi pratique et qui supporte les intemp\u00e9ries. Qui facilite la vie au quotidien, en somme !<\/p>\n<p style=\"text-align: justify;\">Sans \u00eatre un investissement d\u00e9mesur\u00e9, l&rsquo;installation d&rsquo;un cabanon de rangement n&rsquo;est jamais anodine. Il y a le co\u00fbt, la partie financi\u00e8re, m\u00eame s&rsquo;il existe bien entendu des cabanes \u00e0 tous les prix. Mais il y a aussi l&rsquo;implantation et la fa\u00e7on dont le kit va se marier \u00e0 son environnement. D&rsquo;o\u00f9 la n\u00e9cessit\u00e9 de faire un choix r\u00e9fl\u00e9chi en \u00e9tant correctement conseill\u00e9 !<\/p>\n<p style=\"text-align: justify;\">Aujourd&rsquo;hui, focus sur la r\u00e9alisation d&rsquo;un de nos clients. Ses crit\u00e8res ? Durabilit\u00e9, facilit\u00e9, luminosit\u00e9.<\/p>\n<p>D\u00e9couvrez toutes <span style=\"color: #ff9900;\"><a style=\"color: #ff9900;\" href=\"https:\/\/www.franceabris.com\/10-abri-jardin\" target=\"_blank\" rel=\"noopener noreferrer\">nos propositions de kits pas chers pour le jardin !<\/a><\/span><\/p>\n<h2 style=\"text-align: justify;\">Premi\u00e8re question : un abri jardin en kit&#8230; pourquoi ?<\/h2>\n<p style=\"text-align: justify;\">Pour quoi faire ? C&rsquo;est probablement l&rsquo;une des premi\u00e8res questions \u00e0 se poser. <strong>A quoi va servir mon abri jardin ?<\/strong> Quelle va \u00eatre son utilit\u00e9 et son utilisation ? Pour notre client, la r\u00e9ponse \u00e9tait claire : faire du stockage, du rangement&#8230; appelez cela comme vous voulez ! Les outils de jardinage, le mat\u00e9riel d&rsquo;entretien, de quoi bricoler chez soi&#8230; Sans parler de la tron\u00e7onneuse, de la tondeuse ou du taille-haie !<\/p>\n<h3 style=\"text-align: justify;\">Faire de la place et du stockage gr\u00e2ce \u00e0 la caane de rangement<\/h3>\n<p style=\"text-align: justify;\">Notre client avait donc en t\u00eate d&rsquo;installer <strong>un petit toit d&rsquo;appoint qui lui permette de soulager ses habituels espaces de rangement.<\/strong> Son garage, notamment, sur-encombr\u00e9, d&rsquo;o\u00f9 des difficult\u00e9s \u00e0 circuler&#8230; Avec une structure en kit pas tr\u00e8s loin de la maison, il allait \u00eatre en mesure de faire de la place et de centraliser l&rsquo;outillage dans un abri d\u00e9di\u00e9 ! C&rsquo;est d&rsquo;ailleurs l&rsquo;une des probl\u00e9matiques auxquelles r\u00e9pond la cabane de stockage : lorsqu&rsquo;on a un bel ext\u00e9rieur, on a g\u00e9n\u00e9ralement besoin de centraliser son mat\u00e9riel l\u00e0 o\u00f9 l&rsquo;entretien risque d&rsquo;\u00eatre quotidien, tout du moins fr\u00e9quent.<\/p>\n<figure id=\"attachment_10751\" aria-describedby=\"caption-attachment-10751\" style=\"width: 607px\" class=\"wp-caption aligncenter\"><a href=\"https:\/\/www.franceabris.com\/10-abri-jardin\" rel=\"attachment wp-att-10751\"><img decoding=\"async\" loading=\"lazy\" class=\"wp-image-10751 size-large\" style=\"border: 1px solid #000000;\" src=\"https:\/\/www.franceabris.com\/BLOG\/wp-content\/uploads\/2019\/10\/Cabanon-de-rangement-en-PVC-607x380.jpeg\" alt=\"cabane en r\u00e9sine PVC\" width=\"607\" height=\"380\" srcset=\"https:\/\/www.franceabris.com\/BLOG\/wp-content\/uploads\/2019\/10\/Cabanon-de-rangement-en-PVC-607x380.jpeg 607w, https:\/\/www.franceabris.com\/BLOG\/wp-content\/uploads\/2019\/10\/Cabanon-de-rangement-en-PVC-157x98.jpeg 157w, https:\/\/www.franceabris.com\/BLOG\/wp-content\/uploads\/2019\/10\/Cabanon-de-rangement-en-PVC-384x240.jpeg 384w, https:\/\/www.franceabris.com\/BLOG\/wp-content\/uploads\/2019\/10\/Cabanon-de-rangement-en-PVC-768x480.jpeg 768w, https:\/\/www.franceabris.com\/BLOG\/wp-content\/uploads\/2019\/10\/Cabanon-de-rangement-en-PVC.jpeg 2016w\" sizes=\"(max-width: 607px) 100vw, 607px\" \/><\/a><figcaption id=\"caption-attachment-10751\" class=\"wp-caption-text\">L&rsquo;abri de jardin de notre client est disponible sous la r\u00e9f\u00e9rence ID3245 sur FRANCE ABRIS.<\/figcaption><\/figure>\n<h2 style=\"text-align: justify;\">Deuxi\u00e8me question : quel kit d&rsquo;abri choisir pour son jardin ?<\/h2>\n<p style=\"text-align: justify;\">Un cabanon solide, r\u00e9sistant, qui lui offre une belle dur\u00e9e de vie. Mais qui soit aussi discret et pratique, \u00e0 un prix r\u00e9duit. Les exigences de notre client se sont av\u00e9r\u00e9es exhaustives&#8230; et compr\u00e9hensibles. La solution ? L&rsquo;orienter vers <strong>un mod\u00e8le en r\u00e9sine haute-densit\u00e9 au prix r\u00e9duit et limit\u00e9, mont\u00e9 sur une structure en acier inoxydable.<\/strong> Les atouts de cet abri sont tr\u00e8s nombreux. Garanti 10 ans, il sait supporter les caprices de la m\u00e9t\u00e9o en gardant son esth\u00e9tique. Sa toiture double pentes, facilitant l&rsquo;\u00e9vacuation des eaux de pluie, est munie d&rsquo;un skylight. Ce puit de lumi\u00e8re assure une belle et naturelle luminosit\u00e9 \u00e0 l&rsquo;int\u00e9rieur du cabanon, \u00e9vitant d&rsquo;avoir \u00e0 y installer l&rsquo;\u00e9lectricit\u00e9 (pas toujours utile pour les abris de stockage). Le plancher est inclus, ce qui pr\u00e9vient les \u00e9ventuels surcro\u00eets d&rsquo;humidit\u00e9 \u00e0 l&rsquo;int\u00e9rieur et l&rsquo;ensemble est verrouillable pour un maximum de s\u00e9curit\u00e9 !<\/p>\n<h3>Facile \u00e0 monter&#8230; Une cabane en kit aux avantages multiples !<\/h3>\n<p style=\"text-align: justify;\"><strong>Surtout, il s&rsquo;agit d&rsquo;une cabane de rangement qui se veut simple et facile d&rsquo;acc\u00e8s.<\/strong> C&rsquo;est, en premier lieu, sa surface utile, 4,5 m\u00b2, qui lui permet d&rsquo;\u00eatre install\u00e9e dans un jardin sans autorisation d&rsquo;urbanisme. Pas de d\u00e9claration pr\u00e9alable, donc, ni de permis de construire &#8211; sauf cas particuliers ! En plus d&rsquo;\u00eatre un achat z\u00e9ro souci, ce kit se monte \u00e0 deux personnes en une demi-journ\u00e9e. Une installation rapide et efficace, donc, quand on compare \u00e0 d&rsquo;autres mod\u00e8les r\u00e9clamant deux jours de montage. Vous n&rsquo;avez pas envie de vous compliquer la vie ? Cet abri est fait pour vous !<\/p>\n<figure id=\"attachment_10750\" aria-describedby=\"caption-attachment-10750\" style=\"width: 396px\" class=\"wp-caption aligncenter\"><a href=\"https:\/\/www.franceabris.com\/10-abri-jardin\" rel=\"attachment wp-att-10750\"><img decoding=\"async\" loading=\"lazy\" class=\"wp-image-10750 size-full\" style=\"border: 1px solid #000000;\" src=\"https:\/\/www.franceabris.com\/BLOG\/wp-content\/uploads\/2019\/10\/3245-cabane-PVC.jpg\" alt=\"La r\u00e9sine haute-densit\u00e9 du cabanon lui offre une belle r\u00e9sistance. Un kit garanti 10 ans !\" width=\"396\" height=\"290\" srcset=\"https:\/\/www.franceabris.com\/BLOG\/wp-content\/uploads\/2019\/10\/3245-cabane-PVC.jpg 396w, https:\/\/www.franceabris.com\/BLOG\/wp-content\/uploads\/2019\/10\/3245-cabane-PVC-134x98.jpg 134w, https:\/\/www.franceabris.com\/BLOG\/wp-content\/uploads\/2019\/10\/3245-cabane-PVC-328x240.jpg 328w\" sizes=\"(max-width: 396px) 100vw, 396px\" \/><\/a><figcaption id=\"caption-attachment-10750\" class=\"wp-caption-text\">La r\u00e9sine haute-densit\u00e9 du cabanon lui offre une belle r\u00e9sistance. Un kit garanti 10 ans !<\/figcaption><\/figure>\n<p>&nbsp;<\/p>\n","protected":false},"excerpt":{"rendered":"<p>De la qualit\u00e9 ! C&rsquo;est une \u00e9vidence : lorsqu&rsquo;on cherche un abri de jardin en kit, on veut une structure de qualit\u00e9. Un ensemble solide et r\u00e9sistant, mais aussi pratique et qui supporte les intemp\u00e9ries. Qui facilite la vie au quotidien, en somme ! Sans \u00eatre un investissement d\u00e9mesur\u00e9, l&rsquo;installation d&rsquo;un cabanon de rangement n&rsquo;est &hellip; <a href=\"https:\/\/www.franceabris.com\/BLOG\/un-abri-de-jardin-en-pvc-oui-mais-de-la-qualite\/\" class=\"more-link\">Continuer la lecture de <span class=\"screen-reader-text\">Un abri de jardin en PVC, oui&#8230; mais de la qualit\u00e9 !<\/span><\/a><\/p>\n","protected":false},"author":2,"featured_media":10749,"comment_status":"closed","ping_status":"closed","sticky":false,"template":"","format":"standard","meta":[],"categories":[3],"tags":[],"_links":{"self":[{"href":"https:\/\/www.franceabris.com\/BLOG\/wp-json\/wp\/v2\/posts\/10741"}],"collection":[{"href":"https:\/\/www.franceabris.com\/BLOG\/wp-json\/wp\/v2\/posts"}],"about":[{"href":"https:\/\/www.franceabris.com\/BLOG\/wp-json\/wp\/v2\/types\/post"}],"author":[{"embeddable":true,"href":"https:\/\/www.franceabris.com\/BLOG\/wp-json\/wp\/v2\/users\/2"}],"replies":[{"embeddable":true,"href":"https:\/\/www.franceabris.com\/BLOG\/wp-json\/wp\/v2\/comments?post=10741"}],"version-history":[{"count":0,"href":"https:\/\/www.franceabris.com\/BLOG\/wp-json\/wp\/v2\/posts\/10741\/revisions"}],"wp:featuredmedia":[{"embeddable":true,"href":"https:\/\/www.franceabris.com\/BLOG\/wp-json\/wp\/v2\/media\/10749"}],"wp:attachment":[{"href":"https:\/\/www.franceabris.com\/BLOG\/wp-json\/wp\/v2\/media?parent=10741"}],"wp:term":[{"taxonomy":"category","embeddable":true,"href":"https:\/\/www.franceabris.com\/BLOG\/wp-json\/wp\/v2\/categories?post=10741"},{"taxonomy":"post_tag","embeddable":true,"href":"https:\/\/www.franceabris.com\/BLOG\/wp-json\/wp\/v2\/tags?post=10741"}],"curies":[{"name":"wp","href":"https:\/\/api.w.org\/{rel}","templated":true}]}}