{"id":10771,"date":"2019-10-17T18:15:45","date_gmt":"2019-10-17T17:15:45","guid":{"rendered":"https:\/\/www.franceabris.com\/BLOG\/?p=10771"},"modified":"2019-10-17T18:15:45","modified_gmt":"2019-10-17T17:15:45","slug":"pourquoi-installer-un-carport-pour-la-voiture","status":"publish","type":"post","link":"https:\/\/www.franceabris.com\/BLOG\/pourquoi-installer-un-carport-pour-la-voiture\/","title":{"rendered":"Pourquoi installer un carport pour la voiture ?"},"content":{"rendered":"<p style=\"text-align: justify;\"><span style=\"color: #ff9900;\"><a style=\"color: #ff9900;\" href=\"https:\/\/www.franceabris.com\/22-abri-voiture\" target=\"_blank\" rel=\"noopener noreferrer\">L&rsquo;installation d&rsquo;un carport dans son jardin<\/a><\/span> r\u00e9pond \u00e0 un besoin souvent bien \u00e9tabli : la cr\u00e9ation d&rsquo;un espace prot\u00e9g\u00e9 pour la voiture. Avec plusieurs objectifs possibles qui tous, tournent autour d&rsquo;une m\u00eame pr\u00e9occupation : un v\u00e9hicule est on\u00e9reux, ses r\u00e9parations aussi et l&rsquo;on ne peut que gagner \u00e0 le pr\u00e9server des agressions ext\u00e9rieures.<\/p>\n<p style=\"text-align: justify;\">Explications.<\/p>\n<ul style=\"text-align: justify;\">\n<li>\n<h2>Le carport voiture&#8230; parce qu&rsquo;on manque de place !<\/h2>\n<\/li>\n<\/ul>\n<p style=\"text-align: justify;\">Avouons-le : lorsqu&rsquo;on habite en maison, que l&rsquo;on a un jardin, on a souvent plusieurs v\u00e9hicules. C&rsquo;est peut-\u00eatre parce que l&rsquo;on habite \u00e0 distance de la ville la plus proche, ce qui impose d&rsquo;avoir ses propres moyens de locomotion. C&rsquo;est peut-\u00eatre parce qu&rsquo;on a la possibilit\u00e9 de laisser la voiture dans la rue sans probl\u00e8me&#8230; ou dans le jardin. C&rsquo;est \u00e9videmment <strong>parce que l&rsquo;on n&rsquo;est pas concern\u00e9 par les probl\u00e9matiques de stationnement<\/strong> de certains urbains, notamment les Parisiens.<\/p>\n<p style=\"text-align: justify;\">Oui, mais voil\u00e0, m\u00eame quand on n&rsquo;a pas les soucis de ces derniers, il arrive que l&rsquo;on manque de place. Monsieur a sa voiture, mais Madame \u00e9galement. L&rsquo;a\u00een\u00e9 r\u00e9clame une petite citadine et le cadet un scooter&#8230; Un vrai petit parc \u00e0 stationner au quotidien !<strong> C&rsquo;est tout l&rsquo;int\u00e9r\u00eat du carport.<\/strong> Il permet d&rsquo;am\u00e9nager dans le jardin une zone pr\u00e9vue pour une, deux ou trois voitures. En couvrant ces derni\u00e8res, il les prot\u00e8ge, leur \u00e9vite des agressions du quotidien et l&rsquo;in\u00e9vitable salet\u00e9 &#8211; des feuilles mortes au pollen printanier.<\/p>\n<figure id=\"attachment_9494\" aria-describedby=\"caption-attachment-9494\" style=\"width: 396px\" class=\"wp-caption aligncenter\"><a href=\"https:\/\/www.franceabris.com\/22-abri-voiture\" rel=\"attachment wp-att-9494\"><img decoding=\"async\" loading=\"lazy\" class=\"wp-image-9494 size-full\" style=\"border: 1px solid #000000;\" src=\"https:\/\/www.franceabris.com\/BLOG\/wp-content\/uploads\/2018\/10\/carport-kit-bois-2.jpg\" alt=\"un carport pour le lotissement\" width=\"396\" height=\"290\" srcset=\"https:\/\/www.franceabris.com\/BLOG\/wp-content\/uploads\/2018\/10\/carport-kit-bois-2.jpg 396w, https:\/\/www.franceabris.com\/BLOG\/wp-content\/uploads\/2018\/10\/carport-kit-bois-2-134x98.jpg 134w, https:\/\/www.franceabris.com\/BLOG\/wp-content\/uploads\/2018\/10\/carport-kit-bois-2-328x240.jpg 328w\" sizes=\"(max-width: 396px) 100vw, 396px\" \/><\/a><figcaption id=\"caption-attachment-9494\" class=\"wp-caption-text\">Un exemple de carport pour plusieurs v\u00e9hicules. D\u00e9couvrez nos gammes sur notre site !<\/figcaption><\/figure>\n<ul style=\"text-align: justify;\">\n<li>\n<h2>Un abri voiture&#8230; pour gagner de l&rsquo;espace !<\/h2>\n<\/li>\n<\/ul>\n<p style=\"text-align: justify;\"><strong>Manquer d&rsquo;espace, c&rsquo;est une chose, mais parfois on veut aussi tout simplement en cr\u00e9er !<\/strong> Et pour ce faire, la r\u00e9attribution des pi\u00e8ces de la maison peut \u00eatre efficace. Si une chambre est souvent con\u00e7ue pour \u00eatre une pi\u00e8ce \u00e0 coucher ou, \u00e9ventuellement, un bureau, le garage, lui, et l&rsquo;espace qu&rsquo;il peut former avec une buanderie attenante peuvent aussi subir un lifting plus profond. Sauf qu&rsquo;en attendant, la voiture, elle&#8230; o\u00f9 dort-elle ?<\/p>\n<p style=\"text-align: justify;\"><strong>Dans un carport en kit ! Ou un garage \u00e0 part, \u00e9videmment.<\/strong> L&rsquo;abri voiture offre une belle solution de protection. Certes, qui n&rsquo;\u00e9quivaut pas \u00e0 un abri compl\u00e8tement clos, mais qui pr\u00e9viendra quand m\u00eame pas mal de d\u00e9t\u00e9riorations li\u00e9es aux conditions climatiques. Le toit du carport et les bardages lat\u00e9raux si vous choisissez d&rsquo;en installer freineront les feuilles, les branches, la neige, la pluie, la gr\u00eale&#8230; et les rayons UV.<\/p>\n<figure id=\"attachment_6771\" aria-describedby=\"caption-attachment-6771\" style=\"width: 437px\" class=\"wp-caption aligncenter\"><a href=\"https:\/\/www.franceabris.com\/BLOG\/porte-de-garage-automatique-solution-pratique\/273f91292590bbee334d5ec89c6e1d62\/\" rel=\"attachment wp-att-6771\"><img decoding=\"async\" loading=\"lazy\" class=\"wp-image-6771 size-large\" style=\"border: 1px solid #000000;\" src=\"https:\/\/www.franceabris.com\/BLOG\/wp-content\/uploads\/2016\/05\/273f91292590bbee334d5ec89c6e1d62-437x437.jpg\" alt=\"ouverture de garage avec porte \u00e0 bascule\" width=\"437\" height=\"437\" srcset=\"https:\/\/www.franceabris.com\/BLOG\/wp-content\/uploads\/2016\/05\/273f91292590bbee334d5ec89c6e1d62-437x437.jpg 437w, https:\/\/www.franceabris.com\/BLOG\/wp-content\/uploads\/2016\/05\/273f91292590bbee334d5ec89c6e1d62-98x98.jpg 98w, https:\/\/www.franceabris.com\/BLOG\/wp-content\/uploads\/2016\/05\/273f91292590bbee334d5ec89c6e1d62-240x240.jpg 240w, https:\/\/www.franceabris.com\/BLOG\/wp-content\/uploads\/2016\/05\/273f91292590bbee334d5ec89c6e1d62.jpg 555w\" sizes=\"(max-width: 437px) 100vw, 437px\" \/><\/a><figcaption id=\"caption-attachment-6771\" class=\"wp-caption-text\">Et si vous r\u00e9am\u00e9nagiez votre garage en pi\u00e8ce \u00e0 vivre ? Il vous faudrait alors un abri voiture ext\u00e9rieur !<\/figcaption><\/figure>\n<ul style=\"text-align: justify;\">\n<li>\n<h2>Un carport en kit&#8230; pour am\u00e9nager son jardin<\/h2>\n<\/li>\n<\/ul>\n<p style=\"text-align: justify;\"><strong>On a parfois tendance \u00e0 l&rsquo;oublier mais un carport est avant toute chose un toit<\/strong>, un abri, une solution protectrice. Vous pouvez y garer la voiture, bien entendu. Mais vous avez aussi la possibilit\u00e9 de vous en servir comme d&rsquo;un abri terrasse l&rsquo;\u00e9t\u00e9 venu, si vous mettez la voiture ailleurs. Une solution pratique ! Encore plus efficace si vous installez des \u00e9l\u00e9ments esth\u00e9tiques aux abords de l&rsquo;abri, \u00e0 m\u00eame de faire oublier sa fonction d&rsquo;origine.<\/p>\n<p style=\"text-align: justify;\">Certains clients choisissent m\u00eame <strong>d&rsquo;installer dans leur jardin des abris voitures double, pour deux v\u00e9hicules.<\/strong> L&rsquo;id\u00e9e ? Se servir d&rsquo;une place pour laisser l&rsquo;un de leur v\u00e9hicule en stationnement ; et exploiter l&rsquo;autre place pour en faire un espace de stockage. De quoi entreposer du mat\u00e9riel qui ne craint pas trop ou installer un r\u00e2telier pour les v\u00e9los de la famille ! A vous d&rsquo;\u00eatre malins, mais bien des id\u00e9es peuvent \u00eatre concr\u00e9tis\u00e9es gr\u00e2ce \u00e0 un toit de ce genre !<\/p>\n<figure id=\"attachment_10038\" aria-describedby=\"caption-attachment-10038\" style=\"width: 396px\" class=\"wp-caption aligncenter\"><a href=\"https:\/\/www.franceabris.com\/22-abri-voiture\" rel=\"attachment wp-att-10038\"><img decoding=\"async\" loading=\"lazy\" class=\"wp-image-10038 size-full\" style=\"border: 1px solid #000000;\" src=\"https:\/\/www.franceabris.com\/BLOG\/wp-content\/uploads\/2019\/04\/570-abri-voiture-adoss\u00e9.jpg\" alt=\"carport adoss\u00e9\" width=\"396\" height=\"290\" srcset=\"https:\/\/www.franceabris.com\/BLOG\/wp-content\/uploads\/2019\/04\/570-abri-voiture-adoss\u00e9.jpg 396w, https:\/\/www.franceabris.com\/BLOG\/wp-content\/uploads\/2019\/04\/570-abri-voiture-adoss\u00e9-134x98.jpg 134w, https:\/\/www.franceabris.com\/BLOG\/wp-content\/uploads\/2019\/04\/570-abri-voiture-adoss\u00e9-328x240.jpg 328w\" sizes=\"(max-width: 396px) 100vw, 396px\" \/><\/a><figcaption id=\"caption-attachment-10038\" class=\"wp-caption-text\">Un petit abri voiture adoss\u00e9 polyvalent (ID570 sur notre catalogue).<\/figcaption><\/figure>\n<p style=\"text-align: justify;\">\n","protected":false},"excerpt":{"rendered":"<p>L&rsquo;installation d&rsquo;un carport dans son jardin r\u00e9pond \u00e0 un besoin souvent bien \u00e9tabli : la cr\u00e9ation d&rsquo;un espace prot\u00e9g\u00e9 pour la voiture. Avec plusieurs objectifs possibles qui tous, tournent autour d&rsquo;une m\u00eame pr\u00e9occupation : un v\u00e9hicule est on\u00e9reux, ses r\u00e9parations aussi et l&rsquo;on ne peut que gagner \u00e0 le pr\u00e9server des agressions ext\u00e9rieures. Explications. Le &hellip; <a href=\"https:\/\/www.franceabris.com\/BLOG\/pourquoi-installer-un-carport-pour-la-voiture\/\" class=\"more-link\">Continuer la lecture de <span class=\"screen-reader-text\">Pourquoi installer un carport pour la voiture ?<\/span><\/a><\/p>\n","protected":false},"author":2,"featured_media":10783,"comment_status":"closed","ping_status":"closed","sticky":false,"template":"","format":"standard","meta":[],"categories":[3],"tags":[],"_links":{"self":[{"href":"https:\/\/www.franceabris.com\/BLOG\/wp-json\/wp\/v2\/posts\/10771"}],"collection":[{"href":"https:\/\/www.franceabris.com\/BLOG\/wp-json\/wp\/v2\/posts"}],"about":[{"href":"https:\/\/www.franceabris.com\/BLOG\/wp-json\/wp\/v2\/types\/post"}],"author":[{"embeddable":true,"href":"https:\/\/www.franceabris.com\/BLOG\/wp-json\/wp\/v2\/users\/2"}],"replies":[{"embeddable":true,"href":"https:\/\/www.franceabris.com\/BLOG\/wp-json\/wp\/v2\/comments?post=10771"}],"version-history":[{"count":0,"href":"https:\/\/www.franceabris.com\/BLOG\/wp-json\/wp\/v2\/posts\/10771\/revisions"}],"wp:featuredmedia":[{"embeddable":true,"href":"https:\/\/www.franceabris.com\/BLOG\/wp-json\/wp\/v2\/media\/10783"}],"wp:attachment":[{"href":"https:\/\/www.franceabris.com\/BLOG\/wp-json\/wp\/v2\/media?parent=10771"}],"wp:term":[{"taxonomy":"category","embeddable":true,"href":"https:\/\/www.franceabris.com\/BLOG\/wp-json\/wp\/v2\/categories?post=10771"},{"taxonomy":"post_tag","embeddable":true,"href":"https:\/\/www.franceabris.com\/BLOG\/wp-json\/wp\/v2\/tags?post=10771"}],"curies":[{"name":"wp","href":"https:\/\/api.w.org\/{rel}","templated":true}]}}