{"id":10808,"date":"2020-01-20T06:06:37","date_gmt":"2020-01-20T05:06:37","guid":{"rendered":"https:\/\/www.franceabris.com\/BLOG\/?p=10808"},"modified":"2019-10-24T09:52:39","modified_gmt":"2019-10-24T08:52:39","slug":"pour-completer-son-garage-il-opte-pour-un-carport-metal-pas-cher","status":"publish","type":"post","link":"https:\/\/www.franceabris.com\/BLOG\/pour-completer-son-garage-il-opte-pour-un-carport-metal-pas-cher\/","title":{"rendered":"Pour compl\u00e9ter son garage, il opte pour un carport m\u00e9tal pas cher !"},"content":{"rendered":"<p style=\"text-align: justify;\"><strong>Prot\u00e9gez vos v\u00e9hicules ! Chez FRANCE ABRIS, c&rsquo;est notre leitmotiv.<\/strong> Il faut dire que les moyens de locomotion sont aujourd&rsquo;hui strat\u00e9giques. Lorsqu&rsquo;on habite en ville, on a souvent la possibilit\u00e9 de prendre les transports en commun. Mais lorsqu&rsquo;on s&rsquo;exile un peu en zone p\u00e9ri-urbaine ou carr\u00e9ment rurale, la voiture s&rsquo;av\u00e8re g\u00e9n\u00e9ralement essentielle.<\/p>\n<p style=\"text-align: justify;\">Et l&rsquo;on n&rsquo;imagine pas toujours \u00e0 quel point les al\u00e9as de la m\u00e9t\u00e9o et les agressions ext\u00e9rieures en tout genre ont tendance \u00e0 d\u00e9t\u00e9riorer vos carrosseries&#8230; et vos m\u00e9caniques !<\/p>\n<p style=\"text-align: justify;\">C&rsquo;est aussi pour cette raison que Pierre, 47 ans, habitant \u00e0 Rillieux-la-Pape dans le Rh\u00f4ne, nous a contact\u00e9s il y a quelques mois. <strong>Il avait un garage, mais avait d\u00fb se r\u00e9soudre \u00e0 le r\u00e9am\u00e9nager pour gagner un peu de place&#8230;<\/strong> D&rsquo;o\u00f9 la n\u00e9cessit\u00e9 d&rsquo;abriter sa rampe d&rsquo;acc\u00e8s. Un projet efficace et int\u00e9ressant, dont il nous parle apr\u00e8s quelques semaines d&rsquo;usage. Interview.<\/p>\n<h2 style=\"text-align: justify;\">Pierre, pourquoi aviez-vous besoin d&rsquo;un carport ? Je crois savoir que vous aviez d\u00e9j\u00e0 un garage&#8230;<\/h2>\n<p style=\"text-align: justify;\">Oui, on a un garage sur le c\u00f4t\u00e9 de la maison. 50 m\u00b2 en longueur, une belle surface \u00e0 exploiter&#8230; Mais justement, on a d\u00e9cid\u00e9 d&rsquo;am\u00e9nager un bureau dans le fond, ainsi qu&rsquo;une petite buanderie. R\u00e9sultat, ce qui \u00e9tait un garage spacieux est devenu un box plus r\u00e9duit. On a encore la place pour y garer une voiture et faire un peu de stockage, mais, deux v\u00e9hicules, non, ce n&rsquo;est pas possible. Et c&rsquo;est en partant de ce constat <strong>que l&rsquo;on s&rsquo;est d\u00e9cid\u00e9s \u00e0 acheter un carport en compl\u00e9ment.<\/strong><\/p>\n<h2 style=\"text-align: justify;\">Quel kit de carport avez-vous choisi ?<\/h2>\n<p style=\"text-align: justify;\">On avait une petite id\u00e9e de ce que l&rsquo;on souhaitait installer, mais on a affin\u00e9 notre projet avec un conseiller de FRANCE ABRIS.<strong> Il nous fallait un abri voiture simple, r\u00e9sistant et pas cher.<\/strong> Un toit qui soit plut\u00f4t discret et puisse se marier esth\u00e9tiquement avec le reste. Surtout, on a choisi un mod\u00e8le aux dimensions qui correspondent \u00e0 la rampe d&rsquo;acc\u00e8s au garage. Il y a assez peu d&rsquo;espace entre cette rampe et le mur voisin, d&rsquo;o\u00f9 la n\u00e9cessit\u00e9 de trouver un carport de moins de trois m\u00e8tres de large.<\/p>\n<figure id=\"attachment_10791\" aria-describedby=\"caption-attachment-10791\" style=\"width: 396px\" class=\"wp-caption aligncenter\"><a href=\"https:\/\/www.franceabris.com\/53-carport-metal\" rel=\"attachment wp-att-10791\"><img decoding=\"async\" loading=\"lazy\" class=\"wp-image-10791 size-full\" style=\"border: 1px solid #000000;\" src=\"https:\/\/www.franceabris.com\/BLOG\/wp-content\/uploads\/2019\/10\/3113-carport-en-kit-dimensions.jpg\" alt=\"abri voiture m\u00e9tallique\" width=\"396\" height=\"290\" srcset=\"https:\/\/www.franceabris.com\/BLOG\/wp-content\/uploads\/2019\/10\/3113-carport-en-kit-dimensions.jpg 396w, https:\/\/www.franceabris.com\/BLOG\/wp-content\/uploads\/2019\/10\/3113-carport-en-kit-dimensions-134x98.jpg 134w, https:\/\/www.franceabris.com\/BLOG\/wp-content\/uploads\/2019\/10\/3113-carport-en-kit-dimensions-328x240.jpg 328w\" sizes=\"(max-width: 396px) 100vw, 396px\" \/><\/a><figcaption id=\"caption-attachment-10791\" class=\"wp-caption-text\">Des dimensions pr\u00e9cises pour cette protection \u00e0 destination des voitures. ID3113 sur FRANCE ABRIS.<\/figcaption><\/figure>\n<h2 style=\"text-align: justify;\">Donc l&rsquo;id\u00e9e \u00e9tait de monter le carport dans la continuit\u00e9 du garage ?<\/h2>\n<p style=\"text-align: justify;\">Exactement ! La porte du garage est basculante et <strong>n&rsquo;est pas g\u00ean\u00e9e par l&rsquo;ajout du carport que l&rsquo;on a install\u00e9 devant le garage<\/strong>, histoire d&rsquo;avoir une zone prot\u00e9g\u00e9e continue. On a d\u00e9j\u00e0 pu constater que c&rsquo;\u00e9tait bien pratique les jours de pluie&#8230; On sort de la voiture \u00e0 l&rsquo;abri et on rentre dans le garage ou la maison sans avoir \u00e0 se mouiller.<\/p>\n<h2 style=\"text-align: justify;\">Il a fallu fouiller un peu dans le catalogue de FRANCE ABRIS pour trouver un kit pas cher et qui convienne ?<\/h2>\n<p style=\"text-align: justify;\">Un peu, c&rsquo;est s\u00fbr, mais certains d&rsquo;entre eux se sont rapidement d\u00e9tach\u00e9s. <strong>Par le prix, d\u00e9j\u00e0, puisqu&rsquo;on voulait un carport pas cher, \u00e0 1000 euros maximum.<\/strong> Par les mat\u00e9riaux ensuite, puisqu&rsquo;on a rapidement \u00e9cart\u00e9 l&rsquo;id\u00e9e d&rsquo;opter pour un abri en bois ou en toile : on voulait s&rsquo;assurer d&rsquo;une r\u00e9sistance optimale de l&rsquo;abri voiture, qu&rsquo;il tienne des ann\u00e9es et qu&rsquo;on ne soit pas trop emb\u00eat\u00e9s par les questions d&rsquo;entretien. En l&rsquo;occurrence le kit qu&rsquo;on a choisi est garanti 10 ans&#8230; c&rsquo;est rassurant (rires) !<\/p>\n<figure id=\"attachment_10792\" aria-describedby=\"caption-attachment-10792\" style=\"width: 396px\" class=\"wp-caption aligncenter\"><a href=\"https:\/\/www.franceabris.com\/53-carport-metal\" rel=\"attachment wp-att-10792\"><img decoding=\"async\" loading=\"lazy\" class=\"wp-image-10792 size-full\" style=\"border: 1px solid #000000;\" src=\"https:\/\/www.franceabris.com\/BLOG\/wp-content\/uploads\/2019\/10\/3113-carport-m\u00e9tallique-pas-cher.jpg\" alt=\"abri voiture m\u00e9tallique en kit\" width=\"396\" height=\"290\" srcset=\"https:\/\/www.franceabris.com\/BLOG\/wp-content\/uploads\/2019\/10\/3113-carport-m\u00e9tallique-pas-cher.jpg 396w, https:\/\/www.franceabris.com\/BLOG\/wp-content\/uploads\/2019\/10\/3113-carport-m\u00e9tallique-pas-cher-134x98.jpg 134w, https:\/\/www.franceabris.com\/BLOG\/wp-content\/uploads\/2019\/10\/3113-carport-m\u00e9tallique-pas-cher-328x240.jpg 328w\" sizes=\"(max-width: 396px) 100vw, 396px\" \/><\/a><figcaption id=\"caption-attachment-10792\" class=\"wp-caption-text\">Les abris en m\u00e9tal sont r\u00e9put\u00e9s pour leur r\u00e9sistance. ID3113 dans notre catalogue.<\/figcaption><\/figure>\n<blockquote>\n<p style=\"text-align: justify;\"><strong>Le carport en kit pas cher choisi par notre client : ID3113 dans notre catalogue<\/strong><\/p>\n<p style=\"text-align: justify; font-size: 14px;\">Pr\u00e8s de 15 m\u00b2 d&#8217;emprise au sol, 2,94 m\u00e8tres de largeur, 5 de longueur&#8230; <strong>Le carport de notre client est une valeur s\u00fbre de notre catalogue.<\/strong> Une structure m\u00e9tallique, en aluminium, qui offre une r\u00e9sistance maximale et qui s&rsquo;appuie sur une garantie de 10 ans. Le tout couvert par un toit en polycarbonate fum\u00e9, lui garanti deux ans, qui offre ombre et protection physique \u00e0 son v\u00e9hicule. Un abri voiture m\u00e9tallique au rapport qualit\u00e9\/prix imbattable !<\/p>\n<\/blockquote>\n","protected":false},"excerpt":{"rendered":"<p>Prot\u00e9gez vos v\u00e9hicules ! Chez FRANCE ABRIS, c&rsquo;est notre leitmotiv. Il faut dire que les moyens de locomotion sont aujourd&rsquo;hui strat\u00e9giques. Lorsqu&rsquo;on habite en ville, on a souvent la possibilit\u00e9 de prendre les transports en commun. Mais lorsqu&rsquo;on s&rsquo;exile un peu en zone p\u00e9ri-urbaine ou carr\u00e9ment rurale, la voiture s&rsquo;av\u00e8re g\u00e9n\u00e9ralement essentielle. Et l&rsquo;on n&rsquo;imagine &hellip; <a href=\"https:\/\/www.franceabris.com\/BLOG\/pour-completer-son-garage-il-opte-pour-un-carport-metal-pas-cher\/\" class=\"more-link\">Continuer la lecture de <span class=\"screen-reader-text\">Pour compl\u00e9ter son garage, il opte pour un carport m\u00e9tal pas cher !<\/span><\/a><\/p>\n","protected":false},"author":2,"featured_media":10809,"comment_status":"closed","ping_status":"closed","sticky":false,"template":"","format":"standard","meta":[],"categories":[1],"tags":[],"_links":{"self":[{"href":"https:\/\/www.franceabris.com\/BLOG\/wp-json\/wp\/v2\/posts\/10808"}],"collection":[{"href":"https:\/\/www.franceabris.com\/BLOG\/wp-json\/wp\/v2\/posts"}],"about":[{"href":"https:\/\/www.franceabris.com\/BLOG\/wp-json\/wp\/v2\/types\/post"}],"author":[{"embeddable":true,"href":"https:\/\/www.franceabris.com\/BLOG\/wp-json\/wp\/v2\/users\/2"}],"replies":[{"embeddable":true,"href":"https:\/\/www.franceabris.com\/BLOG\/wp-json\/wp\/v2\/comments?post=10808"}],"version-history":[{"count":0,"href":"https:\/\/www.franceabris.com\/BLOG\/wp-json\/wp\/v2\/posts\/10808\/revisions"}],"wp:featuredmedia":[{"embeddable":true,"href":"https:\/\/www.franceabris.com\/BLOG\/wp-json\/wp\/v2\/media\/10809"}],"wp:attachment":[{"href":"https:\/\/www.franceabris.com\/BLOG\/wp-json\/wp\/v2\/media?parent=10808"}],"wp:term":[{"taxonomy":"category","embeddable":true,"href":"https:\/\/www.franceabris.com\/BLOG\/wp-json\/wp\/v2\/categories?post=10808"},{"taxonomy":"post_tag","embeddable":true,"href":"https:\/\/www.franceabris.com\/BLOG\/wp-json\/wp\/v2\/tags?post=10808"}],"curies":[{"name":"wp","href":"https:\/\/api.w.org\/{rel}","templated":true}]}}