{"id":10988,"date":"2020-03-01T06:06:34","date_gmt":"2020-03-01T05:06:34","guid":{"rendered":"https:\/\/www.franceabris.com\/BLOG\/?p=10988"},"modified":"2019-12-12T20:36:56","modified_gmt":"2019-12-12T19:36:56","slug":"quels-criteres-etudier-lorsquon-choisit-son-abri-camping-car","status":"publish","type":"post","link":"https:\/\/www.franceabris.com\/BLOG\/quels-criteres-etudier-lorsquon-choisit-son-abri-camping-car\/","title":{"rendered":"Quels crit\u00e8res \u00e9tudier lorsqu\u2019on choisit son abri camping-car ?"},"content":{"rendered":"<p style=\"text-align: justify;\">Ca y est, vous vous \u00eates d\u00e9cid\u00e9 : apr\u00e8s des ann\u00e9es pass\u00e9es \u00e0 payer une soci\u00e9t\u00e9 de gardiennage pour votre camping-car, vous avez choisi de passer le cap&#8230; <strong>et d&rsquo;investir dans un carport sp\u00e9cialis\u00e9 grande hauteur, pour votre porteur.<\/strong> Et oui ! C&rsquo;\u00e9tait peut-\u00eatre le dernier hiver que ce dernier passait loin de chez vous&#8230; Avec un abri en kit, vous pourrez laisser en stationnement votre v\u00e9hicule dans votre jardin, sous un toit adapt\u00e9.<\/p>\n<p style=\"text-align: justify;\">Mais une fois votre d\u00e9cision prise, encore faut-il choisir le mod\u00e8le qui conviendra \u00e0 votre situation, votre environnement et au camping-car lui-m\u00eame. Et ce n&rsquo;est pas toujours une sin\u00e9cure ! C&rsquo;est d&rsquo;ailleurs pour cette raison que nos conseillers sont \u00e0 votre \u00e9coute&#8230; <strong>Vous aider et \u00e9clairer les qualit\u00e9s et les d\u00e9fauts de nos diff\u00e9rents kits, tel est leur objectif !<\/strong> Avec, pour y voir plus clair, la n\u00e9cessit\u00e9 de tenir compte de trois param\u00e8tres importants&#8230;<\/p>\n<p style=\"text-align: justify;\">Explications.<\/p>\n<h2 style=\"text-align: justify;\">1\/ L&#8217;emprise au sol du carport camping-car<\/h2>\n<p style=\"text-align: justify;\">C&rsquo;est entendu, <strong>si vous voulez trouver le bon abri pour votre camping-car, vous devez faire tr\u00e8s attention \u00e0 ses dimensions<\/strong>. De celles-ci va d\u00e9pendre l&#8217;emprise au sol de votre kit mont\u00e9&#8230; <span style=\"color: #ff9900;\"><a style=\"color: #ff9900;\" href=\"https:\/\/www.service-public.fr\/particuliers\/glossaire\/R15257\" target=\"_blank\" rel=\"noopener noreferrer\">Cette emprise au sol, telle que la d\u00e9finit le Code de l&rsquo;urbanisme,<\/a><\/span> est <em>\u00ab\u00a0une projection verticale du volume de la construction, tous d\u00e9bords et surplombs inclus\u00a0\u00bb<\/em>. Elle va donc permettre de d\u00e9terminer la surface que vous aurez \u00e0 disposition pour garer votre porteur.<\/p>\n<h3 style=\"text-align: justify;\">Elle d\u00e9pend aussi d l&#8217;emplacement choisi pour votre abri v\u00e9hicule de loisir<\/h3>\n<p style=\"text-align: justify;\">La facilit\u00e9 que vous aurez \u00e0 man\u0153uvrer votre v\u00e9hicule de loisir, la fa\u00e7on dont vous pourrez en faire le tour les jours de pluie en restant \u00e0 l&rsquo;abri&#8230; <strong>Cette emprise au sol conditionnera forc\u00e9ment votre utilisation du carport.<\/strong> Et l&rsquo;on ne peut que vous inciter \u00e0 voir un peu plus grand que le strict n\u00e9cessaire. Une place suppl\u00e9mentaire que vous appr\u00e9cierez lorsque vous entretiendrez votre porteur ou que vous vous pr\u00e9parerez \u00e0 partir.<\/p>\n<figure id=\"attachment_10992\" aria-describedby=\"caption-attachment-10992\" style=\"width: 397px\" class=\"wp-caption aligncenter\"><a href=\"https:\/\/www.franceabris.com\/55-abri-camping-car-metal\"><img decoding=\"async\" loading=\"lazy\" class=\"wp-image-10992 size-full\" style=\"border: 1px solid #000000;\" src=\"https:\/\/www.franceabris.com\/BLOG\/wp-content\/uploads\/2019\/12\/2692-abri-camping-car-alu.jpg\" alt=\"Abri pour un camping-car\" width=\"397\" height=\"291\" srcset=\"https:\/\/www.franceabris.com\/BLOG\/wp-content\/uploads\/2019\/12\/2692-abri-camping-car-alu.jpg 397w, https:\/\/www.franceabris.com\/BLOG\/wp-content\/uploads\/2019\/12\/2692-abri-camping-car-alu-327x240.jpg 327w, https:\/\/www.franceabris.com\/BLOG\/wp-content\/uploads\/2019\/12\/2692-abri-camping-car-alu-134x98.jpg 134w\" sizes=\"(max-width: 397px) 100vw, 397px\" \/><\/a><figcaption id=\"caption-attachment-10992\" class=\"wp-caption-text\">Ce carport camping-car pas cher est disponible, en kit alu m\u00e9tallique, sous la r\u00e9f\u00e9rence ID2692 sur notre site.<\/figcaption><\/figure>\n<p style=\"text-align: justify;\">Avec une ultime n\u00e9cessit\u00e9 : que les dimensions du kit s&rsquo;accordent \u00e0 l&#8217;emplacement que vous avez pr\u00e9vu. C&rsquo;est l&rsquo;\u00e9vidence, n&rsquo;est-ce pas !<\/p>\n<h2 style=\"text-align: justify;\">2\/ La hauteur utile : le principe-m\u00eame d&rsquo;un kit de carport v\u00e9hicule de loisir<\/h2>\n<p style=\"text-align: justify;\">El\u00e9mentaire, mon cher Watson ! Et oui, forc\u00e9ment, quand on a l&rsquo;habitude de tracer la route avec son camping-car, on a s\u00fbrement en t\u00eate cette notion de <em>\u00ab\u00a0hauteur utile\u00a0\u00bb<\/em>. C&rsquo;est cette hauteur qui peut vous emp\u00eacher de passer sous le portique d&rsquo;acc\u00e8s d&rsquo;un pont limit\u00e9 \u00e0 trois m\u00e8tres, par exemple&#8230; <strong>Cette hauteur dont il vous faut tenir compte lorsque vous cherchez un abri pour votre v\u00e9hicule.<\/strong> Ce dernier fait peut-\u00eatre entre 2,7 et 3 m\u00e8tres de haut&#8230;<\/p>\n<h3 style=\"text-align: justify;\">Pouvoir ouvrir ses lanterneaux en laissant son porteur sous le carport grande hauteur<\/h3>\n<p style=\"text-align: justify;\">Votre carport doit \u00eatre adapt\u00e9. Sur FRANCE ABRIS, nombre de nos mod\u00e8les culminent entre 2,9 et 3,5 m\u00e8tres. Pensez tout de m\u00eame, pour votre confort, qu&rsquo;il vous faut pouvoir ouvrir les lanterneaux en laissant le v\u00e9hicule \u00e0 l&rsquo;abri. Pour des raisons similaires \u00e0 celles \u00e9voqu\u00e9es plus haut, au sujet de l&#8217;emprise au sol, <strong>la hauteur utile de votre carport camping-car devra \u00eatre un peu plus importante que le strict n\u00e9cessaire.<\/strong> Prendre un peu de marge, c&rsquo;est pallier toute \u00e9ventualit\u00e9 !<\/p>\n<figure id=\"attachment_10991\" aria-describedby=\"caption-attachment-10991\" style=\"width: 397px\" class=\"wp-caption aligncenter\"><a href=\"https:\/\/www.franceabris.com\/55-abri-camping-car-metal\"><img decoding=\"async\" loading=\"lazy\" class=\"wp-image-10991 size-full\" style=\"border: 1px solid #000000;\" src=\"https:\/\/www.franceabris.com\/BLOG\/wp-content\/uploads\/2019\/12\/2463-abri-camping-car-design-alu-764m-x-3m.jpg\" alt=\"Carport grande hauteur v\u00e9hicule de loisir\" width=\"397\" height=\"291\" srcset=\"https:\/\/www.franceabris.com\/BLOG\/wp-content\/uploads\/2019\/12\/2463-abri-camping-car-design-alu-764m-x-3m.jpg 397w, https:\/\/www.franceabris.com\/BLOG\/wp-content\/uploads\/2019\/12\/2463-abri-camping-car-design-alu-764m-x-3m-327x240.jpg 327w, https:\/\/www.franceabris.com\/BLOG\/wp-content\/uploads\/2019\/12\/2463-abri-camping-car-design-alu-764m-x-3m-134x98.jpg 134w\" sizes=\"(max-width: 397px) 100vw, 397px\" \/><\/a><figcaption id=\"caption-attachment-10991\" class=\"wp-caption-text\">Un v\u00e9hicule de loisir peut stationner sans probl\u00e8me sous ce carport grande hauteur culminant \u00e0 3 m\u00e8tres. Un kit disponible sous la r\u00e9f\u00e9rence ID2463 dans notre catalogue.<\/figcaption><\/figure>\n<p style=\"text-align: justify;\">Ce n&rsquo;est d&rsquo;ailleurs pas pour rien que nos abris en kit de cette gamme sont aussi souvent appel\u00e9s <em>\u00ab\u00a0carports grande hauteur\u00a0\u00bb<\/em>. La hauteur utile ou une belle hauteur de passage, c&rsquo;est leur caract\u00e9ristique premi\u00e8re.<\/p>\n<h2 style=\"text-align: justify;\">3\/ Un kit d&rsquo;abri camping-car en bois ou en m\u00e9tal<\/h2>\n<p style=\"text-align: justify;\"><strong>Il vous faudra \u00e9tudier un peu les diff\u00e9rents kits d&rsquo;abris d\u00e9di\u00e9s \u00e0 votre porteur.<\/strong> Et vous noterez certaines particularit\u00e9s&#8230; Dont une principale : les mat\u00e9riaux. Des carports en bois ou en m\u00e9tal sont ainsi disponibles, tous avec des qualit\u00e9s variables. Avec, du c\u00f4t\u00e9 du bois, des abris en bois autoclave, d\u00e9j\u00e0 trait\u00e9s en profondeur contre les insectes xylophages et les champignons. Ou en bois Douglas, une essence naturellement r\u00e9sistante \u00e0 ces agressions.<\/p>\n<h3>Alu, acier galvanis\u00e9, bois autoclave, bois Douglas&#8230; L&rsquo;abri camping-car et ses multiples possibilit\u00e9s !<\/h3>\n<p style=\"text-align: justify;\"><strong>Et, du c\u00f4t\u00e9 du m\u00e9tal, des abris grande hauteur en acier galvanis\u00e9<\/strong> : la base pour un carport, et l&rsquo;assurance d&rsquo;une longue dur\u00e9e de vie que sert une r\u00e9sistance \u00e0 toute \u00e9preuve. Certains mod\u00e8les sont en aluminium, avec des couvertures en polycarbonate ou en toile PVC tendue&#8230; Tous sont des carports que l&rsquo;on appr\u00e9cie g\u00e9n\u00e9ralement pour leur garantie de 10 \u00e0 25 ans et leur autonomie. Pas besoin d&rsquo;entretien pour ces kits r\u00e9sistants !<\/p>\n<figure id=\"attachment_10989\" aria-describedby=\"caption-attachment-10989\" style=\"width: 397px\" class=\"wp-caption aligncenter\"><a href=\"https:\/\/www.franceabris.com\/24-abri-camping-car-bois\"><img decoding=\"async\" loading=\"lazy\" class=\"wp-image-10989 size-full\" style=\"border: 1px solid #000000;\" src=\"https:\/\/www.franceabris.com\/BLOG\/wp-content\/uploads\/2019\/12\/2514-abri-camping-car-en-bois-douglas.jpg\" alt=\"Abri v\u00e9hicule de loisir en essence de Douglas\" width=\"397\" height=\"291\" srcset=\"https:\/\/www.franceabris.com\/BLOG\/wp-content\/uploads\/2019\/12\/2514-abri-camping-car-en-bois-douglas.jpg 397w, https:\/\/www.franceabris.com\/BLOG\/wp-content\/uploads\/2019\/12\/2514-abri-camping-car-en-bois-douglas-327x240.jpg 327w, https:\/\/www.franceabris.com\/BLOG\/wp-content\/uploads\/2019\/12\/2514-abri-camping-car-en-bois-douglas-134x98.jpg 134w\" sizes=\"(max-width: 397px) 100vw, 397px\" \/><\/a><figcaption id=\"caption-attachment-10989\" class=\"wp-caption-text\">Ce carport grande hauteur est con\u00e7u en bois Douglas. A d\u00e9couvrir sous la r\u00e9f\u00e9rence ID2514 sur notre site.<\/figcaption><\/figure>\n<p style=\"text-align: justify;\">L&#8217;emprise au sol, la hauteur utile, les mat\u00e9riaux : ce trio constitue une bonne mani\u00e8re de faire un premier tri entre les produits propos\u00e9s. <span style=\"color: #ff9900;\"><a style=\"color: #ff9900;\" href=\"https:\/\/www.franceabris.com\/54-abri-camping-car\" target=\"_blank\" rel=\"noopener noreferrer\">Et d&rsquo;y voir plus clair au moment de prendre votre t\u00e9l\u00e9phone et de nous contacter !<\/a><\/span><\/p>\n","protected":false},"excerpt":{"rendered":"<p>Ca y est, vous vous \u00eates d\u00e9cid\u00e9 : apr\u00e8s des ann\u00e9es pass\u00e9es \u00e0 payer une soci\u00e9t\u00e9 de gardiennage pour votre camping-car, vous avez choisi de passer le cap&#8230; et d&rsquo;investir dans un carport sp\u00e9cialis\u00e9 grande hauteur, pour votre porteur. Et oui ! C&rsquo;\u00e9tait peut-\u00eatre le dernier hiver que ce dernier passait loin de chez vous&#8230; &hellip; <a href=\"https:\/\/www.franceabris.com\/BLOG\/quels-criteres-etudier-lorsquon-choisit-son-abri-camping-car\/\" class=\"more-link\">Continuer la lecture de <span class=\"screen-reader-text\">Quels crit\u00e8res \u00e9tudier lorsqu\u2019on choisit son abri camping-car ?<\/span><\/a><\/p>\n","protected":false},"author":2,"featured_media":10990,"comment_status":"closed","ping_status":"closed","sticky":false,"template":"","format":"standard","meta":[],"categories":[3],"tags":[],"_links":{"self":[{"href":"https:\/\/www.franceabris.com\/BLOG\/wp-json\/wp\/v2\/posts\/10988"}],"collection":[{"href":"https:\/\/www.franceabris.com\/BLOG\/wp-json\/wp\/v2\/posts"}],"about":[{"href":"https:\/\/www.franceabris.com\/BLOG\/wp-json\/wp\/v2\/types\/post"}],"author":[{"embeddable":true,"href":"https:\/\/www.franceabris.com\/BLOG\/wp-json\/wp\/v2\/users\/2"}],"replies":[{"embeddable":true,"href":"https:\/\/www.franceabris.com\/BLOG\/wp-json\/wp\/v2\/comments?post=10988"}],"version-history":[{"count":0,"href":"https:\/\/www.franceabris.com\/BLOG\/wp-json\/wp\/v2\/posts\/10988\/revisions"}],"wp:featuredmedia":[{"embeddable":true,"href":"https:\/\/www.franceabris.com\/BLOG\/wp-json\/wp\/v2\/media\/10990"}],"wp:attachment":[{"href":"https:\/\/www.franceabris.com\/BLOG\/wp-json\/wp\/v2\/media?parent=10988"}],"wp:term":[{"taxonomy":"category","embeddable":true,"href":"https:\/\/www.franceabris.com\/BLOG\/wp-json\/wp\/v2\/categories?post=10988"},{"taxonomy":"post_tag","embeddable":true,"href":"https:\/\/www.franceabris.com\/BLOG\/wp-json\/wp\/v2\/tags?post=10988"}],"curies":[{"name":"wp","href":"https:\/\/api.w.org\/{rel}","templated":true}]}}