{"id":11054,"date":"2020-04-09T06:06:46","date_gmt":"2020-04-09T05:06:46","guid":{"rendered":"https:\/\/www.franceabris.com\/BLOG\/?p=11054"},"modified":"2020-01-09T12:47:39","modified_gmt":"2020-01-09T11:47:39","slug":"des-abris-terrasse-avec-grande-avancee-de-toit","status":"publish","type":"post","link":"https:\/\/www.franceabris.com\/BLOG\/des-abris-terrasse-avec-grande-avancee-de-toit\/","title":{"rendered":"Des abris terrasse avec grande avanc\u00e9e de toit"},"content":{"rendered":"<p style=\"text-align: justify;\"><strong>Comme chaque ann\u00e9e, les abris terrasse reviennent sur le devant de la sc\u00e8ne.<\/strong> Forc\u00e9ment, avec le retour du soleil et l&rsquo;arriv\u00e9e des premi\u00e8res chaleurs, on prend\u00a0 \u00e0 nouveau plaisir \u00e0 mettre le nez dehors. Et \u00e0 r\u00e9investir sa terrasse ! C&rsquo;est donc plus que jamais le moment de choisir une couverture adapt\u00e9e \u00e0 l&rsquo;usage que vous en aurez durant l&rsquo;\u00e9t\u00e9.<\/p>\n<p style=\"text-align: justify;\">Parmi les kits disponibles sur notre site, il peut s&rsquo;av\u00e9rer judicieux de jeter un coup d&rsquo;oeil <strong>\u00e0 nos toits terrasse proposant de grandes avanc\u00e9es de toit.<\/strong> Il existe des abris traditionnels proposant une surface prot\u00e9g\u00e9e int\u00e9ressante, aux dimensions principalement variables en longueur&#8230; Mais, dans certains cas, c&rsquo;est d&rsquo;un toit avec une grande profondeur dont on a besoin !<\/p>\n<p style=\"text-align: justify;\">Une ombre prononc\u00e9e gr\u00e2ce \u00e0 une avanc\u00e9e de toit de belle envergure&#8230; Explications.<\/p>\n<h2 style=\"text-align: justify;\">Un toit terrasse m\u00e9tallique : l&rsquo;aluminium pour un abri grande couverture<\/h2>\n<p style=\"text-align: justify;\"><strong>Ce toit est une couverture tr\u00e8s imposante abritant pas moins de 23 m\u00b2.<\/strong> Mais l&rsquo;int\u00e9r\u00eat de ce kit ne r\u00e9side pas seulement dans son emprise au sol : il propose une profondeur d&rsquo;un peu moins de quatre m\u00e8tres quand nombre de toits terrasse se contentent de 2,5 m\u00e8tres environ. Pour qui a moins besoin de largeur que de profondeur, c&rsquo;est un atout ind\u00e9niable&#8230; Car, trop souvent, un toit qui permet de couvrir une belle surface tend \u00e0 courir tout le long de la fa\u00e7ade.<\/p>\n<h3>Un abri pour la terrasse aux poteaux ajustables<\/h3>\n<p style=\"text-align: justify;\">Or, ce n&rsquo;est pas toujours envisageable lorsqu&rsquo;on a un ext\u00e9rieur ou une architecture un peu sp\u00e9cifique, imposant des contraintes en mati\u00e8re d&rsquo;am\u00e9nagements ext\u00e9rieurs. Avec ce kit trois poteaux en aluminium, l&rsquo;on s&rsquo;offre une profondeur bienvenue, adapt\u00e9e \u00e0 des situations particuli\u00e8res. <strong>D&rsquo;autant plus que ce toit terrasse est ajustable<\/strong> : il est possible de modifier la distance entre les poteaux ou celle entre la fa\u00e7ade et les poteaux. Pratique !<\/p>\n<figure id=\"attachment_11078\" aria-describedby=\"caption-attachment-11078\" style=\"width: 397px\" class=\"wp-caption aligncenter\"><a href=\"https:\/\/www.franceabris.com\/13-abri-terrasse\"><img decoding=\"async\" loading=\"lazy\" class=\"wp-image-11078 size-full\" style=\"border: 1px solid #000000;\" src=\"https:\/\/www.franceabris.com\/BLOG\/wp-content\/uploads\/2020\/01\/1672-abri-terrasse-ajustable.jpg\" alt=\"toit terrasse grande couverture\" width=\"397\" height=\"291\" srcset=\"https:\/\/www.franceabris.com\/BLOG\/wp-content\/uploads\/2020\/01\/1672-abri-terrasse-ajustable.jpg 397w, https:\/\/www.franceabris.com\/BLOG\/wp-content\/uploads\/2020\/01\/1672-abri-terrasse-ajustable-327x240.jpg 327w, https:\/\/www.franceabris.com\/BLOG\/wp-content\/uploads\/2020\/01\/1672-abri-terrasse-ajustable-134x98.jpg 134w\" sizes=\"(max-width: 397px) 100vw, 397px\" \/><\/a><figcaption id=\"caption-attachment-11078\" class=\"wp-caption-text\">Cet abri pour l&rsquo;ext\u00e9rieur est disponible sous la r\u00e9f\u00e9rence ID1672 sur notre site.<\/figcaption><\/figure>\n<h2 style=\"text-align: justify;\">Un toit terrasse en bois avec une avanc\u00e9e de toit significative<\/h2>\n<p style=\"text-align: justify;\">On ne cherche pas forc\u00e9ment du m\u00e9tal, de l&rsquo;aluminium, de l&rsquo;acier galvanis\u00e9&#8230; Non, l&rsquo;on peut aussi pr\u00e9f\u00e9rer opter pour du bois, dans toute son \u00e9l\u00e9gance et sa belle r\u00e9sistance. Avec <strong>ce kit d&rsquo;abri pour l&rsquo;ext\u00e9rieur, c&rsquo;est du pin lamell\u00e9-coll\u00e9 qui offre une avanc\u00e9e de toit bien pratique<\/strong> lorsqu&rsquo;on cherche de la profondeur plus que de la largeur. 4,34 m\u00e8tres de large pour 3,39 de profondeur, pour 15 m\u00b2 pr\u00e9serv\u00e9s de la pluie&#8230; Avec une hauteur allant de 2,41 m\u00e8tres \u00e0 3,15 gr\u00e2ce \u00e0 la forme rac\u00e9e de la charpente.<\/p>\n<h3 style=\"text-align: justify;\">Une charpente sp\u00e9cifique pour ce kit en bois lamell\u00e9-coll\u00e9<\/h3>\n<p style=\"text-align: justify;\">Un choix de qualit\u00e9, l\u00e0 encore, <strong>permettant d&rsquo;ajuster un toit terrasse aux particularit\u00e9s de sa fa\u00e7ade.<\/strong> On aime ! Sans compter que ce kit constitue un atout esth\u00e9tique ind\u00e9niable. A vous l&rsquo;installation d&rsquo;une table \u00e0 manger ou l&rsquo;am\u00e9nagement d&rsquo;un petit coin d\u00e9tente avec table basse et bains de soleil ! Si votre jardin manque de largeur, vous pourrez quand m\u00eame profiter d&rsquo;un abri offrant une emprise au sol int\u00e9ressante&#8230; et c&rsquo;est bien normal !<\/p>\n<figure id=\"attachment_11079\" aria-describedby=\"caption-attachment-11079\" style=\"width: 396px\" class=\"wp-caption aligncenter\"><a href=\"https:\/\/www.franceabris.com\/13-abri-terrasse\"><img decoding=\"async\" loading=\"lazy\" class=\"wp-image-11079 size-full\" style=\"border: 1px solid #000000;\" src=\"https:\/\/www.franceabris.com\/BLOG\/wp-content\/uploads\/2020\/01\/584-abri-terrasse-avanc\u00e9e-de-toit-en-bois.jpg\" alt=\"abri terrasse bois lamell\u00e9-coll\u00e9\" width=\"396\" height=\"290\" srcset=\"https:\/\/www.franceabris.com\/BLOG\/wp-content\/uploads\/2020\/01\/584-abri-terrasse-avanc\u00e9e-de-toit-en-bois.jpg 396w, https:\/\/www.franceabris.com\/BLOG\/wp-content\/uploads\/2020\/01\/584-abri-terrasse-avanc\u00e9e-de-toit-en-bois-328x240.jpg 328w, https:\/\/www.franceabris.com\/BLOG\/wp-content\/uploads\/2020\/01\/584-abri-terrasse-avanc\u00e9e-de-toit-en-bois-134x98.jpg 134w\" sizes=\"(max-width: 396px) 100vw, 396px\" \/><\/a><figcaption id=\"caption-attachment-11079\" class=\"wp-caption-text\">Ce kit en bois lamell\u00e9-coll\u00e9 est disponible sous la r\u00e9f\u00e9rence ID584 dans notre catalogue.<\/figcaption><\/figure>\n<h2 style=\"text-align: justify;\">Un abri grandes dimensions avec profondeur marqu\u00e9e<\/h2>\n<p style=\"text-align: justify;\">Encore du m\u00e9tal et de l&rsquo;aluminium <strong>avec ce troisi\u00e8me mod\u00e8le d&rsquo;abri pour la terrasse qui vous est pr\u00e9sent\u00e9.<\/strong> Celui-ci propose une emprise au sol de tr\u00e8s haut-niveau, alliant largeur importante et &#8211; ce qui nous int\u00e9resse &#8211; profondeur imbattable. Cette derni\u00e8re atteint en effet quatre m\u00e8tres. Quatre ! Pour un peu moins de huit de large, de quoi offrir 31 m\u00b2 au total ce qui couvrira jusqu&rsquo;aux terrasses les plus vastes. Quelques options sont en outre propos\u00e9es : des coloris et textures sp\u00e9cifique entre noir, gris et blanc. Un mod\u00e8le de haut-niveau !<\/p>\n<figure id=\"attachment_11080\" aria-describedby=\"caption-attachment-11080\" style=\"width: 397px\" class=\"wp-caption aligncenter\"><a href=\"https:\/\/www.franceabris.com\/13-abri-terrasse\"><img decoding=\"async\" loading=\"lazy\" class=\"wp-image-11080 size-full\" style=\"border: 1px solid #000000;\" src=\"https:\/\/www.franceabris.com\/BLOG\/wp-content\/uploads\/2020\/01\/2500-abri-terrasse-grandes-dimensions.jpg\" alt=\"Abri terrasse grande avanc\u00e9e de toit en m\u00e9tal\" width=\"397\" height=\"291\" srcset=\"https:\/\/www.franceabris.com\/BLOG\/wp-content\/uploads\/2020\/01\/2500-abri-terrasse-grandes-dimensions.jpg 397w, https:\/\/www.franceabris.com\/BLOG\/wp-content\/uploads\/2020\/01\/2500-abri-terrasse-grandes-dimensions-327x240.jpg 327w, https:\/\/www.franceabris.com\/BLOG\/wp-content\/uploads\/2020\/01\/2500-abri-terrasse-grandes-dimensions-134x98.jpg 134w\" sizes=\"(max-width: 397px) 100vw, 397px\" \/><\/a><figcaption id=\"caption-attachment-11080\" class=\"wp-caption-text\">Une r\u00e9f\u00e9rence de tr\u00e8s haut-niveau disponible sous l&rsquo;ID2500 sur notre site.<\/figcaption><\/figure>\n","protected":false},"excerpt":{"rendered":"<p>Comme chaque ann\u00e9e, les abris terrasse reviennent sur le devant de la sc\u00e8ne. Forc\u00e9ment, avec le retour du soleil et l&rsquo;arriv\u00e9e des premi\u00e8res chaleurs, on prend\u00a0 \u00e0 nouveau plaisir \u00e0 mettre le nez dehors. Et \u00e0 r\u00e9investir sa terrasse ! C&rsquo;est donc plus que jamais le moment de choisir une couverture adapt\u00e9e \u00e0 l&rsquo;usage que &hellip; <a href=\"https:\/\/www.franceabris.com\/BLOG\/des-abris-terrasse-avec-grande-avancee-de-toit\/\" class=\"more-link\">Continuer la lecture de <span class=\"screen-reader-text\">Des abris terrasse avec grande avanc\u00e9e de toit<\/span><\/a><\/p>\n","protected":false},"author":2,"featured_media":11081,"comment_status":"closed","ping_status":"closed","sticky":false,"template":"","format":"standard","meta":[],"categories":[3],"tags":[],"_links":{"self":[{"href":"https:\/\/www.franceabris.com\/BLOG\/wp-json\/wp\/v2\/posts\/11054"}],"collection":[{"href":"https:\/\/www.franceabris.com\/BLOG\/wp-json\/wp\/v2\/posts"}],"about":[{"href":"https:\/\/www.franceabris.com\/BLOG\/wp-json\/wp\/v2\/types\/post"}],"author":[{"embeddable":true,"href":"https:\/\/www.franceabris.com\/BLOG\/wp-json\/wp\/v2\/users\/2"}],"replies":[{"embeddable":true,"href":"https:\/\/www.franceabris.com\/BLOG\/wp-json\/wp\/v2\/comments?post=11054"}],"version-history":[{"count":0,"href":"https:\/\/www.franceabris.com\/BLOG\/wp-json\/wp\/v2\/posts\/11054\/revisions"}],"wp:featuredmedia":[{"embeddable":true,"href":"https:\/\/www.franceabris.com\/BLOG\/wp-json\/wp\/v2\/media\/11081"}],"wp:attachment":[{"href":"https:\/\/www.franceabris.com\/BLOG\/wp-json\/wp\/v2\/media?parent=11054"}],"wp:term":[{"taxonomy":"category","embeddable":true,"href":"https:\/\/www.franceabris.com\/BLOG\/wp-json\/wp\/v2\/categories?post=11054"},{"taxonomy":"post_tag","embeddable":true,"href":"https:\/\/www.franceabris.com\/BLOG\/wp-json\/wp\/v2\/tags?post=11054"}],"curies":[{"name":"wp","href":"https:\/\/api.w.org\/{rel}","templated":true}]}}