{"id":11091,"date":"2020-02-12T11:29:52","date_gmt":"2020-02-12T10:29:52","guid":{"rendered":"https:\/\/www.franceabris.com\/BLOG\/?p=11091"},"modified":"2020-02-12T11:29:52","modified_gmt":"2020-02-12T10:29:52","slug":"la-legere-hausse-de-la-taxe-abris-de-jardin-est-confirmee","status":"publish","type":"post","link":"https:\/\/www.franceabris.com\/BLOG\/la-legere-hausse-de-la-taxe-abris-de-jardin-est-confirmee\/","title":{"rendered":"La l\u00e9g\u00e8re hausse de la taxe abris de jardin est confirm\u00e9e"},"content":{"rendered":"<p style=\"text-align: justify;\">Nous en parlions il y a quelques semaines, mais c&rsquo;est d\u00e9sormais officiel : <strong>oui, la taxe \u00ab\u00a0abris de jardin\u00a0\u00bb va encore augmenter pour 2020.<\/strong> Celle qui r\u00e9pond au (plus ou moins) doux nom de taxe d&rsquo;am\u00e9nagement voit sa valeur forfaitaire subir une l\u00e9g\u00e8re hausse. L\u00e9g\u00e8re, car, en effet, l&rsquo;augmentation n&rsquo;est pas aussi prononc\u00e9e que les ann\u00e9es d&rsquo;avant.<\/p>\n<p style=\"text-align: justify;\"><span style=\"color: #ff9900;\"><a style=\"color: #ff9900;\" href=\"https:\/\/www.franceabris.com\/BLOG\/pour-2020-une-hausse-tres-legere-sur-la-taxe-des-abris-de-jardin\/\" target=\"_blank\" rel=\"noopener noreferrer\">Les montants que nous mentionnions en janvier sont les bons&#8230; et la valeur forfaitaire va prendre 1%<\/a><\/span>, contre pr\u00e8s de 4% en 2019. Sont concern\u00e9s : les abris de jardin pour lesquels vous d\u00e9poseriez un permis de construire ou une d\u00e9claration pr\u00e9alable de travaux, les carports, les poolhouses&#8230; D\u00e9tail.<\/p>\n<h2 style=\"text-align: justify;\">La taxe abris de jardin en hausse<\/h2>\n<p style=\"text-align: justify;\">C&rsquo;est un sujet d&rsquo;actualit\u00e9 annuel, <strong>puisqu&rsquo;elle est revue tous les ans entre d\u00e9cembre et janvier : la taxe d&rsquo;am\u00e9nagement.<\/strong> Celle qu&rsquo;on appelle <em>\u00ab\u00a0taxe abris de jardin\u00a0\u00bb<\/em>, parce qu&rsquo;elle s&rsquo;applique notamment \u00e0 ces derniers et aux petites d\u00e9pendances d&rsquo;ext\u00e9rieur, subit une augmentation chaque ann\u00e9e. Tout du moins, c&rsquo;est sa valeur forfaitaire, qui est le socle de son calcul, qui est revaloris\u00e9e tous les ans.<\/p>\n<h3 style=\"text-align: justify;\">Un gros bond en 2019, un petit en 2020<\/h3>\n<p style=\"text-align: justify;\">Cr\u00e9\u00e9e en 2012, cette taxe avait donc vu sa valeur forfaitaire cro\u00eetre de 3,8% entre 2018 et 2019. <strong>Si l&rsquo;on remonte \u00e0 2017, c&rsquo;est m\u00eame un bond de 8%<\/strong> que l&rsquo;on peut observer sur les quatre derni\u00e8re ann\u00e9es. De quoi gonfler significativement la facture&#8230;<\/p>\n<p style=\"text-align: justify;\">Fort heureusement, <strong>en 2020, cette augmentation s&rsquo;av\u00e8re mod\u00e9r\u00e9e.<\/strong> 1% seulement. En \u00cele-de-France, la valeur forfaitaire s&rsquo;\u00e9l\u00e8vera donc \u00e0 860\u20ac. En province, 759\u20ac. L&rsquo;an pass\u00e9, ces chiffres \u00e9taient de 854\u20ac pour la premi\u00e8re, contre 753\u20ac pour la seconde.<\/p>\n<figure id=\"attachment_10868\" aria-describedby=\"caption-attachment-10868\" style=\"width: 396px\" class=\"wp-caption aligncenter\"><a href=\"https:\/\/www.franceabris.com\/10-abri-jardin\"><img decoding=\"async\" loading=\"lazy\" class=\"wp-image-10868 size-full\" style=\"border: 1px solid #000000;\" src=\"https:\/\/www.franceabris.com\/BLOG\/wp-content\/uploads\/2019\/11\/2269-abri-deux-pentes.jpg\" alt=\"abri de jardin qui \u00e9chappe \u00e0 la taxe\" width=\"396\" height=\"290\" srcset=\"https:\/\/www.franceabris.com\/BLOG\/wp-content\/uploads\/2019\/11\/2269-abri-deux-pentes.jpg 396w, https:\/\/www.franceabris.com\/BLOG\/wp-content\/uploads\/2019\/11\/2269-abri-deux-pentes-134x98.jpg 134w, https:\/\/www.franceabris.com\/BLOG\/wp-content\/uploads\/2019\/11\/2269-abri-deux-pentes-328x240.jpg 328w\" sizes=\"(max-width: 396px) 100vw, 396px\" \/><\/a><figcaption id=\"caption-attachment-10868\" class=\"wp-caption-text\">Un petit abri de jardin, disponible sous la r\u00e9f\u00e9rence ID2269 dans notre catalogue, qui fait moins de 5 m\u00b2&#8230; Pas de taxe pour ce kit !<\/figcaption><\/figure>\n<h2 style=\"text-align: justify;\">Taxe d&rsquo;am\u00e9nagement : memento<\/h2>\n<p style=\"text-align: justify;\">La taxe abris de jardin s&rsquo;applique \u00e0&#8230;<\/p>\n<blockquote>\n<p style=\"text-align: justify;\">\u00ab\u00a0&#8230; toutes les op\u00e9rations d&rsquo;am\u00e9nagement, de construction (par exemple les abris de jardin d&rsquo;une surface sup\u00e9rieure \u00e0 5 m\u00b2), de reconstruction et d&rsquo;agrandissement de b\u00e2timents ou d&rsquo;installations, n\u00e9cessitant une autorisation d&rsquo;urbanisme (permis de construire ou d&rsquo;am\u00e9nager, d\u00e9claration pr\u00e9alable).\u00a0\u00bb (source : service-public.fr)<\/p>\n<\/blockquote>\n<p style=\"text-align: justify;\">Pour \u00e9viter d&rsquo;avoir \u00e0 la payer, une solution toute simple existe dans la majeure partie des cas : <span style=\"color: #ff9900;\"><a style=\"color: #ff9900;\" href=\"https:\/\/www.franceabris.com\/272-abris-de-jardin-de-moins-de-5-m\" target=\"_blank\" rel=\"noopener noreferrer\">opter pour un cabanon de rangement de moins de 5 m\u00b2<\/a><\/span>. Id\u00e9e pratique, portefeuille lib\u00e9r\u00e9 !<\/p>\n<h3 style=\"text-align: justify;\">Calculer le montant de sa taxe<\/h3>\n<p style=\"text-align: justify;\">Sinon, <span style=\"color: #ff9900;\"><a style=\"color: #ff9900;\" href=\"https:\/\/www.service-public.fr\/particuliers\/vosdroits\/F23263\" target=\"_blank\" rel=\"noopener noreferrer\">il faudra proc\u00e9der \u00e0 un calcul simple pour en conna\u00eetre le montant<\/a><\/span>.<\/p>\n<ol style=\"text-align: justify;\">\n<li>Multiplier <span style=\"color: #ff9900;\"><a style=\"color: #ff9900;\" href=\"https:\/\/www.franceabris.com\/BLOG\/guide\/taxe-damenagement-pour-abri-de-jardin-ne-pas-loublier\/\" target=\"_blank\" rel=\"noopener noreferrer\">la surface de plancher\/emprise au sol<\/a><\/span> de votre kit par la valeur forfaitaire mentionn\u00e9e plus haut, et multiplier le tout par un taux communal, disponible en ligne.<\/li>\n<li>Refaire le m\u00eame calcul, mais en multipliant l&rsquo;ensemble par un taux d\u00e9partemental.<\/li>\n<li>Et ajouter le produit du m\u00eame calcul une troisi\u00e8me fois lorsqu&rsquo;on installe son abri en \u00cele-de-France, mais en appliquant un taux r\u00e9gional.<\/li>\n<\/ol>\n<p style=\"text-align: justify;\">Vous voulez des exemples ? Consultez nos diff\u00e9rents articles sur le sujet !<\/p>\n<ul>\n<li style=\"text-align: justify;\"><span style=\"color: #ff9900;\"><a style=\"color: #ff9900;\" href=\"https:\/\/www.franceabris.com\/BLOG\/guide\/taxe-damenagement-pour-abri-de-jardin-ne-pas-loublier\/\" target=\"_blank\" rel=\"noopener noreferrer\">Notre guide de la taxe abris de jardin !<\/a><\/span><\/li>\n<li style=\"text-align: justify;\"><span style=\"color: #ff9900;\"><a style=\"color: #ff9900;\" href=\"https:\/\/www.franceabris.com\/BLOG\/pour-2020-une-hausse-tres-legere-sur-la-taxe-des-abris-de-jardin\/\" target=\"_blank\" rel=\"noopener noreferrer\">Pour 2020, tr\u00e8s l\u00e9g\u00e8re hausse de la taxe abris de jardin<\/a><\/span><\/li>\n<li style=\"text-align: justify;\"><span style=\"color: #ff9900;\"><a style=\"color: #ff9900;\" href=\"https:\/\/www.franceabris.com\/BLOG\/augmentation-de-la-taxe-abri-de-jardin-ou-taxe-damenagement-pour-2019\/\" target=\"_blank\" rel=\"noopener noreferrer\">Augmentation de la taxe d&rsquo;am\u00e9nagement pour 2019<\/a><\/span><\/li>\n<\/ul>\n","protected":false},"excerpt":{"rendered":"<p>Nous en parlions il y a quelques semaines, mais c&rsquo;est d\u00e9sormais officiel : oui, la taxe \u00ab\u00a0abris de jardin\u00a0\u00bb va encore augmenter pour 2020. Celle qui r\u00e9pond au (plus ou moins) doux nom de taxe d&rsquo;am\u00e9nagement voit sa valeur forfaitaire subir une l\u00e9g\u00e8re hausse. L\u00e9g\u00e8re, car, en effet, l&rsquo;augmentation n&rsquo;est pas aussi prononc\u00e9e que les &hellip; <a href=\"https:\/\/www.franceabris.com\/BLOG\/la-legere-hausse-de-la-taxe-abris-de-jardin-est-confirmee\/\" class=\"more-link\">Continuer la lecture de <span class=\"screen-reader-text\">La l\u00e9g\u00e8re hausse de la taxe abris de jardin est confirm\u00e9e<\/span><\/a><\/p>\n","protected":false},"author":2,"featured_media":11232,"comment_status":"closed","ping_status":"closed","sticky":false,"template":"","format":"standard","meta":[],"categories":[2,3,1],"tags":[],"_links":{"self":[{"href":"https:\/\/www.franceabris.com\/BLOG\/wp-json\/wp\/v2\/posts\/11091"}],"collection":[{"href":"https:\/\/www.franceabris.com\/BLOG\/wp-json\/wp\/v2\/posts"}],"about":[{"href":"https:\/\/www.franceabris.com\/BLOG\/wp-json\/wp\/v2\/types\/post"}],"author":[{"embeddable":true,"href":"https:\/\/www.franceabris.com\/BLOG\/wp-json\/wp\/v2\/users\/2"}],"replies":[{"embeddable":true,"href":"https:\/\/www.franceabris.com\/BLOG\/wp-json\/wp\/v2\/comments?post=11091"}],"version-history":[{"count":0,"href":"https:\/\/www.franceabris.com\/BLOG\/wp-json\/wp\/v2\/posts\/11091\/revisions"}],"wp:featuredmedia":[{"embeddable":true,"href":"https:\/\/www.franceabris.com\/BLOG\/wp-json\/wp\/v2\/media\/11232"}],"wp:attachment":[{"href":"https:\/\/www.franceabris.com\/BLOG\/wp-json\/wp\/v2\/media?parent=11091"}],"wp:term":[{"taxonomy":"category","embeddable":true,"href":"https:\/\/www.franceabris.com\/BLOG\/wp-json\/wp\/v2\/categories?post=11091"},{"taxonomy":"post_tag","embeddable":true,"href":"https:\/\/www.franceabris.com\/BLOG\/wp-json\/wp\/v2\/tags?post=11091"}],"curies":[{"name":"wp","href":"https:\/\/api.w.org\/{rel}","templated":true}]}}