{"id":11198,"date":"2020-06-30T06:06:12","date_gmt":"2020-06-30T05:06:12","guid":{"rendered":"https:\/\/www.franceabris.com\/BLOG\/?p=11198"},"modified":"2020-01-30T19:13:01","modified_gmt":"2020-01-30T18:13:01","slug":"abri-jardin-peint-amener-de-la-couleur-en-kit","status":"publish","type":"post","link":"https:\/\/www.franceabris.com\/BLOG\/abri-jardin-peint-amener-de-la-couleur-en-kit\/","title":{"rendered":"Abri jardin peint : amener de la couleur en kit !"},"content":{"rendered":"<p style=\"text-align: justify;\"><strong>Un abri de jardin, c&rsquo;est un ajout technique et pratique \u00e0 votre ext\u00e9rieur.<\/strong> Son toit \u00f4 combien pr\u00e9cieux doit vous aider \u00e0 organiser et \u00e0 am\u00e9nager votre jardin. Install\u00e9 sur un emplacement pr\u00e9f\u00e9rentiel et d\u00e9fini, il constitue un soutien en mati\u00e8re de rangement, mais aussi d&rsquo;entretien&#8230; Voire de bricolage, si vous vous en faites un petit refuge pour manier vos outils.<\/p>\n<p style=\"text-align: justify;\">Mais l&rsquo;abri jardin est tout autant un ajout esth\u00e9tique. Et c&rsquo;est pour cette raison que l&rsquo;on porte g\u00e9n\u00e9ralement attention \u00e0 la finition propos\u00e9e lorsqu&rsquo;on fait l&rsquo;acquisition d&rsquo;un cabanon. La forme du toit, les mat\u00e9riaux choisis, les ouvertures incluses&#8230; Tous ces param\u00e8tres ont leur importance. Mais la peinture aussi ! Car, parmi les gammes de notre site,<strong> il en est une qui rassemble des abris de jardin peints. <\/strong><\/p>\n<p style=\"text-align: justify;\">Une fa\u00e7on d&rsquo;ajouter un peu de couleur \u00e0 votre ext\u00e9rieur, en fonction des coloris disponibles en options. Et de vous \u00e9viter des \u00e9tapes parfois p\u00e9nibles lors de l&rsquo;installation d&rsquo;une cabane de rangement bois : le traitement et la lasure.<\/p>\n<p style=\"text-align: justify;\">Explications.<\/p>\n<h2 style=\"text-align: justify;\">Un kit int\u00e9ressant : l\u2019abri jardin peint<\/h2>\n<p style=\"text-align: justify;\"><strong>C&rsquo;est une gamme appr\u00e9ci\u00e9e de nos abris de jardin : les cabanons vendus peints.<\/strong> Des cabanes de rangement qui affichent leur couleur dans votre jardin et constituent une sympathique plus-value esth\u00e9tique. Oubli\u00e9s, les abris ternes ou dont le bois assombri par le temps raconte une vie de probl\u00e8mes d&rsquo;entretien ! Oubli\u00e9es, les structures m\u00e9talliques en acier galvanis\u00e9, aux finitions pas toujours convaincantes !<\/p>\n<h3>Gagner du temps et de l&rsquo;argent avec l&rsquo;abri peint<\/h3>\n<p style=\"text-align: justify;\"><strong>Avec l&rsquo;abri jardin peint, votre kit vous arrive pr\u00e9-peint, pr\u00e9-trait\u00e9, pr\u00e9-lasur\u00e9<\/strong>, ce qui constitue un gain sur tous les plans. Visuellement &#8211; c&rsquo;est l&rsquo;\u00e9vidence -, puisque vous amenez une petite touche de couleur \u00e0 votre ext\u00e9rieur. Concr\u00e8tement \u00e9galement, puisque le traitement d&rsquo;un cabanon bois prend du temps (et de l&rsquo;argent)&#8230; D&rsquo;autant qu&rsquo;il doit \u00eatre doubl\u00e9 d&rsquo;une lasure pour pr\u00e9server sa teinte ! Ici, c&rsquo;est d\u00e9j\u00e0 chose faite&#8230; Pratique, non ?<\/p>\n<ul>\n<li><span style=\"color: #ff9900;\"><a style=\"color: #ff9900;\" href=\"https:\/\/www.franceabris.com\/187-abri-jardin-bois-peint\" target=\"_blank\" rel=\"noopener noreferrer\">Notre gamme d&rsquo;abris jardin bois peints !<\/a><\/span><\/li>\n<\/ul>\n<h2 style=\"text-align: justify;\">Cabanon de jardin peint, un kit rouge su\u00e9dois en appoint<\/h2>\n<p style=\"text-align: justify;\"><strong>Ce cabanon su\u00e9dois d&rsquo;appoint pr\u00e9sente bien des avantages, lorsqu&rsquo;on souhaite greffer un toit \u00e0 son jardin.<\/strong> Sa couleur, d\u00e9j\u00e0, puisque ce rouge tr\u00e8s s\u00e9duisant, mari\u00e9 \u00e0 l&rsquo;anthracite de sa couverture bitum\u00e9e, constitue une bien belle valorisation pour votre ext\u00e9rieur. Sa finition \u00e9galement, qui va de pair avec ce coloris : son toit demi-lune ajoute une dose d&rsquo;originalit\u00e9 qui sort des canons traditionnels de l&rsquo;abri en kit. Avec, en plus, une avanc\u00e9e de toit de 40 cm qui permet de se prot\u00e9ger des intemp\u00e9ries et offre un suppl\u00e9ment d&rsquo;ombre \u00e0 l&rsquo;int\u00e9rieur lorsque les portes sont ouvertes&#8230; Et cette porte \u00e0 deux battants blanche, nantie d&rsquo;un verrou bien s\u00e9curisant !<\/p>\n<figure id=\"attachment_11200\" aria-describedby=\"caption-attachment-11200\" style=\"width: 397px\" class=\"wp-caption aligncenter\"><a href=\"https:\/\/www.franceabris.com\/187-abri-jardin-bois-peint\"><img decoding=\"async\" loading=\"lazy\" class=\"wp-image-11200 size-full\" style=\"border: 1px solid #000000;\" src=\"https:\/\/www.franceabris.com\/BLOG\/wp-content\/uploads\/2020\/01\/2408-abri-jardin-peint-rouge-su\u00e9dois.jpg\" alt=\"Cabanon peint rouge\" width=\"397\" height=\"291\" srcset=\"https:\/\/www.franceabris.com\/BLOG\/wp-content\/uploads\/2020\/01\/2408-abri-jardin-peint-rouge-su\u00e9dois.jpg 397w, https:\/\/www.franceabris.com\/BLOG\/wp-content\/uploads\/2020\/01\/2408-abri-jardin-peint-rouge-su\u00e9dois-327x240.jpg 327w, https:\/\/www.franceabris.com\/BLOG\/wp-content\/uploads\/2020\/01\/2408-abri-jardin-peint-rouge-su\u00e9dois-134x98.jpg 134w\" sizes=\"(max-width: 397px) 100vw, 397px\" \/><\/a><figcaption id=\"caption-attachment-11200\" class=\"wp-caption-text\">Cette cabane peinte en kit est disponible sous la r\u00e9f\u00e9rence ID2408 sur notre site.<\/figcaption><\/figure>\n<h3 style=\"text-align: justify;\">Am\u00e9nagements et rangements gr\u00e2ce \u00e0 une cabane en kit<\/h3>\n<p style=\"text-align: justify;\">L&rsquo;ensemble permet de<strong> cr\u00e9er un beau cabanon rangement en bois<\/strong> \u00e0 installer au milieu des arbres ou des arbustes&#8230; ou \u00e0 proximit\u00e9 du potager ! Car un tel kit s&rsquo;av\u00e8re formidablement pratique pour stocker l&rsquo;outillage d&rsquo;ext\u00e9rieur, le mat\u00e9riel d&rsquo;entretien. Les deux battants permettent de passer une tondeuse ou un motoculteur ; la surface, plus de 6 m\u00b2 avec 2,5 m\u00e8tres de long pour 2,5 de large, permet son lot d&rsquo;am\u00e9nagements et de rangements. Pas s\u00fbr qu&rsquo;une telle cabane soit le meilleur choix pour y \u00e9tablir son atelier de bricolage &#8211; et encore ! -, mais elle constitue une petite merveille pour l&rsquo;organisation d&rsquo;un ext\u00e9rieur.<\/p>\n<h2 style=\"text-align: justify;\">Salon de jardin gris ardoise : un cabanon peint esth\u00e9tique<\/h2>\n<p style=\"text-align: justify;\"><strong>Une tr\u00e8s, tr\u00e8s belle r\u00e9alisation que ce cabanon d&rsquo;ext\u00e9rieur gris ardoise<\/strong>, permettant de cr\u00e9er un v\u00e9ritable salon de jardin. La finition, l&rsquo;esth\u00e9tique, les ouvertures&#8230; Tout concourt et incite \u00e0 y installer des meubles d&rsquo;ext\u00e9rieur, une table basse, quelques bains de soleil ! De quoi s&rsquo;installer et prendre l&rsquo;ap\u00e9ritif entre amis, en profitant des larges ouvertures vitr\u00e9es. L&rsquo;hiver, c&rsquo;est une luminosit\u00e9 formidable qui est assur\u00e9e. L&rsquo;\u00e9t\u00e9, une ventilation optimale !<\/p>\n<figure id=\"attachment_11199\" aria-describedby=\"caption-attachment-11199\" style=\"width: 397px\" class=\"wp-caption aligncenter\"><a href=\"https:\/\/www.franceabris.com\/187-abri-jardin-bois-peint\"><img decoding=\"async\" loading=\"lazy\" class=\"wp-image-11199 size-full\" style=\"border: 1px solid #000000;\" src=\"https:\/\/www.franceabris.com\/BLOG\/wp-content\/uploads\/2020\/01\/2407-salon-jardin-en-kit-color\u00e9.jpg\" alt=\"Salon de jardin en kit\" width=\"397\" height=\"291\" srcset=\"https:\/\/www.franceabris.com\/BLOG\/wp-content\/uploads\/2020\/01\/2407-salon-jardin-en-kit-color\u00e9.jpg 397w, https:\/\/www.franceabris.com\/BLOG\/wp-content\/uploads\/2020\/01\/2407-salon-jardin-en-kit-color\u00e9-327x240.jpg 327w, https:\/\/www.franceabris.com\/BLOG\/wp-content\/uploads\/2020\/01\/2407-salon-jardin-en-kit-color\u00e9-134x98.jpg 134w\" sizes=\"(max-width: 397px) 100vw, 397px\" \/><\/a><figcaption id=\"caption-attachment-11199\" class=\"wp-caption-text\">Un salon de jardin en kit dans un beau gris ardoise disponible sous la r\u00e9f\u00e9rence ID2407 dans notre catalogue.<\/figcaption><\/figure>\n<h3 style=\"text-align: justify;\">En appoint de la piscine ou de la maison, un abri en forme de salon d&rsquo;ext\u00e9rieur<\/h3>\n<p style=\"text-align: justify;\">Un tel kit trouvera sa place dans une partie arbor\u00e9e du jardin ou \u00e0 proximit\u00e9 de la piscine. Offrant 8,25 m\u00b2 de surface prot\u00e9g\u00e9, il cr\u00e9e une pi\u00e8ce suppl\u00e9mentaire en ext\u00e9rieur. A vous de l&rsquo;habiller comme vous le souhaitez ! Les madriers gris ardoise offrent une certaine discr\u00e9tion, de m\u00eame que le toit simple pente, <strong>permettant d&rsquo;adosser la cabane \u00e0 la maison.<\/strong> L\u00e0 encore, l&rsquo;avanc\u00e9e de toit de 40 cm se montrera pr\u00e9cieuse, que ce soit pour se prot\u00e9ger de la pluie ou du soleil.<\/p>\n<p style=\"text-align: justify;\">Avec, \u00e0 chaque fois, l&rsquo;avantage de ne pas avoir \u00e0 traiter et lasurer la structure (en-dehors du plancher). Attention tout de m\u00eame : apr\u00e8s trois ou quatre ans d&rsquo;utilisation, il est recommand\u00e9 de proc\u00e9der \u00e0 un renouvellement de la lasure et\/ou du traitement, histoire d&rsquo;allonger la dur\u00e9e de vie d\u00e9j\u00e0 tr\u00e8s cons\u00e9quente du cabanon !<\/p>\n","protected":false},"excerpt":{"rendered":"<p>Un abri de jardin, c&rsquo;est un ajout technique et pratique \u00e0 votre ext\u00e9rieur. Son toit \u00f4 combien pr\u00e9cieux doit vous aider \u00e0 organiser et \u00e0 am\u00e9nager votre jardin. Install\u00e9 sur un emplacement pr\u00e9f\u00e9rentiel et d\u00e9fini, il constitue un soutien en mati\u00e8re de rangement, mais aussi d&rsquo;entretien&#8230; Voire de bricolage, si vous vous en faites un &hellip; <a href=\"https:\/\/www.franceabris.com\/BLOG\/abri-jardin-peint-amener-de-la-couleur-en-kit\/\" class=\"more-link\">Continuer la lecture de <span class=\"screen-reader-text\">Abri jardin peint : amener de la couleur en kit !<\/span><\/a><\/p>\n","protected":false},"author":2,"featured_media":11201,"comment_status":"closed","ping_status":"closed","sticky":false,"template":"","format":"standard","meta":[],"categories":[3],"tags":[],"_links":{"self":[{"href":"https:\/\/www.franceabris.com\/BLOG\/wp-json\/wp\/v2\/posts\/11198"}],"collection":[{"href":"https:\/\/www.franceabris.com\/BLOG\/wp-json\/wp\/v2\/posts"}],"about":[{"href":"https:\/\/www.franceabris.com\/BLOG\/wp-json\/wp\/v2\/types\/post"}],"author":[{"embeddable":true,"href":"https:\/\/www.franceabris.com\/BLOG\/wp-json\/wp\/v2\/users\/2"}],"replies":[{"embeddable":true,"href":"https:\/\/www.franceabris.com\/BLOG\/wp-json\/wp\/v2\/comments?post=11198"}],"version-history":[{"count":0,"href":"https:\/\/www.franceabris.com\/BLOG\/wp-json\/wp\/v2\/posts\/11198\/revisions"}],"wp:featuredmedia":[{"embeddable":true,"href":"https:\/\/www.franceabris.com\/BLOG\/wp-json\/wp\/v2\/media\/11201"}],"wp:attachment":[{"href":"https:\/\/www.franceabris.com\/BLOG\/wp-json\/wp\/v2\/media?parent=11198"}],"wp:term":[{"taxonomy":"category","embeddable":true,"href":"https:\/\/www.franceabris.com\/BLOG\/wp-json\/wp\/v2\/categories?post=11198"},{"taxonomy":"post_tag","embeddable":true,"href":"https:\/\/www.franceabris.com\/BLOG\/wp-json\/wp\/v2\/tags?post=11198"}],"curies":[{"name":"wp","href":"https:\/\/api.w.org\/{rel}","templated":true}]}}