{"id":11217,"date":"2020-06-01T10:30:42","date_gmt":"2020-06-01T09:30:42","guid":{"rendered":"https:\/\/www.franceabris.com\/BLOG\/?p=11217"},"modified":"2020-02-05T10:32:16","modified_gmt":"2020-02-05T09:32:16","slug":"achat-dun-carport-quelles-dimensions-choisir","status":"publish","type":"post","link":"https:\/\/www.franceabris.com\/BLOG\/achat-dun-carport-quelles-dimensions-choisir\/","title":{"rendered":"Achat d\u2019un carport : Quelles dimensions choisir ?"},"content":{"rendered":"<p style=\"text-align: justify;\">Vous cherchez \u00e0<strong> prot\u00e9ger votre voiture des intemp\u00e9ries ou des vols<\/strong> ?<br \/>\nUn <span style=\"color: #ff6600;\"><a style=\"color: #ff6600;\" href=\"https:\/\/www.franceabris.com\/53-carport-metal\" target=\"_blank\" rel=\"noopener noreferrer\"><strong>carport en alu<\/strong><\/a><\/span> est une solution id\u00e9ale. Cependant, que vous d\u00e9cidiez d\u2019en acheter un aux dimensions standard ou sur-mesure, voire que vous souhaitiez le construire vous m\u00eame\u2026<\/p>\n<p style=\"text-align: justify;\">Vous vous demandez certainement <strong>quelles dimensions choisir<\/strong>. Voici tout ce qu\u2019il faut savoir pour faire les bons choix !<\/p>\n<h2 style=\"text-align: justify;\">Choisir les dimensions id\u00e9ales pour un carport<\/h2>\n<p style=\"text-align: justify;\">Si vous ne devez retenir qu\u2019une chose de cet article, c\u2019est la suivante : <strong>mieux vaut un carport trop grand qu\u2019un carport trop petit<\/strong> ! Vous devez pouvoir manoeuvrer sans prise de t\u00eate. Une fois la ou les voitures gar\u00e9es, <strong>pr\u00e9voyez de l\u2019espace pour ouvrir les portes<\/strong> et vous d\u00e9placer dans l\u2019abri. N\u2019oubliez pas que le carport est une extension de votre maison. Il devrait durer des d\u00e9cennies ! R\u00e9fl\u00e9chissez aux \u00e9ventuels changements qui pourraient advenir dans le futur. Si un des enfants passe le permis, il vaut mieux pr\u00e9voir le coup ! Sans compter que l\u2019espace suppl\u00e9mentaire ne sera pas perdu. Il peut vous permettre d\u2019accueillir des invit\u00e9s.<br \/>\nMais vous pouvez \u00e9galement l\u2019<strong>am\u00e9nager comme atelier<\/strong> ou comme<strong> espace de stockage<\/strong> : \u00e9tag\u00e8res, armoires, barbecue, tondeuse \u00e0 gazon, etc.<\/p>\n<p style=\"text-align: justify;\">Mais alors, quelles dimensions pour un carport ? Pour vous donner une premi\u00e8re id\u00e9e, vous pouvez vous r\u00e9f\u00e9rer aux\u00a0<strong>dimensions d\u2019une place de stationnement standard<\/strong> :\u00a0<strong>3,6 sur 7,2 m\u00e8tres<\/strong>.<br \/>\nSi vous souhaitez garer deux v\u00e9hicules, cela fait donc <strong>7,2 sur 7,2 m\u00e8tres<\/strong>. Cela peut para\u00eetre grand pour des voitures standards, mais vous verrez que <strong>cet espace sera bien utile \u00e0 l\u2019usage <\/strong>! Si vous tenez \u00e0 construire un carport sur-mesure &#8211; si vous conduisez un utilitaire, par exemple -, mesurez les dimensions de votre v\u00e9hicule et laissez un \u201crebord\u201d de 1 m\u00e8tre minimum de chaque c\u00f4t\u00e9. Mais n\u2019oubliez pas que vous pouvez en changer dans les ann\u00e9es \u00e0 venir !<\/p>\n<p style=\"text-align: justify;\">Des carports de toutes dimensions existent. Assurez-vous de <strong>choisir un mod\u00e8le qui poss\u00e8de au minimum les dimensions suivantes<\/strong> : 2,5 m\u00e8tres de largeur, 3 m\u00e8tres de profondeur et 2,5 m\u00e8tres de hauteur.<\/p>\n<p><img decoding=\"async\" loading=\"lazy\" class=\"aligncenter wp-image-11220 size-full\" src=\"https:\/\/www.franceabris.com\/BLOG\/wp-content\/uploads\/2020\/02\/id3114-2.jpg\" alt=\"Quel mod\u00e8le de carport avec toit alu allez-vous choisir ?\" width=\"396\" height=\"290\" srcset=\"https:\/\/www.franceabris.com\/BLOG\/wp-content\/uploads\/2020\/02\/id3114-2.jpg 396w, https:\/\/www.franceabris.com\/BLOG\/wp-content\/uploads\/2020\/02\/id3114-2-328x240.jpg 328w, https:\/\/www.franceabris.com\/BLOG\/wp-content\/uploads\/2020\/02\/id3114-2-134x98.jpg 134w\" sizes=\"(max-width: 396px) 100vw, 396px\" \/><\/p>\n<h2 style=\"text-align: justify;\">Les r\u00e9glementations pour l\u2019installation d\u2019un carport<\/h2>\n<p style=\"text-align: justify;\">L<strong>\u2019installation ou la construction d\u2019un carport<\/strong> dans votre jardin est soumise \u00e0 des r\u00e9glementations pr\u00e9cises. Tout d\u2019abord, vous ne devez pas oublier d<strong>e respecter les r\u00e8gles d\u2019urbanisme <\/strong>relatives \u00e0 votre commune. Elles permettent de pr\u00e9server une certaine <strong>harmonie entre les diff\u00e9rentes constructions<\/strong>. La premi\u00e8re \u00e9tape \u00e0 r\u00e9aliser est donc de rentrer en contact avec votre mairie pour \u00eatre renseign\u00e9 sur les r\u00e8gles que vous devez suivre. Ces derni\u00e8res peuvent concerner la couleur, la forme de la toiture\u2026 Mais aussi les dimensions ! Aussi, demandez en particulier des informations \u00e0 propos :<\/p>\n<ul style=\"text-align: justify;\">\n<li>De la hauteur r\u00e9glementaire ;<\/li>\n<li>Des distances r\u00e9glementaires avec le terrain de vos voisins.<\/li>\n<\/ul>\n<p style=\"text-align: justify;\">Enfin, que vous construisiez vous-m\u00eame votre carport, ou bien que vous le fassiez installer par un professionnel, ou bien encore que vous l\u2019achetiez tout-fait, vous ne devez pas oublier les d\u00e9marches administratives ! En effet, l\u2019installation d\u2019un carport sur votre terrain doit en g\u00e9n\u00e9ral faire<strong> l\u2019objet d\u2019une autorisation<\/strong>.<br \/>\nIl existe trois cas de figure :<\/p>\n<ul>\n<li style=\"text-align: justify;\">La superficie du carport est inf\u00e9rieure \u00e0 5 m\u00e8tres carr\u00e9, ou alors ce dernier est fabriqu\u00e9 en PVC souple temporaire \u2192 <strong>les travaux ne sont pas soumis \u00e0 une autorisation<\/strong> ;<\/li>\n<li style=\"text-align: justify;\">La superficie du carport est comprise entre 5 m\u00e8tres carr\u00e9 et 20 m\u00e8tres carr\u00e9 \u2192 vous devez <strong>faire une d\u00e9claration de travaux<\/strong> ;<\/li>\n<li style=\"text-align: justify;\">La superficie du carport est sup\u00e9rieure \u00e0 20 m\u00e8tres carr\u00e9 \u2192 vous devez <strong>demander un permis de construire<\/strong>.<\/li>\n<\/ul>\n","protected":false},"excerpt":{"rendered":"<p>Vous cherchez \u00e0 prot\u00e9ger votre voiture des intemp\u00e9ries ou des vols ? Un carport en alu est une solution id\u00e9ale. Cependant, que vous d\u00e9cidiez d\u2019en acheter un aux dimensions standard ou sur-mesure, voire que vous souhaitiez le construire vous m\u00eame\u2026 Vous vous demandez certainement quelles dimensions choisir. Voici tout ce qu\u2019il faut savoir pour faire &hellip; <a href=\"https:\/\/www.franceabris.com\/BLOG\/achat-dun-carport-quelles-dimensions-choisir\/\" class=\"more-link\">Continuer la lecture de <span class=\"screen-reader-text\">Achat d\u2019un carport : Quelles dimensions choisir ?<\/span><\/a><\/p>\n","protected":false},"author":2,"featured_media":11221,"comment_status":"closed","ping_status":"closed","sticky":false,"template":"","format":"standard","meta":[],"categories":[6],"tags":[],"_links":{"self":[{"href":"https:\/\/www.franceabris.com\/BLOG\/wp-json\/wp\/v2\/posts\/11217"}],"collection":[{"href":"https:\/\/www.franceabris.com\/BLOG\/wp-json\/wp\/v2\/posts"}],"about":[{"href":"https:\/\/www.franceabris.com\/BLOG\/wp-json\/wp\/v2\/types\/post"}],"author":[{"embeddable":true,"href":"https:\/\/www.franceabris.com\/BLOG\/wp-json\/wp\/v2\/users\/2"}],"replies":[{"embeddable":true,"href":"https:\/\/www.franceabris.com\/BLOG\/wp-json\/wp\/v2\/comments?post=11217"}],"version-history":[{"count":0,"href":"https:\/\/www.franceabris.com\/BLOG\/wp-json\/wp\/v2\/posts\/11217\/revisions"}],"wp:featuredmedia":[{"embeddable":true,"href":"https:\/\/www.franceabris.com\/BLOG\/wp-json\/wp\/v2\/media\/11221"}],"wp:attachment":[{"href":"https:\/\/www.franceabris.com\/BLOG\/wp-json\/wp\/v2\/media?parent=11217"}],"wp:term":[{"taxonomy":"category","embeddable":true,"href":"https:\/\/www.franceabris.com\/BLOG\/wp-json\/wp\/v2\/categories?post=11217"},{"taxonomy":"post_tag","embeddable":true,"href":"https:\/\/www.franceabris.com\/BLOG\/wp-json\/wp\/v2\/tags?post=11217"}],"curies":[{"name":"wp","href":"https:\/\/api.w.org\/{rel}","templated":true}]}}