{"id":11265,"date":"2020-05-17T12:22:39","date_gmt":"2020-05-17T11:22:39","guid":{"rendered":"https:\/\/www.franceabris.com\/BLOG\/?p=11265"},"modified":"2020-03-04T11:30:42","modified_gmt":"2020-03-04T10:30:42","slug":"comment-customiser-son-abri-jardin","status":"publish","type":"post","link":"https:\/\/www.franceabris.com\/BLOG\/comment-customiser-son-abri-jardin\/","title":{"rendered":"Comment customiser son abri jardin ?"},"content":{"rendered":"<p style=\"text-align: justify;\"><span style=\"font-weight: 400;\">Qu\u2019il soit un espace de rangement pour vos outils ou qu\u2019il abrite un salon de jardin cocooning, le <strong>cabanon<\/strong> est un \u00e9l\u00e9ment phare de votre jardin.<br \/>\nVous souhaitez lui donner un look unique ? L\u2019int\u00e9grer parfaitement \u00e0 votre espace ext\u00e9rieur ? <\/span><\/p>\n<p style=\"text-align: justify;\"><span style=\"font-weight: 400;\">Voici 3 id\u00e9es pour customiser son <\/span><span style=\"color: #ff6600;\"><a style=\"color: #ff6600;\" href=\"https:\/\/www.franceabris.com\/10-abri-jardin\"><span style=\"font-weight: 400;\">abri de jardin<\/span><\/a><\/span><span style=\"font-weight: 400;\"> !<\/span><\/p>\n<h2 style=\"text-align: justify;\"><span style=\"font-weight: 400;\">1 . Apporter de la couleur<\/span><\/h2>\n<p style=\"text-align: justify;\"><span style=\"font-weight: 400;\">Vous souhaitez donner un coup de neuf \u00e0 votre ext\u00e9rieur ? <strong>Pensez \u00e0 la couleur !<\/strong> C\u2019est une solution efficace pour customiser son abri de jardin. Vous n\u2019aurez besoin ni de beaucoup de mat\u00e9riel, ni de grandes comp\u00e9tences en bricolage. Peindre un abri en bois, en m\u00e9tal ou en PVC est \u00e0 la port\u00e9e de tous.<\/span><\/p>\n<p style=\"text-align: justify;\"><span style=\"font-weight: 400;\">Pour apporter un <strong>style boh\u00e8me<\/strong> \u00e0 votre cabanon, vous pouvez <strong>multiplier les couleurs !<\/strong> Misez sur des teintes douces et chaleureuses. L\u2019id\u00e9e, c\u2019est de faire des combinaisons surprenantes sans qu\u2019elles soient cacophoniques. Pour \u00eatre s\u00fbr de votre coup, vous pouvez partir sur des teintes pastel et un effet vieilli avec de la patine. Ca marche \u00e0 tous les coups !<br \/>\nNotez \u00e9galement qu\u2019\u00e0 l\u2019ext\u00e9rieur, vous avez plus de libert\u00e9. Les couleurs de la nature environnante adouciront toujours celles de votre abri de jardin. N\u2019h\u00e9sitez pas \u00e0 vous l\u00e2cher sur le reste : coussins multicolores, guirlande color\u00e9e, etc.<\/span><\/p>\n<h2 style=\"text-align: justify;\"><span style=\"font-weight: 400;\">2 . Prolonger l\u2019espace ext\u00e9rieur<\/span><\/h2>\n<p style=\"text-align: justify;\"><span style=\"font-weight: 400;\">Parfois, un abri de jardin plant\u00e9 comme \u00e7a, au milieu du jardin, peut avoir l\u2019air de sortir de nulle part. Vous aimeriez apporter du relief \u00e0 ce coin de votre jardin, l\u2019int\u00e9grer au reste de votre espace ? Prolonger l\u2019ext\u00e9rieur de votre cabane peut \u00eatre une solution.<\/span><\/p>\n<p style=\"text-align: justify;\"><span style=\"font-weight: 400;\">Pour cela, plusieurs options s\u2019offrent \u00e0 vous. Vous pouvez par exemple <strong>construire une terrasse contre l\u2019abri<\/strong>. En bois, en dallage ou en gravier, elle prolongera l\u2019espace offert par la cabane. Sans oublier qu\u2019elle peut se r\u00e9v\u00e9ler tr\u00e8s pratique pour y circuler librement et ne pas emporter trop de terre en y entrant.\u00a0<\/span><\/p>\n<p style=\"text-align: justify;\"><span style=\"font-weight: 400;\">Si vous souhaitez prot\u00e9ger la terrasse du soleil et de la pluie, vous pouvez miser sur un <strong>auvent ou une pergola accol\u00e9e<\/strong>. Cet ajout apportera une v\u00e9ritable touche cosy \u00e0 votre abri et cassera son aspect \u201cbloc\u201d. Id\u00e9al si son am\u00e9nagement est destin\u00e9 \u00e0 la d\u00e9tente : salon de jardin, gar\u00e7onni\u00e8re, etc. Cela vous donne l\u2019occasion d\u2019ajouter du mobilier et des coussins. Suspendez des lanternes \u00e0 la pergola et d\u00e8s la nuit tomb\u00e9e, vous instaurez une v\u00e9ritable ambiance !<\/span><\/p>\n<p><img decoding=\"async\" loading=\"lazy\" class=\"aligncenter size-full wp-image-11270\" src=\"https:\/\/www.franceabris.com\/BLOG\/wp-content\/uploads\/2020\/02\/id-11.jpg\" alt=\"Une pergola bioclimatique install\u00e9e au bord de la piscine, un bon kiff !\" width=\"397\" height=\"291\" srcset=\"https:\/\/www.franceabris.com\/BLOG\/wp-content\/uploads\/2020\/02\/id-11.jpg 397w, https:\/\/www.franceabris.com\/BLOG\/wp-content\/uploads\/2020\/02\/id-11-327x240.jpg 327w, https:\/\/www.franceabris.com\/BLOG\/wp-content\/uploads\/2020\/02\/id-11-134x98.jpg 134w\" sizes=\"(max-width: 397px) 100vw, 397px\" \/><\/p>\n<h2 style=\"text-align: justify;\"><span style=\"font-weight: 400;\">3 . V\u00e9g\u00e9taliser son abri de jardin<\/span><\/h2>\n<p style=\"text-align: justify;\"><span style=\"font-weight: 400;\">Les meilleurs alli\u00e9s pour customiser son abri de jardin sont tr\u00e8s certainement les v\u00e9g\u00e9taux ! Ces derniers permettent d\u2019int\u00e9grer id\u00e9alement le cabanon au jardin. En travaillant les volumes correctement, vous pouvez briser ce c\u00f4t\u00e9 cubique parfois un peu artificiel. Voici quelques astuces pour apporter une touche organique \u00e0 votre cabane !<\/span><\/p>\n<p style=\"text-align: justify;\"><span style=\"font-weight: 400;\">Nous avons vu plus haut l\u2019int\u00e9r\u00eat d\u2019accoler une pergola \u00e0 votre abri de jardin. Pourquoi ne pas opter pour une <strong>pergola bioclimatique<\/strong> ? Une structure simple en bois et bon march\u00e9 fera l\u2019affaire. Ici, c\u2019est la plante que vous ferez pousser dessus qui fera la diff\u00e9rence ! Que vous optiez pour la senteur des glycines ou des roses, ou bien pour le charme romantique des vignes ou du lierre\u2026 Vous apportez du cachet \u00e0 votre abri de jardin.\u00a0<\/span><\/p>\n<p><img decoding=\"async\" loading=\"lazy\" class=\"aligncenter wp-image-11268 size-full\" src=\"https:\/\/www.franceabris.com\/BLOG\/wp-content\/uploads\/2020\/02\/Lierres-grimpants-abri-jardin.jpg\" alt=\"Du lierre grimpant, l'atout verdure pour d\u00e9corer son abri de jardin \" width=\"397\" height=\"291\" srcset=\"https:\/\/www.franceabris.com\/BLOG\/wp-content\/uploads\/2020\/02\/Lierres-grimpants-abri-jardin.jpg 397w, https:\/\/www.franceabris.com\/BLOG\/wp-content\/uploads\/2020\/02\/Lierres-grimpants-abri-jardin-327x240.jpg 327w, https:\/\/www.franceabris.com\/BLOG\/wp-content\/uploads\/2020\/02\/Lierres-grimpants-abri-jardin-134x98.jpg 134w\" sizes=\"(max-width: 397px) 100vw, 397px\" \/><\/p>\n<p style=\"text-align: justify;\"><span style=\"font-weight: 400;\">Le <strong>lierre grimpant<\/strong> est d\u2019ailleurs un alli\u00e9 de choix pour v\u00e9g\u00e9taliser son cabanon. Vous pouvez installer un treillis contre l\u2019abri ou bien laisser le lierre s\u2019accrocher librement. Vous devrez cependant veiller \u00e0 ce que ce dernier n\u2019endommage pas les murs ! Cela demande un entretien r\u00e9gulier.<\/span><\/p>\n<p style=\"text-align: justify;\"><span style=\"font-weight: 400;\">Enfin, n\u2019h\u00e9sitez pas \u00e0 <strong>planter arbres et buissons autour de votre abri de jardin<\/strong> pour structurer son volume. Ne les plantez pas trop pr\u00e8s ! Le sol autour du cabanon doit rester vierge et sec sur au moins 20 centim\u00e8tres.<\/span><\/p>\n","protected":false},"excerpt":{"rendered":"<p>Qu\u2019il soit un espace de rangement pour vos outils ou qu\u2019il abrite un salon de jardin cocooning, le cabanon est un \u00e9l\u00e9ment phare de votre jardin. Vous souhaitez lui donner un look unique ? L\u2019int\u00e9grer parfaitement \u00e0 votre espace ext\u00e9rieur ? Voici 3 id\u00e9es pour customiser son abri de jardin ! 1 . Apporter de &hellip; <a href=\"https:\/\/www.franceabris.com\/BLOG\/comment-customiser-son-abri-jardin\/\" class=\"more-link\">Continuer la lecture de <span class=\"screen-reader-text\">Comment customiser son abri jardin ?<\/span><\/a><\/p>\n","protected":false},"author":2,"featured_media":11269,"comment_status":"closed","ping_status":"closed","sticky":false,"template":"","format":"standard","meta":[],"categories":[3],"tags":[],"_links":{"self":[{"href":"https:\/\/www.franceabris.com\/BLOG\/wp-json\/wp\/v2\/posts\/11265"}],"collection":[{"href":"https:\/\/www.franceabris.com\/BLOG\/wp-json\/wp\/v2\/posts"}],"about":[{"href":"https:\/\/www.franceabris.com\/BLOG\/wp-json\/wp\/v2\/types\/post"}],"author":[{"embeddable":true,"href":"https:\/\/www.franceabris.com\/BLOG\/wp-json\/wp\/v2\/users\/2"}],"replies":[{"embeddable":true,"href":"https:\/\/www.franceabris.com\/BLOG\/wp-json\/wp\/v2\/comments?post=11265"}],"version-history":[{"count":0,"href":"https:\/\/www.franceabris.com\/BLOG\/wp-json\/wp\/v2\/posts\/11265\/revisions"}],"wp:featuredmedia":[{"embeddable":true,"href":"https:\/\/www.franceabris.com\/BLOG\/wp-json\/wp\/v2\/media\/11269"}],"wp:attachment":[{"href":"https:\/\/www.franceabris.com\/BLOG\/wp-json\/wp\/v2\/media?parent=11265"}],"wp:term":[{"taxonomy":"category","embeddable":true,"href":"https:\/\/www.franceabris.com\/BLOG\/wp-json\/wp\/v2\/categories?post=11265"},{"taxonomy":"post_tag","embeddable":true,"href":"https:\/\/www.franceabris.com\/BLOG\/wp-json\/wp\/v2\/tags?post=11265"}],"curies":[{"name":"wp","href":"https:\/\/api.w.org\/{rel}","templated":true}]}}