{"id":11274,"date":"2020-07-02T06:06:48","date_gmt":"2020-07-02T05:06:48","guid":{"rendered":"https:\/\/www.franceabris.com\/BLOG\/?p=11274"},"modified":"2020-02-20T17:07:08","modified_gmt":"2020-02-20T16:07:08","slug":"tonnelle-bois-pour-les-jardins-des-particuliers-les-espaces-verts-des-collectivites","status":"publish","type":"post","link":"https:\/\/www.franceabris.com\/BLOG\/tonnelle-bois-pour-les-jardins-des-particuliers-les-espaces-verts-des-collectivites\/","title":{"rendered":"Tonnelle bois : pour les jardins des particuliers, les espaces verts des collectivit\u00e9s !"},"content":{"rendered":"<p style=\"text-align: justify;\">La tonnelle. Lorsqu&rsquo;on est un particulier, que l&rsquo;on dispose d&rsquo;un sympathique jardin paysag\u00e9, d&rsquo;une terrasse accueillante et chaleureuse, l&rsquo;on voit imm\u00e9diatement <strong>comment et pourquoi une tonnelle pourrait constituer un investissement de qualit\u00e9.<\/strong> Mais les collectivit\u00e9s pourraient en tirer quelques avantages \u00e9galement, d&rsquo;autant plus lorsqu&rsquo;elles disposent d&rsquo;espaces verts, de parcs et de jardins municipaux.<\/p>\n<p style=\"text-align: justify;\"><strong>La tonnelle n&rsquo;est pas un \u00e9quipement anodin.<\/strong> Elle offre du confort, am\u00e8ne une touche esth\u00e9tique, conf\u00e8re des fonctionnalit\u00e9s suppl\u00e9mentaires \u00e0 un espace priv\u00e9 ou public&#8230; Comment en exploiter toute la quintessence ? Qu&rsquo;est-ce qui peut faire d&rsquo;un tel kit une v\u00e9ritable ressource pour les collectivit\u00e9s et un am\u00e9nagement de haut-niveau pour les particuliers ? Explications avec deux exemples bien diff\u00e9rents d&rsquo;installations.<\/p>\n<h2 style=\"text-align: justify;\">Le mod\u00e8le : une tonnelle bois polyvalente<\/h2>\n<p style=\"text-align: justify;\">Le mod\u00e8le de tonnelle en kit dont on va parler aujourd&rsquo;hui est un abri en sapin du nord assez traditionnel. Une structure bois de belle facture, nantie de quatre poteaux lamell\u00e9s-coll\u00e9s et d&rsquo;une couverture en bac acier. La charpente plate est belle, la toiture discr\u00e8te&#8230; L&rsquo;ensemble se marie ais\u00e9ment \u00e0 des jardins vari\u00e9s, chez des particuliers. Mais aussi \u00e0 des environnements publics et urbains !<\/p>\n<ul>\n<li><span style=\"color: #ff9900;\"><a style=\"color: #ff9900;\" href=\"https:\/\/www.franceabris.com\/196-tonnelle-pergola-pavillon\" target=\"_blank\" rel=\"noopener noreferrer\">Des mod\u00e8les de toits et tonnelles en kit \u00e0 d\u00e9couvrir !<\/a><\/span><\/li>\n<\/ul>\n<p style=\"text-align: justify;\">Couvrant 16 m\u00b2 et b\u00e9n\u00e9ficiant d&rsquo;une hauteur utile de 2,4 m, cet abri en kit peut s&rsquo;am\u00e9nager de bien des mani\u00e8res. <strong>Sur une terrasse, il offrira un espace ombrag\u00e9 appr\u00e9ciable.<\/strong> Dans un parc arbor\u00e9, il mettra en valeur des plantations. Mais il peut aussi accueillir une table de pique-nique, des bains de soleil en libre-service&#8230; voire servir de support pour des bacs \u00e0 fleurs ou des esp\u00e8ces grimpantes.<\/p>\n<h2 style=\"text-align: justify;\">Une tonnelle qui sert d&rsquo;abri terrasse chez un particulier<\/h2>\n<figure id=\"attachment_11276\" aria-describedby=\"caption-attachment-11276\" style=\"width: 396px\" class=\"wp-caption aligncenter\"><a href=\"https:\/\/www.franceabris.com\/196-tonnelle-pergola-pavillon\"><img decoding=\"async\" loading=\"lazy\" class=\"wp-image-11276 size-full\" style=\"border: 1px solid #000000;\" src=\"https:\/\/www.franceabris.com\/BLOG\/wp-content\/uploads\/2020\/02\/2641-abri-tonnelle-bois-Copie.jpg\" alt=\"Toit terrasse bois\" width=\"396\" height=\"290\" srcset=\"https:\/\/www.franceabris.com\/BLOG\/wp-content\/uploads\/2020\/02\/2641-abri-tonnelle-bois-Copie.jpg 396w, https:\/\/www.franceabris.com\/BLOG\/wp-content\/uploads\/2020\/02\/2641-abri-tonnelle-bois-Copie-328x240.jpg 328w, https:\/\/www.franceabris.com\/BLOG\/wp-content\/uploads\/2020\/02\/2641-abri-tonnelle-bois-Copie-134x98.jpg 134w\" sizes=\"(max-width: 396px) 100vw, 396px\" \/><\/a><figcaption id=\"caption-attachment-11276\" class=\"wp-caption-text\">Cette tonnelle en kit est disponible sous la r\u00e9f\u00e9rence ID2641 sur notre site.<\/figcaption><\/figure>\n<p style=\"text-align: justify;\"><strong>L&rsquo;un de nos clients, un particulier, a d\u00e9cid\u00e9 de monter ce toit terrasse pour ombrager une partie de son ext\u00e9rieur.<\/strong> Les lames de sa terrasse cr\u00e9aient d\u00e9j\u00e0 un environnement agr\u00e9able, mais avec la tonnelle, c&rsquo;est un petit coin complet d\u00e9di\u00e9 \u00e0 la d\u00e9tente et aux soir\u00e9es entre amis qui a \u00e9t\u00e9 mont\u00e9. Un canap\u00e9 en r\u00e9sine, des fauteuils PVC, une table basse&#8230; Ne manque qu&rsquo;un chouia de verdure pour optimiser cette abri expos\u00e9 plein ouest. Le choix d&rsquo;un mod\u00e8le en bois s&rsquo;imposait pour des raisons principalement esth\u00e9tiques. Au final, c&rsquo;est un kit r\u00e9sistant et durable qui promet de belles ann\u00e9es d&rsquo;utilisation !<\/p>\n<h2 style=\"text-align: justify;\">Dans un parc municipal, la cr\u00e9ation d&rsquo;un pavillon de pique-nique<\/h2>\n<figure id=\"attachment_11275\" aria-describedby=\"caption-attachment-11275\" style=\"width: 396px\" class=\"wp-caption aligncenter\"><a href=\"https:\/\/www.franceabris.com\/196-tonnelle-pergola-pavillon\"><img decoding=\"async\" loading=\"lazy\" class=\"wp-image-11275 size-full\" style=\"border: 1px solid #000000;\" src=\"https:\/\/www.franceabris.com\/BLOG\/wp-content\/uploads\/2020\/02\/2641-tonnelle-municipale-Copie.jpg\" alt=\"abri tonnelle collectivit\u00e9s\" width=\"396\" height=\"290\" srcset=\"https:\/\/www.franceabris.com\/BLOG\/wp-content\/uploads\/2020\/02\/2641-tonnelle-municipale-Copie.jpg 396w, https:\/\/www.franceabris.com\/BLOG\/wp-content\/uploads\/2020\/02\/2641-tonnelle-municipale-Copie-328x240.jpg 328w, https:\/\/www.franceabris.com\/BLOG\/wp-content\/uploads\/2020\/02\/2641-tonnelle-municipale-Copie-134x98.jpg 134w\" sizes=\"(max-width: 396px) 100vw, 396px\" \/><\/a><figcaption id=\"caption-attachment-11275\" class=\"wp-caption-text\">Un kit d&rsquo;abri municipal disponible sous la r\u00e9f\u00e9rence ID2641 dans notre catalogue.<\/figcaption><\/figure>\n<p style=\"text-align: justify;\">Dans une commune, c&rsquo;est une installation d&rsquo;un tout autre genre qui \u00e9t\u00e9 cr\u00e9\u00e9e. Install\u00e9e sur un plancher sur-\u00e9lev\u00e9, la tonnelle devient une aire de pique-nique couverte. <strong>Une table circulaire en bois prot\u00e9g\u00e9e sous la couverture de l&rsquo;abri, un ensemble de bancs en octogone..<\/strong>. Les passants peuvent se promener dans le parc et profiter d&rsquo;une petite pause \u00e0 l&rsquo;abri du soleil et de la pluie. Un am\u00e9nagement tr\u00e8s appr\u00e9ci\u00e9, notamment des associations et centre sociaux du coin, puisque cette installation toute simple facilite leurs sorties champ\u00eatres. Et, si le bois du kit doit \u00eatre trait\u00e9 \u00e0 intervalles r\u00e9guliers, la couverture, elle, est particuli\u00e8rement solide et autonome !<\/p>\n","protected":false},"excerpt":{"rendered":"<p>La tonnelle. Lorsqu&rsquo;on est un particulier, que l&rsquo;on dispose d&rsquo;un sympathique jardin paysag\u00e9, d&rsquo;une terrasse accueillante et chaleureuse, l&rsquo;on voit imm\u00e9diatement comment et pourquoi une tonnelle pourrait constituer un investissement de qualit\u00e9. Mais les collectivit\u00e9s pourraient en tirer quelques avantages \u00e9galement, d&rsquo;autant plus lorsqu&rsquo;elles disposent d&rsquo;espaces verts, de parcs et de jardins municipaux. La tonnelle &hellip; <a href=\"https:\/\/www.franceabris.com\/BLOG\/tonnelle-bois-pour-les-jardins-des-particuliers-les-espaces-verts-des-collectivites\/\" class=\"more-link\">Continuer la lecture de <span class=\"screen-reader-text\">Tonnelle bois : pour les jardins des particuliers, les espaces verts des collectivit\u00e9s !<\/span><\/a><\/p>\n","protected":false},"author":2,"featured_media":11277,"comment_status":"closed","ping_status":"closed","sticky":false,"template":"","format":"standard","meta":[],"categories":[3,1],"tags":[],"_links":{"self":[{"href":"https:\/\/www.franceabris.com\/BLOG\/wp-json\/wp\/v2\/posts\/11274"}],"collection":[{"href":"https:\/\/www.franceabris.com\/BLOG\/wp-json\/wp\/v2\/posts"}],"about":[{"href":"https:\/\/www.franceabris.com\/BLOG\/wp-json\/wp\/v2\/types\/post"}],"author":[{"embeddable":true,"href":"https:\/\/www.franceabris.com\/BLOG\/wp-json\/wp\/v2\/users\/2"}],"replies":[{"embeddable":true,"href":"https:\/\/www.franceabris.com\/BLOG\/wp-json\/wp\/v2\/comments?post=11274"}],"version-history":[{"count":0,"href":"https:\/\/www.franceabris.com\/BLOG\/wp-json\/wp\/v2\/posts\/11274\/revisions"}],"wp:featuredmedia":[{"embeddable":true,"href":"https:\/\/www.franceabris.com\/BLOG\/wp-json\/wp\/v2\/media\/11277"}],"wp:attachment":[{"href":"https:\/\/www.franceabris.com\/BLOG\/wp-json\/wp\/v2\/media?parent=11274"}],"wp:term":[{"taxonomy":"category","embeddable":true,"href":"https:\/\/www.franceabris.com\/BLOG\/wp-json\/wp\/v2\/categories?post=11274"},{"taxonomy":"post_tag","embeddable":true,"href":"https:\/\/www.franceabris.com\/BLOG\/wp-json\/wp\/v2\/tags?post=11274"}],"curies":[{"name":"wp","href":"https:\/\/api.w.org\/{rel}","templated":true}]}}