{"id":11369,"date":"2020-07-28T06:06:05","date_gmt":"2020-07-28T05:06:05","guid":{"rendered":"https:\/\/www.franceabris.com\/BLOG\/?p=11369"},"modified":"2020-04-01T11:43:05","modified_gmt":"2020-04-01T10:43:05","slug":"abri-de-jardin-pe-hd-un-kit-haute-densite-pour-stocker-et-bricoler","status":"publish","type":"post","link":"https:\/\/www.franceabris.com\/BLOG\/abri-de-jardin-pe-hd-un-kit-haute-densite-pour-stocker-et-bricoler\/","title":{"rendered":"Abri de jardin PE-HD : un kit haute-densit\u00e9 pour stocker et bricoler !"},"content":{"rendered":"<p style=\"text-align: justify;\">Stockage et bricolage. <strong>Un abri de jardin en r\u00e9sine PVC peut servir \u00e0 la fois de cabanon de rangement et d&rsquo;atelier de travail<\/strong> : il suffit de choisir le kit adapt\u00e9, avec la bonne surface et les fonctionnalit\u00e9s ad\u00e9quates ! Le catalogue de FRANCE ABRIS regorge d&rsquo;ailleurs de mod\u00e8les pratique, esth\u00e9tiques, ergonomiques. Des mod\u00e8les qu&rsquo;il suffit de monter \u00e0 l&#8217;emplacement id\u00e9al dans votre jardin pour qu&rsquo;ils expriment toutes leurs qualit\u00e9s.<\/p>\n<p style=\"text-align: justify;\">C&rsquo;est ce qu&rsquo;a fait l&rsquo;un de nos clients, <strong>qui a install\u00e9 cet tr\u00e8s bel abri de jardin \u00e0 proximit\u00e9 de sa maison<\/strong>. Une structure de haut-niveau en poly\u00e9thyl\u00e8ne haute-densit\u00e9, offrant une surface suffisamment importante pour envisager ce double am\u00e9nagement : des espaces de rangement d&rsquo;un c\u00f4t\u00e9, des espaces de travail et de bricolage de l&rsquo;autre. Sans compter qu&rsquo;il s&rsquo;agit d&rsquo;un cabanon mariant tant la r\u00e9sistance \u00e0 l&rsquo;autonomie ! Explications.<\/p>\n<h2 style=\"text-align: justify;\">Le contexte : la n\u00e9cessit\u00e9 d&rsquo;avoir un abri de jardin en kit en compl\u00e9ment !<\/h2>\n<p style=\"text-align: justify;\">Le plaisir d&rsquo;avoir une belle maison et un jardin bien entretenu va g\u00e9n\u00e9ralement de pair avec quelques menues obligations&#8230; Celles de prendre soin de son habitation et de son ext\u00e9rieur. Celles de consentir \u00e0 des r\u00e9parations r\u00e9guli\u00e8res et \u00e0 des bricolages astucieux pour pallier aux probl\u00e8mes du quotidien.<strong> Autant de t\u00e2ches impliquantes qui r\u00e9clament du mat\u00e9riel, d&rsquo;\u00eatre bien outill\u00e9<\/strong>&#8230; et d&rsquo;avoir de quoi stocker, ranger, organiser, am\u00e9nager, optimiser.<\/p>\n<h3 style=\"text-align: justify;\">Le cabanon kit en r\u00e9sine comme solution imm\u00e9diate<\/h3>\n<p style=\"text-align: justify;\">C&rsquo;est ce dont a convenu notre client : il avait besoin d&rsquo;un espace pour ranger, pour stocker, mais aussi pour bricoler et travailler. S&rsquo;il avait la possibilit\u00e9 d&rsquo;am\u00e9nager cet espace dans son garage, il n&rsquo;avait pas envie de sacrifier ce dernier. Sa seule solution pour rem\u00e9dier \u00e0 sa probl\u00e9matique ? La cr\u00e9ation d&rsquo;un espace d&rsquo;appoint, en ext\u00e9rieur, offrant une surface et des fonctionnalit\u00e9s suffisantes. En un mot ? <strong>Un abri de jardin en kit, \u00e9videmment. Et, plus pr\u00e9cis\u00e9ment, un cabanon en r\u00e9sine haute-densit\u00e9&#8230;<\/strong><\/p>\n<h2 style=\"text-align: justify;\">Le kit choisi : un cabanon de rangement en r\u00e9sine haute-densit\u00e9<\/h2>\n<figure id=\"attachment_11370\" aria-describedby=\"caption-attachment-11370\" style=\"width: 583px\" class=\"wp-caption aligncenter\"><a href=\"https:\/\/www.franceabris.com\/12-abri-jardin-pvc\"><img decoding=\"async\" loading=\"lazy\" class=\"wp-image-11370 size-large\" style=\"border: 1px solid #000000;\" src=\"https:\/\/www.franceabris.com\/BLOG\/wp-content\/uploads\/2020\/04\/image0-583x437.jpeg\" alt=\"abri r\u00e9sine pvc pour stocker ou bricoler\" width=\"583\" height=\"437\" srcset=\"https:\/\/www.franceabris.com\/BLOG\/wp-content\/uploads\/2020\/04\/image0-583x437.jpeg 583w, https:\/\/www.franceabris.com\/BLOG\/wp-content\/uploads\/2020\/04\/image0-320x240.jpeg 320w, https:\/\/www.franceabris.com\/BLOG\/wp-content\/uploads\/2020\/04\/image0-131x98.jpeg 131w, https:\/\/www.franceabris.com\/BLOG\/wp-content\/uploads\/2020\/04\/image0.jpeg 640w\" sizes=\"(max-width: 583px) 100vw, 583px\" \/><\/a><figcaption id=\"caption-attachment-11370\" class=\"wp-caption-text\">Le kit choisi par notre client est cet abri de jardin en poly\u00e9thyl\u00e8ne haute-densit\u00e9 disponible sous la r\u00e9f\u00e9rence ID336 dans notre catalogue.<\/figcaption><\/figure>\n<p style=\"text-align: justify;\">Afin de choisir le mod\u00e8le le mieux adapt\u00e9 \u00e0 sa situation, notre client a contact\u00e9 l&rsquo;\u00e9quipe commerciale de FRANCE ABRIS. Apr\u00e8s \u00e9tude de son projet, mais aussi de ses priorit\u00e9s et de ses crit\u00e8res essentiels, une s\u00e9lection de kits lui a \u00e9t\u00e9 propos\u00e9e&#8230; <strong>Dont ce bel abri de jardin en poly\u00e9thyl\u00e8ne haute-densit\u00e9.<\/strong> Une maisonnette tr\u00e8s qualitative, mais aussi esth\u00e9tique, pouvant sans peine \u00eatre install\u00e9e \u00e0 proximit\u00e9 d&rsquo;une habitation. Ses finitions tr\u00e8s soign\u00e9es lui offrent un profil \u00e0 m\u00eame se marier avec bien des ext\u00e9rieurs.<\/p>\n<h3 style=\"text-align: justify;\">Des dimensions et une surface utile offrant une grande polyvalence<\/h3>\n<p style=\"text-align: justify;\">Plus concr\u00e8tement,<strong> il s&rsquo;agit d&rsquo;un cabanon de rangement de 9 m\u00b2 environ avec des parois de 23 mm d&rsquo;\u00e9paisseur.<\/strong> La hauteur utile ? 1,96 m\u00e8tre, mais la hauteur sous fa\u00eetage culmine \u00e0 2,84 m\u00e8tres. Et la largeur de la porte \u00e0 deux battants atteint 1,46 m\u00e8tre, ce qui permet le stockage de petits v\u00e9hicules, deux roues ou gros encombrants. Double porte verrouillable, \u00e9videmment, ce qui n&rsquo;est pas anodin : pour votre assureur, d&rsquo;une part, si vous souhaitez int\u00e9grer votre cabanon \u00e0 une garantie d\u00e9pendances de jardin ; pour vos enfants, d&rsquo;autre part, pour des questions de s\u00e9curit\u00e9.<\/p>\n<ul>\n<li><span style=\"color: #ff9900;\"><a style=\"color: #ff9900;\" href=\"https:\/\/www.franceabris.com\/12-abri-jardin-pvc\" target=\"_blank\" rel=\"noopener noreferrer\">Tous nos cabanons de jardin en r\u00e9sine PVC et PE-HD !<\/a><\/span><\/li>\n<\/ul>\n<figure id=\"attachment_11372\" aria-describedby=\"caption-attachment-11372\" style=\"width: 396px\" class=\"wp-caption aligncenter\"><a href=\"https:\/\/www.franceabris.com\/12-abri-jardin-pvc\"><img decoding=\"async\" loading=\"lazy\" class=\"wp-image-11372 size-full\" style=\"border: 1px solid #000000;\" src=\"https:\/\/www.franceabris.com\/BLOG\/wp-content\/uploads\/2020\/04\/336-cabanon-jardin-r\u00e9sine-PVC.jpg\" alt=\"cabanon de rangement en kit pvc\" width=\"396\" height=\"290\" srcset=\"https:\/\/www.franceabris.com\/BLOG\/wp-content\/uploads\/2020\/04\/336-cabanon-jardin-r\u00e9sine-PVC.jpg 396w, https:\/\/www.franceabris.com\/BLOG\/wp-content\/uploads\/2020\/04\/336-cabanon-jardin-r\u00e9sine-PVC-328x240.jpg 328w, https:\/\/www.franceabris.com\/BLOG\/wp-content\/uploads\/2020\/04\/336-cabanon-jardin-r\u00e9sine-PVC-134x98.jpg 134w\" sizes=\"(max-width: 396px) 100vw, 396px\" \/><\/a><figcaption id=\"caption-attachment-11372\" class=\"wp-caption-text\">Une large porte, une bonne ventilation, des ouvertures en nombre&#8230; Que demander de plus ?! (R\u00e9f\u00e9rence du kit : ID336)<\/figcaption><\/figure>\n<h3 style=\"text-align: justify;\">Luminosit\u00e9 naturelle : l&rsquo;abri ou l&rsquo;atelier de bricolage peut se passer d&rsquo;\u00e9lectricit\u00e9<\/h3>\n<p style=\"text-align: justify;\">Enfin,<strong> il s&rsquo;agit d&rsquo;une cabane en kit garantissant une belle luminosit\u00e9 naturelle.<\/strong> Deux ouvertures lat\u00e9rales de 54&#215;58 cm, mais aussi un <em>skylight<\/em> ou puit de lumi\u00e8re qui court tout le long du fa\u00eetage. Pour b\u00e9n\u00e9ficier d&rsquo;un confort optimal, notre client a d\u00e9cid\u00e9 de tirer tout de m\u00eame l&rsquo;\u00e9lectricit\u00e9, ce qui lui a permis de greffer une source de lumi\u00e8re artificielle, mais aussi de quoi brancher des engins et tondeuses. Mais, avec ces trois sources de lumi\u00e8re naturelle, ce n&rsquo;est pas un ajout fondamental &#8211; bien plus une question de confort.<\/p>\n<h2 style=\"text-align: justify;\">Les mat\u00e9riaux : la r\u00e9sine poly\u00e9thyl\u00e8ne haute-densit\u00e9<\/h2>\n<p style=\"text-align: justify;\"><strong>La cabane de notre client est con\u00e7ue en poly\u00e9thyl\u00e8ne haute-densit\u00e9.<\/strong> On ne rentrera pas dans les d\u00e9tails de ce mat\u00e9riau sp\u00e9cifique, mais vous pourrez toujours consulter <span style=\"color: #ff9900;\"><a style=\"color: #ff9900;\" href=\"https:\/\/www.franceabris.com\/BLOG\/parmi-les-kits-en-resine-des-abris-en-pvc-haute-densite\/\" target=\"_blank\" rel=\"noopener noreferrer\">ces diff\u00e9rentes explications sur ce PE-HD qui entre souvent dans la composition d&rsquo;objets divers<\/a><\/span> : les cano\u00eb-kayaks, par exemple, ou des tubes transportant eau ou gaz. Ce qu&rsquo;il faut retenir de ce mat\u00e9riau, c&rsquo;est qu&rsquo;il est id\u00e9al pour les abris en kit. Pourquoi ? Parce que ces derniers marient qualit\u00e9, r\u00e9sistance et autonomie.<\/p>\n<figure id=\"attachment_11373\" aria-describedby=\"caption-attachment-11373\" style=\"width: 437px\" class=\"wp-caption aligncenter\"><a href=\"https:\/\/www.franceabris.com\/12-abri-jardin-pvc\"><img decoding=\"async\" loading=\"lazy\" class=\"wp-image-11373 size-large\" style=\"border: 1px solid #000000;\" src=\"https:\/\/www.franceabris.com\/BLOG\/wp-content\/uploads\/2020\/04\/336-poly\u00e9thyl\u00e8ne-haute-densit\u00e9-437x437.jpg\" alt=\"abri en PE-HD r\u00e9sine\" width=\"437\" height=\"437\" srcset=\"https:\/\/www.franceabris.com\/BLOG\/wp-content\/uploads\/2020\/04\/336-poly\u00e9thyl\u00e8ne-haute-densit\u00e9-437x437.jpg 437w, https:\/\/www.franceabris.com\/BLOG\/wp-content\/uploads\/2020\/04\/336-poly\u00e9thyl\u00e8ne-haute-densit\u00e9-240x240.jpg 240w, https:\/\/www.franceabris.com\/BLOG\/wp-content\/uploads\/2020\/04\/336-poly\u00e9thyl\u00e8ne-haute-densit\u00e9-98x98.jpg 98w, https:\/\/www.franceabris.com\/BLOG\/wp-content\/uploads\/2020\/04\/336-poly\u00e9thyl\u00e8ne-haute-densit\u00e9.jpg 458w\" sizes=\"(max-width: 437px) 100vw, 437px\" \/><\/a><figcaption id=\"caption-attachment-11373\" class=\"wp-caption-text\">Poly\u00e9thyl\u00e8ne haute-densit\u00e9 et aluminium pour la structure interne : un mariage de haute-qualit\u00e9 et de grande r\u00e9sistance. (R\u00e9f\u00e9rence du kit : ID336)<\/figcaption><\/figure>\n<h3 style=\"text-align: justify;\">Un mat\u00e9riau r\u00e9sistant et tr\u00e8s \u00e9tanche !<\/h3>\n<p style=\"text-align: justify;\"><strong>Leur caract\u00e8re le plus appr\u00e9ciable ? L&rsquo;\u00e9tanch\u00e9it\u00e9.<\/strong> Ils r\u00e9sistent \u00e0 toutes les intemp\u00e9ries, mais ne craignent pas non plus le vent, l&rsquo;iode, ni les conditions de chaleur \u00e9lev\u00e9e. Le mod\u00e8le en kit de notre client se trouve d&rsquo;ailleurs couvert par une garantie courant sur 10 ans &#8211; ceci explique cela. Mieux, une cabane haute-densit\u00e9 ne r\u00e9clame quasiment pas d&rsquo;entretien. Affichant un look moderne et esth\u00e9tique, elle n&rsquo;implique pas de traitement r\u00e9gulier, ni de soin particulier. Tout juste un nettoyage au jet d&rsquo;eau pour \u00e9vacuer les in\u00e9vitables salissures du temps !<\/p>\n<p>Une bonne fa\u00e7on de cumuler les avantages !<\/p>\n","protected":false},"excerpt":{"rendered":"<p>Stockage et bricolage. Un abri de jardin en r\u00e9sine PVC peut servir \u00e0 la fois de cabanon de rangement et d&rsquo;atelier de travail : il suffit de choisir le kit adapt\u00e9, avec la bonne surface et les fonctionnalit\u00e9s ad\u00e9quates ! Le catalogue de FRANCE ABRIS regorge d&rsquo;ailleurs de mod\u00e8les pratique, esth\u00e9tiques, ergonomiques. Des mod\u00e8les qu&rsquo;il &hellip; <a href=\"https:\/\/www.franceabris.com\/BLOG\/abri-de-jardin-pe-hd-un-kit-haute-densite-pour-stocker-et-bricoler\/\" class=\"more-link\">Continuer la lecture de <span class=\"screen-reader-text\">Abri de jardin PE-HD : un kit haute-densit\u00e9 pour stocker et bricoler !<\/span><\/a><\/p>\n","protected":false},"author":2,"featured_media":11371,"comment_status":"closed","ping_status":"closed","sticky":false,"template":"","format":"standard","meta":[],"categories":[3],"tags":[],"_links":{"self":[{"href":"https:\/\/www.franceabris.com\/BLOG\/wp-json\/wp\/v2\/posts\/11369"}],"collection":[{"href":"https:\/\/www.franceabris.com\/BLOG\/wp-json\/wp\/v2\/posts"}],"about":[{"href":"https:\/\/www.franceabris.com\/BLOG\/wp-json\/wp\/v2\/types\/post"}],"author":[{"embeddable":true,"href":"https:\/\/www.franceabris.com\/BLOG\/wp-json\/wp\/v2\/users\/2"}],"replies":[{"embeddable":true,"href":"https:\/\/www.franceabris.com\/BLOG\/wp-json\/wp\/v2\/comments?post=11369"}],"version-history":[{"count":0,"href":"https:\/\/www.franceabris.com\/BLOG\/wp-json\/wp\/v2\/posts\/11369\/revisions"}],"wp:featuredmedia":[{"embeddable":true,"href":"https:\/\/www.franceabris.com\/BLOG\/wp-json\/wp\/v2\/media\/11371"}],"wp:attachment":[{"href":"https:\/\/www.franceabris.com\/BLOG\/wp-json\/wp\/v2\/media?parent=11369"}],"wp:term":[{"taxonomy":"category","embeddable":true,"href":"https:\/\/www.franceabris.com\/BLOG\/wp-json\/wp\/v2\/categories?post=11369"},{"taxonomy":"post_tag","embeddable":true,"href":"https:\/\/www.franceabris.com\/BLOG\/wp-json\/wp\/v2\/tags?post=11369"}],"curies":[{"name":"wp","href":"https:\/\/api.w.org\/{rel}","templated":true}]}}