{"id":11423,"date":"2020-06-28T06:06:31","date_gmt":"2020-06-28T05:06:31","guid":{"rendered":"https:\/\/www.franceabris.com\/BLOG\/?p=11423"},"modified":"2020-04-30T10:19:16","modified_gmt":"2020-04-30T09:19:16","slug":"abri-camping-car-en-alu-avec-des-filets-de-protection-un-kit-brise-vue","status":"publish","type":"post","link":"https:\/\/www.franceabris.com\/BLOG\/abri-camping-car-en-alu-avec-des-filets-de-protection-un-kit-brise-vue\/","title":{"rendered":"Abri camping-car m\u00e9tallique avec des filets de protection : un kit brise-vue !"},"content":{"rendered":"<p style=\"text-align: justify;\">Abriter votre camping-car chez vous&#8230; Vous y avez pens\u00e9 ? Avec un kit d&rsquo;abri adapt\u00e9, b\u00e9n\u00e9ficiant d&rsquo;une grande hauteur et d&rsquo;une structure con\u00e7ue pour pr\u00e9server un camping-car des intemp\u00e9ries, c&rsquo;est possible ! L&rsquo;un de nos clients a derni\u00e8rement fait ce choix en investissant dans <strong>un carport m\u00e9tallique \u00e0 grande hauteur utile.<\/strong> Il a doubl\u00e9 son achat d&rsquo;un ensemble de filets de protection ou brise-vue lat\u00e9raux.<\/p>\n<p style=\"text-align: justify;\">En r\u00e9sulte une installation parfaitement int\u00e9gr\u00e9e \u00e0 l&rsquo;environnement de la maison. <strong>Non seulement ce kit se montrera tr\u00e8s r\u00e9sistant dans le temps<\/strong>, mais il ne r\u00e9clamera qu&rsquo;un entretien minimaliste. Le tout en permettant d&rsquo;hiverner son porteur \u00e0 domicile. Et de ne plus investir d&rsquo;argent superflu dans une soci\u00e9t\u00e9 de gardiennage ! Autant dire que le carport sera vite amorti&#8230;<\/p>\n<p>Explications.<\/p>\n<p><strong>&#8211;<\/strong> <span style=\"color: #ff9900;\"><a style=\"color: #ff9900;\" href=\"https:\/\/www.franceabris.com\/55-abri-camping-car-metal\" target=\"_blank\" rel=\"noopener noreferrer\">Tous nos mod\u00e8les d&rsquo;abris camping-car m\u00e9tallique en alu !<\/a><\/span><\/p>\n<h2 style=\"text-align: justify;\">Le contexte : abriter son camping-car chez lui sous un carport m\u00e9tallique discret<\/h2>\n<p style=\"text-align: justify;\"><strong>Abriter, prot\u00e9ger, entretenir son camping-car chez lui<\/strong> : tel \u00e9tait le souhait de notre client. Lass\u00e9 par des ann\u00e9es pass\u00e9es \u00e0 confier son v\u00e9hicule de loisir \u00e0 des soci\u00e9t\u00e9s sp\u00e9cialis\u00e9es, il avait envie, enfin, de conserver son porteur \u00e0 l&rsquo;ann\u00e9e chez lui. L&rsquo;id\u00e9e : cesser de jeter l&rsquo;argent par les fen\u00eatres et garder la main, l\u2019\u0153il et le reste sur son bijou en toute saison. A la retraite depuis quelques ann\u00e9es, notre client avait en effet plus de temps \u00e0 lui consacrer ! S&rsquo;\u00e9pargner des frais \u00e9vitables ? C&rsquo;est l&rsquo;\u00e9vidence !<\/p>\n<h3 style=\"text-align: justify;\">Environnement bien agenc\u00e9, carport et kit esth\u00e9tique<\/h3>\n<p style=\"text-align: justify;\">Une trentaine de m\u00e8tres carr\u00e9s, c&rsquo;est la surface qu&rsquo;il avait d\u00e9cid\u00e9 de consacrer \u00e0 son installation. Habitant en zone rurale, il b\u00e9n\u00e9ficiait d\u00e9j\u00e0 d&rsquo;un terrain assez vaste et bien organis\u00e9 : \u00e0 c\u00f4t\u00e9 d&rsquo;un garage en dur existant avec un joli toit double pente, <strong>il a d\u00e9cid\u00e9 d&rsquo;\u00e9riger son carport camping-car<\/strong>. Une installation rendue d&rsquo;autant plus discr\u00e8te par le mod\u00e8le de kit choisi et ses options ! Un \u00e9l\u00e9ment qui n&rsquo;est pas anodin : notre client souhaitait \u00e9videmment pr\u00e9server l&rsquo;unit\u00e9 esth\u00e9tique de son ext\u00e9rieur.<\/p>\n<figure id=\"attachment_11428\" aria-describedby=\"caption-attachment-11428\" style=\"width: 583px\" class=\"wp-caption aligncenter\"><a href=\"https:\/\/www.franceabris.com\/55-abri-camping-car-metal\"><img decoding=\"async\" loading=\"lazy\" class=\"wp-image-11428 size-large\" style=\"border: 1px solid #000000;\" src=\"https:\/\/www.franceabris.com\/BLOG\/wp-content\/uploads\/2020\/04\/PHOTO-DRONE-MAISON-583x437.jpeg\" alt=\"carport camping-car m\u00e9tal\" width=\"583\" height=\"437\" srcset=\"https:\/\/www.franceabris.com\/BLOG\/wp-content\/uploads\/2020\/04\/PHOTO-DRONE-MAISON-583x437.jpeg 583w, https:\/\/www.franceabris.com\/BLOG\/wp-content\/uploads\/2020\/04\/PHOTO-DRONE-MAISON-320x240.jpeg 320w, https:\/\/www.franceabris.com\/BLOG\/wp-content\/uploads\/2020\/04\/PHOTO-DRONE-MAISON-131x98.jpeg 131w, https:\/\/www.franceabris.com\/BLOG\/wp-content\/uploads\/2020\/04\/PHOTO-DRONE-MAISON.jpeg 640w\" sizes=\"(max-width: 583px) 100vw, 583px\" \/><\/a><figcaption id=\"caption-attachment-11428\" class=\"wp-caption-text\">La maison de notre client s&rsquo;orne d\u00e9sormais d&rsquo;un bel abri camping-car m\u00e9tallique.<\/figcaption><\/figure>\n<h2 style=\"text-align: justify;\">Le kit : un carport camping-car m\u00e9tallique avec brise-vue<\/h2>\n<p style=\"text-align: justify;\"><strong>Le kit d&rsquo;abri camping-car s\u00e9lectionn\u00e9 s&rsquo;av\u00e8re parfaitement adapt\u00e9 au v\u00e9hicule de notre client.<\/strong> Sur les photos, ce dernier se situe l\u00e9g\u00e8rement en recul du carport, mais l&rsquo;abri couvre en r\u00e9alit\u00e9 enti\u00e8rement le camping-car, tout en laissant une marge int\u00e9ressante \u00e0 l&rsquo;avant comme \u00e0 l&rsquo;arri\u00e8re. La hauteur ? Un peu moins de 3,5 m, ce qui permet d&rsquo;ouvrir partiellement les lanterneaux si n\u00e9cessaire et de man\u0153uvrer ais\u00e9ment. Le v\u00e9hicule est ainsi pr\u00e9serv\u00e9 des intemp\u00e9ries, tout en b\u00e9n\u00e9ficiant d&rsquo;une bonne ventilation.<\/p>\n<h3 style=\"text-align: justify;\">L&rsquo;ajout de filets de protection pour optimiser l&rsquo;abri m\u00e9tallique<\/h3>\n<p style=\"text-align: justify;\">Une protection renforc\u00e9e : car <strong>notre client a souhait\u00e9 ajouter des filets de protection ou brise-vue en toile.<\/strong> Une greffe qui a pris sans probl\u00e8me&#8230; Le camping-car est d\u00e9sormais \u00e0 l&rsquo;abri des bourrasques de vent et des salet\u00e9s qu&rsquo;elles pourraient charrier. Sans qu&rsquo;il ne soit prot\u00e9g\u00e9 comme il le serait \u00e0 l&rsquo;int\u00e9rieur d&rsquo;un garage clos, il b\u00e9n\u00e9ficie d&rsquo;un toit vraiment performant sans souffrir des inconv\u00e9nients d&rsquo;un garage. Enfin, ces toiles offrent un tantinet de discr\u00e9tion, que ce soit du jardin ou de la rue. Le camping-car est \u00e0 l&rsquo;abri, vraiment !<\/p>\n<figure id=\"attachment_11429\" aria-describedby=\"caption-attachment-11429\" style=\"width: 583px\" class=\"wp-caption aligncenter\"><a href=\"https:\/\/www.franceabris.com\/55-abri-camping-car-metal\"><img decoding=\"async\" loading=\"lazy\" class=\"wp-image-11429 size-large\" style=\"border: 1px solid #000000;\" src=\"https:\/\/www.franceabris.com\/BLOG\/wp-content\/uploads\/2020\/04\/abri-camping-car-avec-brise-vue-583x437.jpg\" alt=\"carport v\u00e9hicule de loisir en m\u00e9tal\" width=\"583\" height=\"437\" srcset=\"https:\/\/www.franceabris.com\/BLOG\/wp-content\/uploads\/2020\/04\/abri-camping-car-avec-brise-vue-583x437.jpg 583w, https:\/\/www.franceabris.com\/BLOG\/wp-content\/uploads\/2020\/04\/abri-camping-car-avec-brise-vue-320x240.jpg 320w, https:\/\/www.franceabris.com\/BLOG\/wp-content\/uploads\/2020\/04\/abri-camping-car-avec-brise-vue-131x98.jpg 131w, https:\/\/www.franceabris.com\/BLOG\/wp-content\/uploads\/2020\/04\/abri-camping-car-avec-brise-vue.jpg 640w\" sizes=\"(max-width: 583px) 100vw, 583px\" \/><\/a><figcaption id=\"caption-attachment-11429\" class=\"wp-caption-text\">Retrouvez le carport camping-car de notre client dans notre gamme d\u00e9di\u00e9e sur notre site !<\/figcaption><\/figure>\n<h2>Les avantages<\/h2>\n<p style=\"text-align: justify;\"><strong>Un tel carport camping-car en acier cumule bien des avantages.<\/strong> La structure m\u00e9tallique s&rsquo;av\u00e8re r\u00e9sistante \u00e0 toutes les intemp\u00e9ries et endurera sans probl\u00e8me le passage des ans. En ne n\u00e9cessitant qu&rsquo;un entretien minimal, excusez du peu ! Autant dire que le prix de l&rsquo;abri sera \u00e9videmment amorti ann\u00e9es apr\u00e8s ann\u00e9es, tout au long de sa tr\u00e8s longue dur\u00e9e de vie. <strong>L&rsquo;acier galvanis\u00e9 plastifi\u00e9 des poteaux et de l&rsquo;armature g\u00e9n\u00e9rale du carport<\/strong> ne craint pas la corrosion non plus, \u00e0 moins de cogner le kit et d&rsquo;en entamer la couche protectrice. Avec un atout dont vous ne vous doutez pas forc\u00e9ment : le toit. Un carport est avant tout un abri, un toit, une protection, peu importe ce qu&rsquo;il prot\u00e8ge. Ainsi, \u00e0 terme, si notre client se s\u00e9pare de son camping-car, la structure ne se retrouvera jamais sans utilit\u00e9&#8230; et constituera un abri terrasse de qualit\u00e9 ! Pratique !<\/p>\n","protected":false},"excerpt":{"rendered":"<p>Abriter votre camping-car chez vous&#8230; Vous y avez pens\u00e9 ? Avec un kit d&rsquo;abri adapt\u00e9, b\u00e9n\u00e9ficiant d&rsquo;une grande hauteur et d&rsquo;une structure con\u00e7ue pour pr\u00e9server un camping-car des intemp\u00e9ries, c&rsquo;est possible ! L&rsquo;un de nos clients a derni\u00e8rement fait ce choix en investissant dans un carport m\u00e9tallique \u00e0 grande hauteur utile. Il a doubl\u00e9 son &hellip; <a href=\"https:\/\/www.franceabris.com\/BLOG\/abri-camping-car-en-alu-avec-des-filets-de-protection-un-kit-brise-vue\/\" class=\"more-link\">Continuer la lecture de <span class=\"screen-reader-text\">Abri camping-car m\u00e9tallique avec des filets de protection : un kit brise-vue !<\/span><\/a><\/p>\n","protected":false},"author":2,"featured_media":11424,"comment_status":"closed","ping_status":"closed","sticky":false,"template":"","format":"standard","meta":[],"categories":[3],"tags":[],"_links":{"self":[{"href":"https:\/\/www.franceabris.com\/BLOG\/wp-json\/wp\/v2\/posts\/11423"}],"collection":[{"href":"https:\/\/www.franceabris.com\/BLOG\/wp-json\/wp\/v2\/posts"}],"about":[{"href":"https:\/\/www.franceabris.com\/BLOG\/wp-json\/wp\/v2\/types\/post"}],"author":[{"embeddable":true,"href":"https:\/\/www.franceabris.com\/BLOG\/wp-json\/wp\/v2\/users\/2"}],"replies":[{"embeddable":true,"href":"https:\/\/www.franceabris.com\/BLOG\/wp-json\/wp\/v2\/comments?post=11423"}],"version-history":[{"count":0,"href":"https:\/\/www.franceabris.com\/BLOG\/wp-json\/wp\/v2\/posts\/11423\/revisions"}],"wp:featuredmedia":[{"embeddable":true,"href":"https:\/\/www.franceabris.com\/BLOG\/wp-json\/wp\/v2\/media\/11424"}],"wp:attachment":[{"href":"https:\/\/www.franceabris.com\/BLOG\/wp-json\/wp\/v2\/media?parent=11423"}],"wp:term":[{"taxonomy":"category","embeddable":true,"href":"https:\/\/www.franceabris.com\/BLOG\/wp-json\/wp\/v2\/categories?post=11423"},{"taxonomy":"post_tag","embeddable":true,"href":"https:\/\/www.franceabris.com\/BLOG\/wp-json\/wp\/v2\/tags?post=11423"}],"curies":[{"name":"wp","href":"https:\/\/api.w.org\/{rel}","templated":true}]}}