{"id":11434,"date":"2020-07-01T06:06:09","date_gmt":"2020-07-01T05:06:09","guid":{"rendered":"https:\/\/www.franceabris.com\/BLOG\/?p=11434"},"modified":"2020-05-05T16:21:51","modified_gmt":"2020-05-05T15:21:51","slug":"camping-car-labri-en-kit-comme-solution-annuelle","status":"publish","type":"post","link":"https:\/\/www.franceabris.com\/BLOG\/camping-car-labri-en-kit-comme-solution-annuelle\/","title":{"rendered":"Camping-car : l&rsquo;abri en kit comme solution annuelle"},"content":{"rendered":"<p style=\"text-align: justify;\">De tr\u00e8s nombreux passionn\u00e9s nous contactent alors que les jours rallongent et que les temp\u00e9ratures nous offrent de jolies perspectives : <strong>quelles solutions peuvent-ils envisager pour prot\u00e9ger chez eux \u00e0 l&rsquo;ann\u00e9e leur camping-car ?<\/strong> C&rsquo;est effectivement un souhait tr\u00e8s souvent partag\u00e9&#8230; D\u00e8s lors que l&rsquo;on a de la place chez soi, il devient tr\u00e8s tentant d&rsquo;am\u00e9nager un espace pleinement d\u00e9di\u00e9 \u00e0 son v\u00e9hicule de loisir.<\/p>\n<p style=\"text-align: justify;\">Avec un toit sp\u00e9cifique pour le prot\u00e9ger ! <strong>Et oui, un carport pour camping-car est un abri con\u00e7u pour ces v\u00e9hicules de grande taille.<\/strong> Une grande hauteur, des mat\u00e9riaux adapt\u00e9s et des formules diverses : ces kits doivent permettre de prot\u00e9ger efficacement vos porteurs des intemp\u00e9ries et des agressions ext\u00e9rieures. Avec un objectif clair : le garder \u00e0 domicile, chez soi, sous la main ; en assurer l&rsquo;entretien sans avoir \u00e0 payer des soci\u00e9t\u00e9s de gardiennage&#8230;<\/p>\n<p style=\"text-align: justify;\">Un luxe ? Pas vraiment, puisqu&rsquo;il existe des kits pour tous les budgets !<\/p>\n<p><strong>&#8211;<\/strong> <span style=\"color: #ff9900;\"><a style=\"color: #ff9900;\" href=\"https:\/\/www.franceabris.com\/54-abri-camping-car\" target=\"_blank\" rel=\"noopener noreferrer\">D\u00e9couvrez les solutions de carport en kit pour prot\u00e9ger votre camping-car !<\/a><\/span><\/p>\n<h2 style=\"text-align: justify;\">Dimensions et mat\u00e9riaux : l&rsquo;abri camping-car d\u00e9crypt\u00e9<\/h2>\n<p style=\"text-align: justify;\"><strong>La particularit\u00e9 d&rsquo;un carport camping-car, ce sont ses dimensions.<\/strong> De nombreux kits prot\u00e8gent ainsi 30 m\u00b2 ou plus d&#8217;emprise au sol, tout en assurant 3,5 m\u00e8tres, voire quatre de hauteur utile. C&rsquo;est l&rsquo;\u00e9vidence : un abri d\u00e9di\u00e9 aux v\u00e9hicules de loisir doit \u00eatre adapt\u00e9 \u00e0 leurs sp\u00e9cificit\u00e9s. Il s&rsquo;agit de couvrir l&rsquo;int\u00e9gralit\u00e9 du porteur, tout en permettant d&rsquo;ouvrir ses lanterneaux et de le man\u0153uvrer correctement, si possible ais\u00e9ment.<\/p>\n<h3 style=\"text-align: justify;\">Une emprise au sol suffisante et une hauteur utile adapt\u00e9e au porteur<\/h3>\n<p style=\"text-align: justify;\">Si ces grandes dimensions constituent une constante de tout carport camping-car qui se respecte, <strong>les mat\u00e9riaux en sont, eux, une variable<\/strong>. Car il est possible d&rsquo;opter pour un abri aux qualit\u00e9s bien diff\u00e9rentes selon qu&rsquo;il affiche une \u00e9l\u00e9gante silhouette de bois, un profil moderne en acier ou en alu ou une sympathique toile tendue.<\/p>\n<p style=\"text-align: center;\"><iframe loading=\"lazy\" src=\"https:\/\/player.vimeo.com\/video\/408818584\" width=\"640\" height=\"360\" frameborder=\"0\" allowfullscreen=\"allowfullscreen\"><\/iframe><\/p>\n<p><a href=\"https:\/\/vimeo.com\/408818584\">UN ABRI POUR PROTEGER VOTRE CAMPING-CAR OU CARAVANE<\/a> from <a href=\"https:\/\/vimeo.com\/user3798386\">FranceAbris<\/a> on <a href=\"https:\/\/vimeo.com\">Vimeo<\/a>.<\/p>\n<h3>Bois, m\u00e9tal ou toile : choisissez les mat\u00e9riaux de votre carport camping-car<\/h3>\n<ul>\n<li style=\"text-align: justify;\"><strong>Le bois,<\/strong> c&rsquo;est l&rsquo;argument du naturel et d&rsquo;une esth\u00e9tique simple, qui s&rsquo;adapte \u00e0 tout environnement. Un carport en \u00e9pic\u00e9a sera tr\u00e8s souvent trait\u00e9 autoclave en amont, afin de renforcer sa r\u00e9sistance, mais il sera possible d&rsquo;opter <span style=\"color: #ff9900;\"><a style=\"color: #ff9900;\" href=\"https:\/\/www.franceabris.com\/24-abri-camping-car-bois\" target=\"_blank\" rel=\"noopener noreferrer\">pour un abri en Douglas<\/a><\/span>, une essence naturellement pr\u00e9serv\u00e9e des agressions des insectes ou des champignons.<\/li>\n<li style=\"text-align: justify;\"><strong>Le m\u00e9tal,<\/strong> c&rsquo;est le choix de la dur\u00e9e de vie garantie et de l&rsquo;autonomie. Un abri bois pourra durer de tr\u00e8s longues ann\u00e9es, mais r\u00e9clamera tout de m\u00eame un entretien r\u00e9gulier. Ce n&rsquo;est pas le cas de l&rsquo;aluminium ou de l&rsquo;acier galvanis\u00e9 : \u00e0 moins d&rsquo;en attaquer la couche sup\u00e9rieure, ils offriront une protection s\u00fbre face \u00e0 la corrosion, garantissant ainsi une durabilit\u00e9 optimale sans entretien particulier.<\/li>\n<li style=\"text-align: justify;\"><strong>La toile,<\/strong> enfin, c&rsquo;est le choix de l&rsquo;originalit\u00e9 avec des kits un peu diff\u00e9rents. Un carport monopied ou \u00e0 deux poteaux, un garage pliant PVC, des structures d\u00e9montables et temporaires&#8230; Des solutions qui savent r\u00e9pondre \u00e0 certaines situations et exigences !<\/li>\n<\/ul>\n<h2 style=\"text-align: justify;\">Un abri camping-car personnalis\u00e9 : bardages, charpente&#8230;<\/h2>\n<p style=\"text-align: justify;\">Les dimensions, l&#8217;emprise au sol, la hauteur utile, les mat\u00e9riaux&#8230; Mais d&rsquo;autres \u00e9l\u00e9ments peuvent se montrer d\u00e9cisifs pour choisir un toit pour son v\u00e9hicule de loisir. <strong>La nature du toit en est un :<\/strong> certains affichent une charpente \u00e0 deux pentes, pour un design tr\u00e8s classique, mais efficace. D&rsquo;autres, un toit plat, moderne et discret. Des kits ont un toit demi-lune, bien pratique pour l&rsquo;\u00e9vacuation des eaux. Voire un toit simple pente, s&rsquo;adossant \u00e0 la fa\u00e7ade de la maison : pratique, puisque cela permet d&rsquo;installer un mod\u00e8le polyvalent, m\u00eame lorsqu&rsquo;on manque de place au jardin.<\/p>\n<figure id=\"attachment_9553\" aria-describedby=\"caption-attachment-9553\" style=\"width: 583px\" class=\"wp-caption aligncenter\"><a href=\"https:\/\/www.franceabris.com\/54-abri-camping-car\"><img decoding=\"async\" loading=\"lazy\" class=\"wp-image-9553 size-large\" style=\"border: 1px solid #000000;\" src=\"https:\/\/www.franceabris.com\/BLOG\/wp-content\/uploads\/2018\/12\/abri-en-kit-pas-cher-camping-car-583x437.jpeg\" alt=\"abri camping-car grande hauteur\" width=\"583\" height=\"437\" srcset=\"https:\/\/www.franceabris.com\/BLOG\/wp-content\/uploads\/2018\/12\/abri-en-kit-pas-cher-camping-car-583x437.jpeg 583w, https:\/\/www.franceabris.com\/BLOG\/wp-content\/uploads\/2018\/12\/abri-en-kit-pas-cher-camping-car-131x98.jpeg 131w, https:\/\/www.franceabris.com\/BLOG\/wp-content\/uploads\/2018\/12\/abri-en-kit-pas-cher-camping-car-320x240.jpeg 320w, https:\/\/www.franceabris.com\/BLOG\/wp-content\/uploads\/2018\/12\/abri-en-kit-pas-cher-camping-car.jpeg 640w\" sizes=\"(max-width: 583px) 100vw, 583px\" \/><\/a><figcaption id=\"caption-attachment-9553\" class=\"wp-caption-text\">Ce client a opt\u00e9 pour un abri camping-car m\u00e9tallique avec une protection suppl\u00e9mentaire sur l&rsquo;un des c\u00f4t\u00e9s.<\/figcaption><\/figure>\n<h3 style=\"text-align: justify;\">Clore son abri en partie pour maximiser la protection<\/h3>\n<p style=\"text-align: justify;\">Outre le toit, il est possible<strong> d&rsquo;adjoindre des bardages lat\u00e9raux<\/strong> pour clore un ou plusieurs c\u00f4t\u00e9s de l&rsquo;abri. Une bonne mani\u00e8re de pr\u00e9server le porteur des bourrasques de vent et des salet\u00e9s que celles-ci peuvent charrier. Pratique \u00e9galement pour bricoler, travailler, nettoyer ou charger son v\u00e9hicule en \u00e9tant prot\u00e9g\u00e9 !<\/p>\n<h3 style=\"text-align: justify;\">L&rsquo;int\u00e9r\u00eat du carport en kit lorsqu&rsquo;on a un v\u00e9hicule de loisir<\/h3>\n<p style=\"text-align: justify;\"><strong>Car c&rsquo;est tout l&rsquo;int\u00e9r\u00eat d&rsquo;installer \u00e0 domicile un toit d\u00e9di\u00e9 \u00e0 son camping-car<\/strong> : en le prot\u00e9geant \u00e0 domicile, on s&rsquo;\u00e9vite les habituel frais de gardiennage. On se garde la possibilit\u00e9 de tracer la route d\u00e8s que l&rsquo;envie nous prend. Et l&rsquo;on s&rsquo;\u00e9vite des trajets superflus entre son domicile et la soci\u00e9t\u00e9 o\u00f9 le v\u00e9hicule est parqu\u00e9. Un gain de temps et beaucoup d&rsquo;ergonomie au quotidien !<\/p>\n","protected":false},"excerpt":{"rendered":"<p>De tr\u00e8s nombreux passionn\u00e9s nous contactent alors que les jours rallongent et que les temp\u00e9ratures nous offrent de jolies perspectives : quelles solutions peuvent-ils envisager pour prot\u00e9ger chez eux \u00e0 l&rsquo;ann\u00e9e leur camping-car ? C&rsquo;est effectivement un souhait tr\u00e8s souvent partag\u00e9&#8230; D\u00e8s lors que l&rsquo;on a de la place chez soi, il devient tr\u00e8s tentant &hellip; <a href=\"https:\/\/www.franceabris.com\/BLOG\/camping-car-labri-en-kit-comme-solution-annuelle\/\" class=\"more-link\">Continuer la lecture de <span class=\"screen-reader-text\">Camping-car : l&rsquo;abri en kit comme solution annuelle<\/span><\/a><\/p>\n","protected":false},"author":2,"featured_media":10768,"comment_status":"closed","ping_status":"closed","sticky":false,"template":"","format":"standard","meta":[],"categories":[3],"tags":[],"_links":{"self":[{"href":"https:\/\/www.franceabris.com\/BLOG\/wp-json\/wp\/v2\/posts\/11434"}],"collection":[{"href":"https:\/\/www.franceabris.com\/BLOG\/wp-json\/wp\/v2\/posts"}],"about":[{"href":"https:\/\/www.franceabris.com\/BLOG\/wp-json\/wp\/v2\/types\/post"}],"author":[{"embeddable":true,"href":"https:\/\/www.franceabris.com\/BLOG\/wp-json\/wp\/v2\/users\/2"}],"replies":[{"embeddable":true,"href":"https:\/\/www.franceabris.com\/BLOG\/wp-json\/wp\/v2\/comments?post=11434"}],"version-history":[{"count":0,"href":"https:\/\/www.franceabris.com\/BLOG\/wp-json\/wp\/v2\/posts\/11434\/revisions"}],"wp:featuredmedia":[{"embeddable":true,"href":"https:\/\/www.franceabris.com\/BLOG\/wp-json\/wp\/v2\/media\/10768"}],"wp:attachment":[{"href":"https:\/\/www.franceabris.com\/BLOG\/wp-json\/wp\/v2\/media?parent=11434"}],"wp:term":[{"taxonomy":"category","embeddable":true,"href":"https:\/\/www.franceabris.com\/BLOG\/wp-json\/wp\/v2\/categories?post=11434"},{"taxonomy":"post_tag","embeddable":true,"href":"https:\/\/www.franceabris.com\/BLOG\/wp-json\/wp\/v2\/tags?post=11434"}],"curies":[{"name":"wp","href":"https:\/\/api.w.org\/{rel}","templated":true}]}}