{"id":11437,"date":"2020-09-08T06:06:43","date_gmt":"2020-09-08T05:06:43","guid":{"rendered":"https:\/\/www.franceabris.com\/BLOG\/?p=11437"},"modified":"2020-05-08T17:49:06","modified_gmt":"2020-05-08T16:49:06","slug":"le-mariage-de-lalu-et-de-la-toile-une-pergola-qui-donne-du-peps-a-la-terrasse","status":"publish","type":"post","link":"https:\/\/www.franceabris.com\/BLOG\/le-mariage-de-lalu-et-de-la-toile-une-pergola-qui-donne-du-peps-a-la-terrasse\/","title":{"rendered":"Le mariage de l&rsquo;alu et de la toile : une pergola qui donne du peps \u00e0 la terrasse !"},"content":{"rendered":"<p style=\"text-align: justify;\">Une terrasse, c&rsquo;est un lieu qui s&rsquo;habille, un lieu qui s&rsquo;\u00e9quipe, un lieu qui se bichonne. Il faut dire qu&rsquo;on y passe des moments agr\u00e9ables : repas en famille, ap\u00e9ros entre amis, lectures solitaires ensoleill\u00e9es&#8230; Et, pour pouvoir en profiter au mieux, il est des \u00e9quipements que l&rsquo;on vous recommande d&rsquo;installer. <strong>Parmi eux, la pergola alu et toile, un choix qui marie l&rsquo;esth\u00e9tique aux fonctionnalit\u00e9s pratiques.<\/strong><\/p>\n<p style=\"text-align: justify;\">C&rsquo;est ce qu&rsquo;a fait l&rsquo;un de nos clients qui souhaitait \u00e9quiper sa terrasse. L&rsquo;acc\u00e8s direct \u00e0 son salon et sa cuisine facilite l&rsquo;usage futur de sa pergola : avec une table \u00e0 manger et des chaises, il pourra organiser de chaleureux repas <strong>dans un environnement agr\u00e9able et tr\u00e8s ergonomique<\/strong>. Avec un avantage cons\u00e9quent : la possibilit\u00e9 de r\u00e9guler l&rsquo;ensoleillement sous l&rsquo;abri ! Tout le b\u00e9n\u00e9fice d&rsquo;une couverture toile&#8230;<\/p>\n<p>Explications.<\/p>\n<h2 style=\"text-align: justify;\">Le contexte : une terrasse&#8230; sans pergola toile !<\/h2>\n<p style=\"text-align: justify;\">Lorsqu&rsquo;on a un jardin et une parcelle d&rsquo;une certaine surface, il semble quasi-n\u00e9cessaire de s&rsquo;am\u00e9nager un espace terrasse. Pour certain, il s&rsquo;agit d&rsquo;un espace b\u00e9tonn\u00e9, pour d&rsquo;autres, de vastes dalles. Les lames composites sont \u00e9galement souvent pl\u00e9biscit\u00e9es&#8230; <strong>Mais l&rsquo;am\u00e9nagement de cet espace n\u00e9cessite aussi des \u00e9quipements. Parmi eux, la pergola.<\/strong> C&rsquo;est le constat qu&rsquo;a fait l&rsquo;un de nos clients. Il avait une maison de plain-pied, un pourtour en b\u00e9ton et un jardin sympa&#8230;<\/p>\n<h3 style=\"text-align: justify;\">Tonnelle ou pergola ?<\/h3>\n<p style=\"text-align: justify;\">Pour profiter au mieux de son ext\u00e9rieur, il lui fallait donc un kit adapt\u00e9.<strong> Un abri terrasse ? Une pergola ? Une tonnelle ?<\/strong> Au vu de l&rsquo;architecture de son habitation, il s&rsquo;est rapidement orient\u00e9 vers la pergola autoportante. Plac\u00e9e \u00e0 proximit\u00e9 d&rsquo;un acc\u00e8s tant au salon qu&rsquo;\u00e0 la cuisine, elle se substitue au traditionnel et bien peu esth\u00e9tique store d\u00e9roulant. Tout en offrant une ombre plus mobile et polyvalente : la table \u00e0 manger peut ais\u00e9ment c\u00e9der sa place \u00e0 une poign\u00e9e de bains de soleil !<\/p>\n<figure id=\"attachment_11440\" aria-describedby=\"caption-attachment-11440\" style=\"width: 583px\" class=\"wp-caption aligncenter\"><a href=\"https:\/\/www.franceabris.com\/196-tonnelle-pergola-pavillon\"><img decoding=\"async\" loading=\"lazy\" class=\"wp-image-11440 size-large\" style=\"border: 1px solid #000000;\" src=\"https:\/\/www.franceabris.com\/BLOG\/wp-content\/uploads\/2020\/05\/tonnelle-m\u00e9tallique-toile-583x437.jpeg\" alt=\"abri terrasse en toile\" width=\"583\" height=\"437\" srcset=\"https:\/\/www.franceabris.com\/BLOG\/wp-content\/uploads\/2020\/05\/tonnelle-m\u00e9tallique-toile-583x437.jpeg 583w, https:\/\/www.franceabris.com\/BLOG\/wp-content\/uploads\/2020\/05\/tonnelle-m\u00e9tallique-toile-320x240.jpeg 320w, https:\/\/www.franceabris.com\/BLOG\/wp-content\/uploads\/2020\/05\/tonnelle-m\u00e9tallique-toile-131x98.jpeg 131w, https:\/\/www.franceabris.com\/BLOG\/wp-content\/uploads\/2020\/05\/tonnelle-m\u00e9tallique-toile-768x576.jpeg 768w, https:\/\/www.franceabris.com\/BLOG\/wp-content\/uploads\/2020\/05\/tonnelle-m\u00e9tallique-toile.jpeg 1280w\" sizes=\"(max-width: 583px) 100vw, 583px\" \/><\/a><figcaption id=\"caption-attachment-11440\" class=\"wp-caption-text\">Cette pergola affiche une belle esth\u00e9tique, mariant m\u00e9tal et toile.<\/figcaption><\/figure>\n<h2 style=\"text-align: justify;\">Le kit : une pergola en aluminium, avec couverture de toile<\/h2>\n<p style=\"text-align: justify;\">Le mod\u00e8le choisi ? Un kit autoportant de <strong>pergola, dont la structure en aluminium supporte une couverture de toile polyester<\/strong> 140 g\/m\u00b2. L&#8217;emprise au sol ? 12 m\u00b2, largement suffisante pour disposer une table, des chaises, voire l&rsquo;\u00e9ventuel barbecue ou la plancha familiale. Un mod\u00e8le tr\u00e8s esth\u00e9tique, mais aussi \u00e9pur\u00e9, qui se marie parfaitement avec les architectures de plain-pied. L&rsquo;aluminium apporte une touche de modernit\u00e9, la toile, une impression estivale de\u00a0 souplesse et de l\u00e9g\u00e8ret\u00e9&#8230;<\/p>\n<h3 style=\"text-align: justify;\">Une pergola \u00e0 petit prix : pas de soucis !<\/h3>\n<p style=\"text-align: justify;\">R\u00e9sultat : non seulement son kit fait la diff\u00e9rence d&rsquo;un point de vue esth\u00e9tique, mais il s&rsquo;av\u00e8re, en plus, r\u00e9sistant et autonome. <strong>Les kits m\u00e9talliques en alu ne craignent ainsi pas la corrosion, ni le passage du temps.<\/strong> A moins de les cogner, ils supportent toutes les intemp\u00e9ries sans peine. La toile polyester est du m\u00eame acabit : moins solide, certes, mais parfaitement autonome et ne r\u00e9clamant quasiment aucun entretien. C&rsquo;est un peu l&rsquo;id\u00e9e de cette pergola : une structure z\u00e9ro souci \u00e0 petit prix !<\/p>\n<figure id=\"attachment_11439\" aria-describedby=\"caption-attachment-11439\" style=\"width: 583px\" class=\"wp-caption aligncenter\"><a href=\"https:\/\/www.franceabris.com\/196-tonnelle-pergola-pavillon\"><img decoding=\"async\" loading=\"lazy\" class=\"wp-image-11439 size-large\" style=\"border: 1px solid #000000;\" src=\"https:\/\/www.franceabris.com\/BLOG\/wp-content\/uploads\/2020\/05\/pergola-m\u00e9tal-et-toile-583x437.jpeg\" alt=\"toit terrasse toile\" width=\"583\" height=\"437\" srcset=\"https:\/\/www.franceabris.com\/BLOG\/wp-content\/uploads\/2020\/05\/pergola-m\u00e9tal-et-toile-583x437.jpeg 583w, https:\/\/www.franceabris.com\/BLOG\/wp-content\/uploads\/2020\/05\/pergola-m\u00e9tal-et-toile-320x240.jpeg 320w, https:\/\/www.franceabris.com\/BLOG\/wp-content\/uploads\/2020\/05\/pergola-m\u00e9tal-et-toile-131x98.jpeg 131w, https:\/\/www.franceabris.com\/BLOG\/wp-content\/uploads\/2020\/05\/pergola-m\u00e9tal-et-toile-768x576.jpeg 768w, https:\/\/www.franceabris.com\/BLOG\/wp-content\/uploads\/2020\/05\/pergola-m\u00e9tal-et-toile.jpeg 1280w\" sizes=\"(max-width: 583px) 100vw, 583px\" \/><\/a><figcaption id=\"caption-attachment-11439\" class=\"wp-caption-text\">La couverture peut se retirer enti\u00e8rement ou partiellement lorsqu&rsquo;on cherche avant tout le soleil&#8230; et les UV !<\/figcaption><\/figure>\n<h2 style=\"text-align: justify;\">Les atouts : un syst\u00e8me de couverture quasi bioclimatique<\/h2>\n<p style=\"text-align: justify;\"><strong>La toile, une couverture peu on\u00e9reuse, affiche de belles caract\u00e9ristiques et une sacr\u00e9e ergonomie.<\/strong> L\u00e9g\u00e8re, elle se d\u00e9ploie facilement et sans probl\u00e8me, un peu comme un rideau, afin d&rsquo;\u00e9tendre son ombre protectrice sur la zone ensoleill\u00e9e. Mais elle peut \u00e9galement se r\u00e9gler, s&rsquo;ajuster, se modifier : une mani\u00e8re de g\u00e9rer l&rsquo;exposition aux UV. Vous voulez du soleil ? Ouvrez votre pergola ! De l&rsquo;ombre ? Couvrez-la ! C&rsquo;est un peu le principe des pergolas bioclimatiques, dont ce kit se rapproche, m\u00eame si son r\u00e9glage n&rsquo;offre pas une pr\u00e9cision aussi pouss\u00e9e. Le tout \u00e0 un tarif particuli\u00e8rement favorable. Petit prix&#8230; Gagnant \u00e0 tous les coups !<\/p>\n<h3 style=\"text-align: justify;\">A<\/h3>\n<p style=\"text-align: justify;\">A<\/p>\n","protected":false},"excerpt":{"rendered":"<p>Une terrasse, c&rsquo;est un lieu qui s&rsquo;habille, un lieu qui s&rsquo;\u00e9quipe, un lieu qui se bichonne. Il faut dire qu&rsquo;on y passe des moments agr\u00e9ables : repas en famille, ap\u00e9ros entre amis, lectures solitaires ensoleill\u00e9es&#8230; Et, pour pouvoir en profiter au mieux, il est des \u00e9quipements que l&rsquo;on vous recommande d&rsquo;installer. Parmi eux, la pergola &hellip; <a href=\"https:\/\/www.franceabris.com\/BLOG\/le-mariage-de-lalu-et-de-la-toile-une-pergola-qui-donne-du-peps-a-la-terrasse\/\" class=\"more-link\">Continuer la lecture de <span class=\"screen-reader-text\">Le mariage de l&rsquo;alu et de la toile : une pergola qui donne du peps \u00e0 la terrasse !<\/span><\/a><\/p>\n","protected":false},"author":2,"featured_media":11438,"comment_status":"closed","ping_status":"closed","sticky":false,"template":"","format":"standard","meta":[],"categories":[3],"tags":[],"_links":{"self":[{"href":"https:\/\/www.franceabris.com\/BLOG\/wp-json\/wp\/v2\/posts\/11437"}],"collection":[{"href":"https:\/\/www.franceabris.com\/BLOG\/wp-json\/wp\/v2\/posts"}],"about":[{"href":"https:\/\/www.franceabris.com\/BLOG\/wp-json\/wp\/v2\/types\/post"}],"author":[{"embeddable":true,"href":"https:\/\/www.franceabris.com\/BLOG\/wp-json\/wp\/v2\/users\/2"}],"replies":[{"embeddable":true,"href":"https:\/\/www.franceabris.com\/BLOG\/wp-json\/wp\/v2\/comments?post=11437"}],"version-history":[{"count":0,"href":"https:\/\/www.franceabris.com\/BLOG\/wp-json\/wp\/v2\/posts\/11437\/revisions"}],"wp:featuredmedia":[{"embeddable":true,"href":"https:\/\/www.franceabris.com\/BLOG\/wp-json\/wp\/v2\/media\/11438"}],"wp:attachment":[{"href":"https:\/\/www.franceabris.com\/BLOG\/wp-json\/wp\/v2\/media?parent=11437"}],"wp:term":[{"taxonomy":"category","embeddable":true,"href":"https:\/\/www.franceabris.com\/BLOG\/wp-json\/wp\/v2\/categories?post=11437"},{"taxonomy":"post_tag","embeddable":true,"href":"https:\/\/www.franceabris.com\/BLOG\/wp-json\/wp\/v2\/tags?post=11437"}],"curies":[{"name":"wp","href":"https:\/\/api.w.org\/{rel}","templated":true}]}}