{"id":11470,"date":"2020-05-20T10:24:40","date_gmt":"2020-05-20T09:24:40","guid":{"rendered":"https:\/\/www.franceabris.com\/BLOG\/?p=11470"},"modified":"2020-05-20T10:24:40","modified_gmt":"2020-05-20T09:24:40","slug":"le-restaurant-a-lheure-du-confinement-et-labri-salon-de-jardin","status":"publish","type":"post","link":"https:\/\/www.franceabris.com\/BLOG\/le-restaurant-a-lheure-du-confinement-et-labri-salon-de-jardin\/","title":{"rendered":"Le restaurant \u00e0 l&rsquo;heure du confinement&#8230; et l&rsquo;abri salon de jardin ?"},"content":{"rendered":"<p style=\"text-align: justify;\">Trouver des solutions, innover, inventer&#8230; Cette pand\u00e9mie de COVID 19 oblige les entrepreneurs et les professionnels de tous les milieux \u00e0 imaginer de nouvelles solutions. Et certains font preuve de beaucoup de cr\u00e9ativit\u00e9 ! Du c\u00f4t\u00e9 des restaurateurs, par exemple, l&rsquo;on s&rsquo;est derni\u00e8rement pench\u00e9 sur la solution des abris en kit&#8230;<\/p>\n<p style=\"text-align: justify;\">&#8230; <strong>Et des serres de jardin !<\/strong> Cela se passe aux Pays-Bas, du c\u00f4t\u00e9 d&rsquo;Amsterdam, o\u00f9 la population n&rsquo;a pas vraiment \u00e9t\u00e9 confin\u00e9e. Les d\u00e9placements qui n&rsquo;\u00e9taient pas essentiels n&rsquo;y ont jamais \u00e9t\u00e9 interdits, les magasins n&rsquo;y ont pas \u00e9t\u00e9 ferm\u00e9s&#8230; Seuls les rassemblements ont v\u00e9ritablement \u00e9t\u00e9 r\u00e9gul\u00e9s et les \u00e9coles, restaurants et bars ferm\u00e9s.<\/p>\n<p style=\"text-align: justify;\">Dans la capitale hollandaise, un restaurateur a ainsi eu cette dr\u00f4le d&rsquo;id\u00e9e pour \u00e9viter la fermeture : l&rsquo;installation de serres de jardin. <strong>Quand les abris en kit viennent \u00e0 notre rescousse&#8230;<\/strong> On dit bravo !<\/p>\n<h2 style=\"text-align: justify;\">Un restaurant innove : les tables dans des serres de jardin en kit<\/h2>\n<p style=\"text-align: justify;\">Les mus\u00e9es, les \u00e9coles, les bars&#8230; et les restaurants. Aux Pays-Bas, ce sont ces diff\u00e9rentes institutions, ces organismes, lieux et professions qui ont vu leur activit\u00e9 \u00eatre r\u00e9gul\u00e9e en vue d&rsquo;endiguer la progression de l&rsquo;\u00e9pid\u00e9mie de COVID 19. Les Hollandais n&rsquo;ont pas v\u00e9cu de confinement, mais de simples mesures de restriction. Le mot d&rsquo;ordre ? Responsabilisation individuelle. Avec comme objectif, <strong>le respect par tout un chacun de la fameuse distanciation sociale<\/strong>. Ce qui oblige tout de m\u00eame certains \u00e0 faire preuve d&rsquo;une certaine cr\u00e9ativit\u00e9&#8230;<\/p>\n<p><iframe loading=\"lazy\" title=\"D\u00e9confinement\u00a0: des serres, des tentes et des parkings pour permettre aux caf\u00e9s et restaurants d...\" width=\"660\" height=\"371\" src=\"https:\/\/www.youtube.com\/embed\/sSom_GCrg_g?feature=oembed\" frameborder=\"0\" allow=\"accelerometer; autoplay; encrypted-media; gyroscope; picture-in-picture\" allowfullscreen><\/iframe><\/p>\n<h3 style=\"text-align: justify;\">Une serre de jardin : quand les abris en kit sauvent un restaurateur<\/h3>\n<p style=\"text-align: justify;\">Un restaurateur d&rsquo;Amsterdam a donc \u00e9rig\u00e9 <strong>des serres de jardin en bordure de canal.<\/strong> En installant ses tables en terrasse \u00e0 l&rsquo;int\u00e9rieur de ces kits, il a trouv\u00e9 le moyen de rester ouvert, tout en respectant les pr\u00e9conisations du gouvernement. Les serres sont de petite taille, accueillent chacune une table et jusqu&rsquo;\u00e0 trois convives. Le tout permet de respecter une distance de plus d&rsquo;1,5 m\u00e8tre entre chaque table, tout en limitant les risques entre les diff\u00e9rents clients. Des mesures qui doivent \u00e9videmment \u00eatre coupl\u00e9es \u00e0 d&rsquo;autres pr\u00e9cautions \u00e0 l&rsquo;accueil ou lors de la prise des commandes&#8230; Mais, oui, un abri pour le jardin peut offrir de nouvelles possibilit\u00e9s !<\/p>\n<blockquote class=\"twitter-tweet\" data-width=\"550\" data-dnt=\"true\">\n<p lang=\"fr\" dir=\"ltr\">Mediamatic Eten &#8211; Amsterdam <br \/>The restaurant named the enclosures &quot;serres s\u00e9par\u00e9es&quot;. Little greenhouses. How creative! <a href=\"https:\/\/twitter.com\/hashtag\/pandemiclife?src=hash&amp;ref_src=twsrc%5Etfw\">#pandemiclife<\/a> <a href=\"https:\/\/twitter.com\/hashtag\/SocialDistancing?src=hash&amp;ref_src=twsrc%5Etfw\">#SocialDistancing<\/a> <a href=\"https:\/\/t.co\/6KUj2N09FD\">https:\/\/t.co\/6KUj2N09FD<\/a> <a href=\"https:\/\/t.co\/mcXjEYs8Ro\">pic.twitter.com\/mcXjEYs8Ro<\/a><\/p>\n<p>&mdash; Pip \ud83d\uddf3 way left of center \ud83c\udf39\ud83e\udd87 (@Sanity4243) <a href=\"https:\/\/twitter.com\/Sanity4243\/status\/1259069413988450304?ref_src=twsrc%5Etfw\">May 9, 2020<\/a><\/p><\/blockquote>\n<p><script async src=\"https:\/\/platform.twitter.com\/widgets.js\" charset=\"utf-8\"><\/script><\/p>\n<h2 style=\"text-align: justify;\">Pour chez vous, am\u00e9nagement d&rsquo;un salon d&rsquo;ext\u00e9rieur dans un chalet ou un abri bois<\/h2>\n<p style=\"text-align: justify;\">Ce qui est valable pour un professionnel peut \u00e9videmment l&rsquo;\u00eatre pour un particulier. Si le <em>\u00ab\u00a0monde de demain\u00a0\u00bb<\/em>, r\u00e9guli\u00e8rement \u00e9voqu\u00e9 en ce moment dans les m\u00e9dias, ne sera peut-\u00eatre pas drastiquement diff\u00e9rent, certaines habitudes vont peut-\u00eatre \u00e9voluer \u00e0 mesure que les inqui\u00e9tudes se verront nourries ou lev\u00e9es. Par exemple, dans les mois qui viennent, <strong>peut-\u00eatre privil\u00e9giera-t-on syst\u00e9matiquement les r\u00e9ceptions en ext\u00e9rieur,<\/strong> afin de ne pas exposer l&rsquo;int\u00e9rieur de son habitation\u00a0 et de s&rsquo;\u00e9viter de fastidieuses contraintes d&rsquo;hygi\u00e8ne?<\/p>\n<h3 style=\"text-align: justify;\">Le salon de jardin s&rsquo;am\u00e9nage ais\u00e9ment dans un abri bois<\/h3>\n<p style=\"text-align: justify;\">Avec une id\u00e9e qui peut permettre de joindre l&rsquo;utile \u00e0 l&rsquo;agr\u00e9able : <strong>l&rsquo;am\u00e9nagement d&rsquo;un salon de jardin.<\/strong> Imaginez un petit abri bois, vitr\u00e9, ouvert sur l&rsquo;ext\u00e9rieur, dans lequel vous disposeriez une table basse, des chaises de jardin&#8230; Id\u00e9al pour des r\u00e9ceptions adapt\u00e9es \u00e0 l&rsquo;\u00e9pid\u00e9mie ! Un nombre limit\u00e9 de convives. Un abri semi-clos, permettant de passer de l&rsquo;int\u00e9rieur \u00e0 l&rsquo;ext\u00e9rieur en un rien de temps. Et un lieu, l&rsquo;abri de jardin bois, pleinement d\u00e9di\u00e9 aux r\u00e9ceptions qu&rsquo;il sera simple de nettoyer apr\u00e8s pour un maximum de pr\u00e9cautions.<\/p>\n<figure id=\"attachment_11415\" aria-describedby=\"caption-attachment-11415\" style=\"width: 397px\" class=\"wp-caption aligncenter\"><a href=\"https:\/\/www.franceabris.com\/299-abri-jardin-bois-gamme-premium\"><img decoding=\"async\" loading=\"lazy\" class=\"wp-image-11415 size-full\" style=\"border: 1px solid #000000;\" src=\"https:\/\/www.franceabris.com\/BLOG\/wp-content\/uploads\/2020\/04\/4378-abri-baie-vitr\u00e9e-1.jpg\" alt=\"abri de jardin bois premium\" width=\"397\" height=\"291\" srcset=\"https:\/\/www.franceabris.com\/BLOG\/wp-content\/uploads\/2020\/04\/4378-abri-baie-vitr\u00e9e-1.jpg 397w, https:\/\/www.franceabris.com\/BLOG\/wp-content\/uploads\/2020\/04\/4378-abri-baie-vitr\u00e9e-1-327x240.jpg 327w, https:\/\/www.franceabris.com\/BLOG\/wp-content\/uploads\/2020\/04\/4378-abri-baie-vitr\u00e9e-1-134x98.jpg 134w\" sizes=\"(max-width: 397px) 100vw, 397px\" \/><\/a><figcaption id=\"caption-attachment-11415\" class=\"wp-caption-text\">Un salon d&rsquo;ext\u00e9rieur disponible sous la r\u00e9f\u00e9rence ID4378 dans notre catalogue.<\/figcaption><\/figure>\n<h3 style=\"text-align: justify;\">Abri de jardin bois avec baies vitr\u00e9es<\/h3>\n<p style=\"text-align: justify;\">Notre catalogue propose un panorama tr\u00e8s exhaustif de kits qui sauront vous convaincre. Un exemple ? <strong>Un petit salon de jardin qui prend la forme d&rsquo;un abri en madriers de bois<\/strong> \u00e0 toit plat, nanti de tr\u00e8s vastes baies vitr\u00e9es courant sur la largeur et une partie de la longueur de cabanon. Et compos\u00e9 d&rsquo;une pi\u00e8ce, ou deux, de 7 \u00e0 16 m\u00b2, avec &#8211; ou non &#8211; un petit auvent cr\u00e9ant un espace de terrasse abrit\u00e9e. Quoi de mieux pour passer l&rsquo;\u00e9t\u00e9 \u00e0 profiter de sa famille et ses amis en petit comit\u00e9 dans un lieu sp\u00e9cialement am\u00e9nag\u00e9, au milieu du jardin ?!<\/p>\n","protected":false},"excerpt":{"rendered":"<p>Trouver des solutions, innover, inventer&#8230; Cette pand\u00e9mie de COVID 19 oblige les entrepreneurs et les professionnels de tous les milieux \u00e0 imaginer de nouvelles solutions. Et certains font preuve de beaucoup de cr\u00e9ativit\u00e9 ! Du c\u00f4t\u00e9 des restaurateurs, par exemple, l&rsquo;on s&rsquo;est derni\u00e8rement pench\u00e9 sur la solution des abris en kit&#8230; &#8230; Et des serres &hellip; <a href=\"https:\/\/www.franceabris.com\/BLOG\/le-restaurant-a-lheure-du-confinement-et-labri-salon-de-jardin\/\" class=\"more-link\">Continuer la lecture de <span class=\"screen-reader-text\">Le restaurant \u00e0 l&rsquo;heure du confinement&#8230; et l&rsquo;abri salon de jardin ?<\/span><\/a><\/p>\n","protected":false},"author":2,"featured_media":11471,"comment_status":"closed","ping_status":"closed","sticky":false,"template":"","format":"standard","meta":[],"categories":[2,3],"tags":[],"_links":{"self":[{"href":"https:\/\/www.franceabris.com\/BLOG\/wp-json\/wp\/v2\/posts\/11470"}],"collection":[{"href":"https:\/\/www.franceabris.com\/BLOG\/wp-json\/wp\/v2\/posts"}],"about":[{"href":"https:\/\/www.franceabris.com\/BLOG\/wp-json\/wp\/v2\/types\/post"}],"author":[{"embeddable":true,"href":"https:\/\/www.franceabris.com\/BLOG\/wp-json\/wp\/v2\/users\/2"}],"replies":[{"embeddable":true,"href":"https:\/\/www.franceabris.com\/BLOG\/wp-json\/wp\/v2\/comments?post=11470"}],"version-history":[{"count":0,"href":"https:\/\/www.franceabris.com\/BLOG\/wp-json\/wp\/v2\/posts\/11470\/revisions"}],"wp:featuredmedia":[{"embeddable":true,"href":"https:\/\/www.franceabris.com\/BLOG\/wp-json\/wp\/v2\/media\/11471"}],"wp:attachment":[{"href":"https:\/\/www.franceabris.com\/BLOG\/wp-json\/wp\/v2\/media?parent=11470"}],"wp:term":[{"taxonomy":"category","embeddable":true,"href":"https:\/\/www.franceabris.com\/BLOG\/wp-json\/wp\/v2\/categories?post=11470"},{"taxonomy":"post_tag","embeddable":true,"href":"https:\/\/www.franceabris.com\/BLOG\/wp-json\/wp\/v2\/tags?post=11470"}],"curies":[{"name":"wp","href":"https:\/\/api.w.org\/{rel}","templated":true}]}}