{"id":11602,"date":"2020-08-10T06:06:37","date_gmt":"2020-08-10T05:06:37","guid":{"rendered":"https:\/\/www.franceabris.com\/BLOG\/?p=11602"},"modified":"2020-06-29T08:38:49","modified_gmt":"2020-06-29T07:38:49","slug":"mobile-et-pas-cher-le-carport-metal-et-toile-casse-les-prix","status":"publish","type":"post","link":"https:\/\/www.franceabris.com\/BLOG\/mobile-et-pas-cher-le-carport-metal-et-toile-casse-les-prix\/","title":{"rendered":"Mobile et pas cher : le carport m\u00e9tal et toile casse les prix !"},"content":{"rendered":"<p style=\"text-align: justify;\"><span style=\"font-weight: 400;\">Vous manquez de place chez vous ? Vous avez pourtant besoin d\u2019am\u00e9nager un espace prot\u00e9g\u00e9, abrit\u00e9 ? Vous ne savez pas comment r\u00e9aliser votre projet ? Il existe toujours des solutions ! Un toit adapt\u00e9, un abri personnalis\u00e9, une structure mobile&#8230; C&rsquo;est ce qu&rsquo;a pu constater l&rsquo;un de nos clients, qui nous a contact\u00e9s pour un projet de carport. Son objectif : <strong>couvrir l&rsquo;approche b\u00e9tonn\u00e9e qui se situe sur le c\u00f4t\u00e9 de sa maison.<\/strong><\/span><\/p>\n<p style=\"text-align: justify;\">Il s&rsquo;agit de l&#8217;emplacement o\u00f9 il a pris l&rsquo;habitude de garer sa voiture. Un emplacement un peu contraint et restreint par la place puisqu&rsquo;il ne dispose que de 3,7 m\u00e8tres \u00e0 cet endroit. <strong>Il lui fallait donc trouver une solution de pr\u00e9cision, qui convienne \u00e0 son projet&#8230;<\/strong> et \u00e0 son v\u00e9hicule.<\/p>\n<p style=\"text-align: justify;\">Quel carport a-t-il choisi ? A-t-il privil\u00e9gi\u00e9 le bois, le m\u00e9tal ou la toile ? Quelles sont les particularit\u00e9s du mod\u00e8le qu&rsquo;il a choisi ? El\u00e9ments de r\u00e9ponse.<\/p>\n<h2 style=\"text-align: justify;\">Le kit : un carport m\u00e9tal et toile discount et mobile<\/h2>\n<p style=\"text-align: justify;\"><strong>Notre client avait plusieurs possibilit\u00e9s \u00e0 disposition.<\/strong> Un carport bois adoss\u00e9, par exemple, qui aurait pris appui sur la fa\u00e7ade de sa maison&#8230; Une solution \u00e9conome en place, mais permanente, donc pouvant poser des probl\u00e8mes vis-\u00e0-vis du voisinage situ\u00e9 \u00e0 moins de quatre m\u00e8tres. <span style=\"color: #ff9900;\"><a style=\"color: #ff9900;\" href=\"https:\/\/www.franceabris.com\/BLOG\/le-carport-monopied-pour-gagner-de-la-place-et-faciliter-le-stationnement-de-la-voiture\/\" target=\"_blank\" rel=\"noopener noreferrer\">Un toit monopied, encore moins encombrant, tr\u00e8s esth\u00e9tique<\/a><\/span>, mais au prix important&#8230;<\/p>\n<h3>Une emprise au sol suffisante pour un v\u00e9hicule&#8230; ou plus<\/h3>\n<p style=\"text-align: justify;\"><strong>Ou le carport m\u00e9tallique ci-dessous, mariant la toile \u00e0 l&rsquo;acier galvanis\u00e9.<\/strong> L&rsquo;armature tubulaire s&rsquo;int\u00e8gre \u00e0 des environnements tr\u00e8s diff\u00e9rents en occupant un minimum de place. Mais couvre tout de m\u00eame 23 m\u00b2 de surface, 3,7 de large sur plus de six de profondeur, largement suffisant pour stationner un v\u00e9hicule &#8211; et un deux roues en plus si n\u00e9cessaire &#8211; tout en facilitant la circulation autour.<\/p>\n<figure id=\"attachment_11606\" aria-describedby=\"caption-attachment-11606\" style=\"width: 320px\" class=\"wp-caption aligncenter\"><a href=\"https:\/\/www.franceabris.com\/22-abri-voiture\"><img decoding=\"async\" loading=\"lazy\" class=\"wp-image-11606 size-full\" style=\"border: 1px solid #000000;\" src=\"https:\/\/www.franceabris.com\/BLOG\/wp-content\/uploads\/2020\/06\/4227-abri-voiture-toile.jpeg\" alt=\"Abri voiture discount\" width=\"320\" height=\"240\" srcset=\"https:\/\/www.franceabris.com\/BLOG\/wp-content\/uploads\/2020\/06\/4227-abri-voiture-toile.jpeg 320w, https:\/\/www.franceabris.com\/BLOG\/wp-content\/uploads\/2020\/06\/4227-abri-voiture-toile-131x98.jpeg 131w\" sizes=\"(max-width: 320px) 100vw, 320px\" \/><\/a><figcaption id=\"caption-attachment-11606\" class=\"wp-caption-text\">L\u2019abri voiture choisi par notre client est disponible sous la r\u00e9f\u00e9rence ID4227 sur notre site.<\/figcaption><\/figure>\n<h3 style=\"text-align: justify;\">La r\u00e9sistance d&rsquo;un carport m\u00e9tallique<\/h3>\n<p style=\"text-align: justify;\">L&rsquo;ensemble se montre particuli\u00e8rement r\u00e9sistant. L&rsquo;acier galvanis\u00e9 ne craint pas la corrosion, renforc\u00e9 par sa couche galvanis\u00e9e \u00e0 chaud. La b\u00e2che tendue PVC n&rsquo;est \u00e9videmment pas la couverture la plus solide et durable, mais ne craint pas grand-chose et se change facilement. <strong>Un choix d&rsquo;abri voiture dont les qualit\u00e9s pratiques et les fonctionnalit\u00e9s s&rsquo;av\u00e8rent id\u00e9ales<\/strong> lorsqu&rsquo;on cherche simplicit\u00e9 d&rsquo;acc\u00e8s et fonctionnalit\u00e9s.<\/p>\n<h2 style=\"text-align: justify;\">Les atouts : un abri voiture pas cher, montage facile et d\u00e9montable<\/h2>\n<p style=\"text-align: justify;\">Mais la r\u00e9sistance n&rsquo;est pas le seul atout de cet abri voiture, ni sa principale qualit\u00e9. Ce qui l&rsquo;a rendu particuli\u00e8rement adapt\u00e9 \u00e0 la situation de notre client, ce sont plusieurs aspects&#8230; D&rsquo;abord, le prix : pour quelques centaines d&rsquo;euros, il permet de couvrir plus de 20 m\u00b2 de surface, dalle b\u00e9ton ou terrasse. Associ\u00e9 \u00e0 la belle dur\u00e9e de vie de l&rsquo;acier galvanis\u00e9, <strong>ce carport s&rsquo;amortit sans effort apr\u00e8s une poign\u00e9e d&rsquo;ann\u00e9es<\/strong>.<\/p>\n<h3 style=\"text-align: justify;\">Le montage facile est pratique&#8230; et permet un d\u00e9montage tout aussi ais\u00e9 !<\/h3>\n<p style=\"text-align: justify;\">En plus de son prix r\u00e9duit, c&rsquo;est un abri voiture qui se monte tr\u00e8s facilement.<span style=\"color: #ff9900;\"><a style=\"color: #ff9900;\" href=\"https:\/\/www.franceabris.com\/BLOG\/shelter-logic-des-carports-montage-simple-et-facile-sur-france-abris\/\" target=\"_blank\" rel=\"noopener noreferrer\"> La structure tubulaire facilite l&rsquo;installation, tout comme les vis auto-taraudeuses<\/a><\/span> : moins d&rsquo;une demi-journ\u00e9e suffit avant de pouvoir l&rsquo;utiliser et garer son v\u00e9hicule \u00e0 l&rsquo;abri. Mieux, cette installation facilit\u00e9e est aussi ce qui permet&#8230; son d\u00e9montage. Et oui, <strong>il est question ici d&rsquo;un carport mobile, qu&rsquo;on peut d\u00e9monter \u00e0 l&rsquo;envie<\/strong> et stocker dans son garage.<\/p>\n<figure id=\"attachment_11607\" aria-describedby=\"caption-attachment-11607\" style=\"width: 320px\" class=\"wp-caption aligncenter\"><a href=\"https:\/\/www.franceabris.com\/22-abri-voiture\"><img decoding=\"async\" loading=\"lazy\" class=\"wp-image-11607 size-full\" style=\"border: 1px solid #000000;\" src=\"https:\/\/www.franceabris.com\/BLOG\/wp-content\/uploads\/2020\/06\/4227-carport-m\u00e9tal-et-toile.jpeg\" alt=\"Carport pas cher m\u00e9tallique\" width=\"320\" height=\"240\" srcset=\"https:\/\/www.franceabris.com\/BLOG\/wp-content\/uploads\/2020\/06\/4227-carport-m\u00e9tal-et-toile.jpeg 320w, https:\/\/www.franceabris.com\/BLOG\/wp-content\/uploads\/2020\/06\/4227-carport-m\u00e9tal-et-toile-131x98.jpeg 131w\" sizes=\"(max-width: 320px) 100vw, 320px\" \/><\/a><figcaption id=\"caption-attachment-11607\" class=\"wp-caption-text\">Ce carport se monte tr\u00e8s facilement, et se d\u00e9monte ais\u00e9ment (r\u00e9f\u00e9rence ID4227 dans notre catalogue).<\/figcaption><\/figure>\n<h2 style=\"text-align: justify;\">Le contexte : un abri voiture m\u00e9tallique qui r\u00e9pond parfaitement aux probl\u00e9matiques de notre client<\/h2>\n<p style=\"text-align: justify;\">Rappelons-le, notre client, install\u00e9 du c\u00f4t\u00e9 de Perpignan, avait besoin d&rsquo;un toit aussi peu encombrant que possible, <strong>qui puisse se glisser dans un espace assez r\u00e9duit<\/strong>. Surtout, il devait tenir compte du voisinage, pr\u00e9sent \u00e0 proximit\u00e9. Le tout en tenant dans un budget assez serr\u00e9&#8230; Autant dire que ce carport m\u00e9tal et toile r\u00e9pondait parfaitement \u00e0 ces diff\u00e9rents points.<\/p>\n<h3 style=\"text-align: justify;\">Monter son carport, c&rsquo;est bien&#8230; pourvoir le d\u00e9monter, c&rsquo;est encore mieux !<\/h3>\n<p style=\"text-align: justify;\">Notre client a pu proc\u00e9der <strong>au montage sans aucun souci, en se faisant aider d&rsquo;une personne<\/strong>. Une installation facile et tr\u00e8s peu chronophage, qu&rsquo;il s&rsquo;est permis de faire sans autorisation particuli\u00e8re et sans avoir \u00e0 se pr\u00e9occuper des lourdeurs administratives habituelles. Pourquoi ? Parce qu&rsquo;elle est mobile. La dalle b\u00e9ton \u00e9tait d\u00e9j\u00e0 pr\u00e9sente au pr\u00e9alable ; il n&rsquo;y avait plus qu&rsquo;\u00e0 monter le toit sur ses platines d&rsquo;ancrage.<\/p>\n<figure id=\"attachment_11605\" aria-describedby=\"caption-attachment-11605\" style=\"width: 320px\" class=\"wp-caption aligncenter\"><a href=\"https:\/\/www.franceabris.com\/22-abri-voiture\"><img decoding=\"async\" loading=\"lazy\" class=\"wp-image-11605 size-full\" style=\"border: 1px solid #000000;\" src=\"https:\/\/www.franceabris.com\/BLOG\/wp-content\/uploads\/2020\/06\/4227-abri-carport-toile.jpeg\" alt=\"Un abri voiture d\u00e9montable\" width=\"320\" height=\"240\" srcset=\"https:\/\/www.franceabris.com\/BLOG\/wp-content\/uploads\/2020\/06\/4227-abri-carport-toile.jpeg 320w, https:\/\/www.franceabris.com\/BLOG\/wp-content\/uploads\/2020\/06\/4227-abri-carport-toile-131x98.jpeg 131w\" sizes=\"(max-width: 320px) 100vw, 320px\" \/><\/a><figcaption id=\"caption-attachment-11605\" class=\"wp-caption-text\">Un toit pour la voiture pratique par sa mobilit\u00e9 et son prix pas cher !<\/figcaption><\/figure>\n<p style=\"text-align: justify;\">S&rsquo;il est n\u00e9cessaire de retirer l&rsquo;abri pour une raison ou pour une autre, ce sera possible. Le d\u00e9montage ne pr\u00e9sentera aucune complication et le kit pourra \u00eatre stock\u00e9 dans un cabanon de rangement ou un garage. Pratique !<\/p>\n","protected":false},"excerpt":{"rendered":"<p>Vous manquez de place chez vous ? Vous avez pourtant besoin d\u2019am\u00e9nager un espace prot\u00e9g\u00e9, abrit\u00e9 ? Vous ne savez pas comment r\u00e9aliser votre projet ? Il existe toujours des solutions ! Un toit adapt\u00e9, un abri personnalis\u00e9, une structure mobile&#8230; C&rsquo;est ce qu&rsquo;a pu constater l&rsquo;un de nos clients, qui nous a contact\u00e9s pour &hellip; <a href=\"https:\/\/www.franceabris.com\/BLOG\/mobile-et-pas-cher-le-carport-metal-et-toile-casse-les-prix\/\" class=\"more-link\">Continuer la lecture de <span class=\"screen-reader-text\">Mobile et pas cher : le carport m\u00e9tal et toile casse les prix !<\/span><\/a><\/p>\n","protected":false},"author":2,"featured_media":11603,"comment_status":"closed","ping_status":"closed","sticky":false,"template":"","format":"standard","meta":[],"categories":[2,3],"tags":[],"_links":{"self":[{"href":"https:\/\/www.franceabris.com\/BLOG\/wp-json\/wp\/v2\/posts\/11602"}],"collection":[{"href":"https:\/\/www.franceabris.com\/BLOG\/wp-json\/wp\/v2\/posts"}],"about":[{"href":"https:\/\/www.franceabris.com\/BLOG\/wp-json\/wp\/v2\/types\/post"}],"author":[{"embeddable":true,"href":"https:\/\/www.franceabris.com\/BLOG\/wp-json\/wp\/v2\/users\/2"}],"replies":[{"embeddable":true,"href":"https:\/\/www.franceabris.com\/BLOG\/wp-json\/wp\/v2\/comments?post=11602"}],"version-history":[{"count":0,"href":"https:\/\/www.franceabris.com\/BLOG\/wp-json\/wp\/v2\/posts\/11602\/revisions"}],"wp:featuredmedia":[{"embeddable":true,"href":"https:\/\/www.franceabris.com\/BLOG\/wp-json\/wp\/v2\/media\/11603"}],"wp:attachment":[{"href":"https:\/\/www.franceabris.com\/BLOG\/wp-json\/wp\/v2\/media?parent=11602"}],"wp:term":[{"taxonomy":"category","embeddable":true,"href":"https:\/\/www.franceabris.com\/BLOG\/wp-json\/wp\/v2\/categories?post=11602"},{"taxonomy":"post_tag","embeddable":true,"href":"https:\/\/www.franceabris.com\/BLOG\/wp-json\/wp\/v2\/tags?post=11602"}],"curies":[{"name":"wp","href":"https:\/\/api.w.org\/{rel}","templated":true}]}}