{"id":11642,"date":"2020-09-05T06:06:07","date_gmt":"2020-09-05T05:06:07","guid":{"rendered":"https:\/\/www.franceabris.com\/BLOG\/?p=11642"},"modified":"2020-07-09T17:35:54","modified_gmt":"2020-07-09T16:35:54","slug":"pour-stocker-facilement-et-rapidement-pensez-au-cabanon-de-rangement-pvc","status":"publish","type":"post","link":"https:\/\/www.franceabris.com\/BLOG\/pour-stocker-facilement-et-rapidement-pensez-au-cabanon-de-rangement-pvc\/","title":{"rendered":"Pour stocker facilement et rapidement, pensez au cabanon de rangement PVC !"},"content":{"rendered":"<p style=\"text-align: justify;\">Vous reprendrez bien un peu de rangement ? Cabanons de 2 m\u00b2, de 5 m\u00b2, de 10, 15, 20 ou plus&#8230; Il y a en a pour tous les go\u00fbts, tant que l&rsquo;on peut y stocker, y ranger, y organiser ses possessions, son outillage, son mat\u00e9riel. Ce peut \u00eatre<strong> un abri jardin de petite taille, sans autorisation<\/strong>, qui se glisse contre un mur. Une armoire de rangement discr\u00e8te, qui organise son volume interne avec des \u00e9tag\u00e8res. Un coffre en r\u00e9sine de 2000 L avec ouverture frontale ou verticale&#8230;<\/p>\n<p style=\"text-align: justify;\">Il existe des dizaines de solutions. D&rsquo;autant plus lorsqu&rsquo;on cherche un tout petit volume de stockage, le genre de volume de compl\u00e9ment facilement accessible, ergonomique dans son utilisation quotidienne, permettant d&rsquo;organiser votre ext\u00e9rieur. C&rsquo;\u00e9tait le cas de l&rsquo;un de nos clients. <strong>Il cherchait un tout petit cabanon en r\u00e9sine<\/strong>, d&rsquo;une belle finition, mais proposant un volume minimaliste&#8230; Il a trouv\u00e9 son bonheur. Et pourra, s&rsquo;il le souhaite, compl\u00e9ter son installation dans le futur avec : une armoire PVC et un coffre de rangement.<\/p>\n<p>Explications.<\/p>\n<h2 style=\"text-align: justify;\">Pourquoi chercher un tout petit cabanon de rangement ?<\/h2>\n<p style=\"text-align: justify;\">Il y a bien des fa\u00e7ons de se cr\u00e9er des espaces de rangement. <strong>L&rsquo;une des plus simples est d&rsquo;investir son garage<\/strong>. Pas facile avec un garage simple, m\u00eame si vous pouvez appliquer les conseils que nous vous donnions <span style=\"color: #ff9900;\"><a style=\"color: #ff9900;\" href=\"https:\/\/www.franceabris.com\/BLOG\/garage-en-metal-ou-en-bois-oui-mais-comment-lamenager\/\" target=\"_blank\" rel=\"noopener noreferrer\">dans cet article concernant l&rsquo;am\u00e9nagement des abris garages<\/a><\/span>. Avec un garage double, la place exploitable devient beaucoup plus importante : ne vous reste qu&rsquo;\u00e0 r\u00e9organiser le stationnement de vos voitures, <span style=\"color: #ff9900;\"><a style=\"color: #ff9900;\" href=\"https:\/\/www.franceabris.com\/22-abri-voiture\" target=\"_blank\" rel=\"noopener noreferrer\">avec un carport<\/a><\/span> par exemple, et le tour est jou\u00e9.<\/p>\n<h3 style=\"text-align: justify;\">Un tout petit volume de rangement pour parer \u00e0 des besoins pr\u00e9cis<\/h3>\n<p style=\"text-align: justify;\">Mais il arrive que l&rsquo;on ne dispose pas de cette place. Ou que l&rsquo;on n&rsquo;ait pas la chance d&rsquo;avoir un garage en dur int\u00e9gr\u00e9 \u00e0 la maison ; ou que l&rsquo;on ne souhaite pas sacrifier le stationnement prot\u00e9g\u00e9 de ses v\u00e9hicules pour un peu de stockage. C&rsquo;\u00e9tait le cas de notre client, <strong>qui cherchait une toute petite solution de rangement<\/strong>. Un abri d&rsquo;appoint, de compl\u00e9ment, qui offre un acc\u00e8s rapide et direct \u00e0 ses outils de jardinage (r\u00e2teaux, pelles, binettes&#8230;). Et qui s&rsquo;int\u00e8gre bien \u00e0 son ext\u00e9rieur paysag\u00e9 et travaill\u00e9.<\/p>\n<figure id=\"attachment_11659\" aria-describedby=\"caption-attachment-11659\" style=\"width: 583px\" class=\"wp-caption aligncenter\"><a href=\"https:\/\/www.franceabris.com\/abri-jardin-pvc\/3688-id.html\"><img decoding=\"async\" loading=\"lazy\" class=\"wp-image-11659 size-large\" style=\"border: 1px solid #000000;\" src=\"https:\/\/www.franceabris.com\/BLOG\/wp-content\/uploads\/2020\/07\/3688-abri-simple-pente-pvc-583x437.jpg\" alt=\"Abri jardin rangement pvc\" width=\"583\" height=\"437\" srcset=\"https:\/\/www.franceabris.com\/BLOG\/wp-content\/uploads\/2020\/07\/3688-abri-simple-pente-pvc-583x437.jpg 583w, https:\/\/www.franceabris.com\/BLOG\/wp-content\/uploads\/2020\/07\/3688-abri-simple-pente-pvc-320x240.jpg 320w, https:\/\/www.franceabris.com\/BLOG\/wp-content\/uploads\/2020\/07\/3688-abri-simple-pente-pvc-131x98.jpg 131w, https:\/\/www.franceabris.com\/BLOG\/wp-content\/uploads\/2020\/07\/3688-abri-simple-pente-pvc-768x576.jpg 768w, https:\/\/www.franceabris.com\/BLOG\/wp-content\/uploads\/2020\/07\/3688-abri-simple-pente-pvc.jpg 1152w\" sizes=\"(max-width: 583px) 100vw, 583px\" \/><\/a><figcaption id=\"caption-attachment-11659\" class=\"wp-caption-text\">Le mod\u00e8le de cabanon de rangement choisi par notre client est disponible sous la r\u00e9f\u00e9rence ID3688 sur notre site.<\/figcaption><\/figure>\n<h3 style=\"text-align: justify;\">Des d\u00e9marches simplifi\u00e9es<\/h3>\n<p style=\"text-align: justify;\">Un cabanon qui soit con\u00e7u pour accueillir quelques outils pratiques&#8230; pas plus ! Et qui, gr\u00e2ce \u00e0 ses dimensions r\u00e9duites, s&rsquo;installe facilement \u00e0 tout niveau : au niveau administratif, avec des d\u00e9marches r\u00e9duites <em>a minima<\/em>, voire inexistantes ; au niveau pratique<strong> avec un montage simplifi\u00e9 et peu chronophage.<\/strong> Notre client a trouv\u00e9 son bonheur parmi les dizaines de mod\u00e8les de notre gamme<span style=\"color: #ff9900;\"><a style=\"color: #ff9900;\" href=\"https:\/\/www.franceabris.com\/12-abri-jardin-pvc\" target=\"_blank\" rel=\"noopener noreferrer\"> de cabanes r\u00e9sine PVC \u00e0 prix r\u00e9duit<\/a><\/span>. Et oui, car en plus de correspondre \u00e0 ses attentes, l&rsquo;abri jardin choisi est un abri pas cher !<\/p>\n<h2 style=\"text-align: justify;\">Cabanon de rangement PVC : mode d&#8217;emploi<\/h2>\n<p style=\"text-align: justify;\"><strong>Le principe du cabanon choisi par notre client ?<\/strong> Un toit simple pente, qui lui permet d&rsquo;\u00eatre adoss\u00e9 \u00e0 un mur ou une fa\u00e7ade. Une profondeur r\u00e9duite, 95 centim\u00e8tres pour 1,39 m\u00e8tre de large, ce qui offre une surface utile de 1,32 m\u00b2. L&rsquo;ensemble est con\u00e7u en lattes PVC de 22 mm, trait\u00e9es anti-rayons ultraviolets avec une couverture ABS imitation tuiles. Et un plancher en dalles composite pour s&rsquo;\u00e9viter des remont\u00e9es d&rsquo;humidit\u00e9 !<\/p>\n<figure id=\"attachment_11660\" aria-describedby=\"caption-attachment-11660\" style=\"width: 583px\" class=\"wp-caption aligncenter\"><a href=\"https:\/\/www.franceabris.com\/abri-jardin-pvc\/3688-id.html\"><img decoding=\"async\" loading=\"lazy\" class=\"wp-image-11660 size-large\" style=\"border: 1px solid #000000;\" src=\"https:\/\/www.franceabris.com\/BLOG\/wp-content\/uploads\/2020\/07\/3688-abri-simple-pente-r\u00e9sine-583x437.jpg\" alt=\"Cabane rangement r\u00e9sine\" width=\"583\" height=\"437\" srcset=\"https:\/\/www.franceabris.com\/BLOG\/wp-content\/uploads\/2020\/07\/3688-abri-simple-pente-r\u00e9sine-583x437.jpg 583w, https:\/\/www.franceabris.com\/BLOG\/wp-content\/uploads\/2020\/07\/3688-abri-simple-pente-r\u00e9sine-320x240.jpg 320w, https:\/\/www.franceabris.com\/BLOG\/wp-content\/uploads\/2020\/07\/3688-abri-simple-pente-r\u00e9sine-131x98.jpg 131w, https:\/\/www.franceabris.com\/BLOG\/wp-content\/uploads\/2020\/07\/3688-abri-simple-pente-r\u00e9sine-768x576.jpg 768w, https:\/\/www.franceabris.com\/BLOG\/wp-content\/uploads\/2020\/07\/3688-abri-simple-pente-r\u00e9sine.jpg 1152w\" sizes=\"(max-width: 583px) 100vw, 583px\" \/><\/a><figcaption id=\"caption-attachment-11660\" class=\"wp-caption-text\">La cabane PVC s\u2019int\u00e8gre parfaitement dans son environnement imm\u00e9diat. Notez la petite dalle b\u00e9ton bien pratique !<\/figcaption><\/figure>\n<h3 style=\"text-align: justify;\">L&rsquo;abri jardin adapt\u00e9 \u00e0 une situation pr\u00e9cise<\/h3>\n<p style=\"text-align: justify;\">Le choix id\u00e9al pour notre client ! La finition est esth\u00e9tique et l&rsquo;int\u00e9rieur s&rsquo;am\u00e9nage parfaitement avec des petites \u00e9tag\u00e8res murales permettant de disposer des produits, en plus des outils stock\u00e9s dans une malle ou une servante d&rsquo;atelier sur roulettes. Lui avait d\u00e9j\u00e0 pr\u00e9vu une dalle b\u00e9ton de petite taille pour accueillir cette cabane de rangement, ce qui ne peut qu&rsquo;en renforcer la r\u00e9sistance. Pour quelques centaines d&rsquo;euros, le voici bien \u00e9quip\u00e9 avec <strong>un cabanon qui ne craindra rien, s&rsquo;amortira rapidement<\/strong> et qui, sans entretien, se montrera tr\u00e8s autonome.<\/p>\n<h2 style=\"text-align: justify;\">Quand la cabane PVC se d\u00e9cline en coffre ou en armoire<\/h2>\n<p style=\"text-align: justify;\">Mais, bien entendu, notre client ne s&rsquo;interdit pas de compl\u00e9ter son installation. Il se trouve que la finition de cet abri jardin de petite taille se d\u00e9cline dans des formats diff\u00e9rents. <strong>En coffre<\/strong>, par exemple, avec un mod\u00e8le de pr\u00e8s de 2000 Litres en r\u00e9sine PVC, qui affichera une belle et certaine unit\u00e9 avec la cabane de rangement. <strong>En armoire<\/strong> \u00e9galement, un v\u00e9ritable rangement mural de 0,6 m\u00b2 au sol, avec \u00e9tag\u00e8res organisatrices, ouvertures lumineuses et loquet verrouillable. A disposer \u00e0 d&rsquo;autres emplacements strat\u00e9giques du jardin : le coffre pr\u00e8s de la piscine ? Et pourquoi pas ! L&rsquo;armoire \u00e0 deux pas d&rsquo;une pergola et d&rsquo;une table \u00e0 manger ? Id\u00e9al !<\/p>\n<figure id=\"attachment_11645\" aria-describedby=\"caption-attachment-11645\" style=\"width: 397px\" class=\"wp-caption aligncenter\"><a href=\"https:\/\/www.franceabris.com\/37-rangement-jardin\"><img decoding=\"async\" loading=\"lazy\" class=\"wp-image-11645 size-full\" style=\"border: 1px solid #000000;\" src=\"https:\/\/www.franceabris.com\/BLOG\/wp-content\/uploads\/2020\/07\/4204-coffre-\u00e0-v\u00e9lo.jpg\" alt=\"Coffre grand volume\" width=\"397\" height=\"291\" srcset=\"https:\/\/www.franceabris.com\/BLOG\/wp-content\/uploads\/2020\/07\/4204-coffre-\u00e0-v\u00e9lo.jpg 397w, https:\/\/www.franceabris.com\/BLOG\/wp-content\/uploads\/2020\/07\/4204-coffre-\u00e0-v\u00e9lo-327x240.jpg 327w, https:\/\/www.franceabris.com\/BLOG\/wp-content\/uploads\/2020\/07\/4204-coffre-\u00e0-v\u00e9lo-134x98.jpg 134w\" sizes=\"(max-width: 397px) 100vw, 397px\" \/><\/a><figcaption id=\"caption-attachment-11645\" class=\"wp-caption-text\">Ce coffre (ID4204 dans notre catalogue) est un parfait compl\u00e9ment \u00e0 notre petit abri d\u2019ext\u00e9rieur.<\/figcaption><\/figure>\n<p style=\"text-align: justify;\">A vous de jouer !<\/p>\n","protected":false},"excerpt":{"rendered":"<p>Vous reprendrez bien un peu de rangement ? Cabanons de 2 m\u00b2, de 5 m\u00b2, de 10, 15, 20 ou plus&#8230; Il y a en a pour tous les go\u00fbts, tant que l&rsquo;on peut y stocker, y ranger, y organiser ses possessions, son outillage, son mat\u00e9riel. Ce peut \u00eatre un abri jardin de petite taille, &hellip; <a href=\"https:\/\/www.franceabris.com\/BLOG\/pour-stocker-facilement-et-rapidement-pensez-au-cabanon-de-rangement-pvc\/\" class=\"more-link\">Continuer la lecture de <span class=\"screen-reader-text\">Pour stocker facilement et rapidement, pensez au cabanon de rangement PVC !<\/span><\/a><\/p>\n","protected":false},"author":2,"featured_media":11656,"comment_status":"closed","ping_status":"closed","sticky":false,"template":"","format":"standard","meta":[],"categories":[3],"tags":[],"_links":{"self":[{"href":"https:\/\/www.franceabris.com\/BLOG\/wp-json\/wp\/v2\/posts\/11642"}],"collection":[{"href":"https:\/\/www.franceabris.com\/BLOG\/wp-json\/wp\/v2\/posts"}],"about":[{"href":"https:\/\/www.franceabris.com\/BLOG\/wp-json\/wp\/v2\/types\/post"}],"author":[{"embeddable":true,"href":"https:\/\/www.franceabris.com\/BLOG\/wp-json\/wp\/v2\/users\/2"}],"replies":[{"embeddable":true,"href":"https:\/\/www.franceabris.com\/BLOG\/wp-json\/wp\/v2\/comments?post=11642"}],"version-history":[{"count":0,"href":"https:\/\/www.franceabris.com\/BLOG\/wp-json\/wp\/v2\/posts\/11642\/revisions"}],"wp:featuredmedia":[{"embeddable":true,"href":"https:\/\/www.franceabris.com\/BLOG\/wp-json\/wp\/v2\/media\/11656"}],"wp:attachment":[{"href":"https:\/\/www.franceabris.com\/BLOG\/wp-json\/wp\/v2\/media?parent=11642"}],"wp:term":[{"taxonomy":"category","embeddable":true,"href":"https:\/\/www.franceabris.com\/BLOG\/wp-json\/wp\/v2\/categories?post=11642"},{"taxonomy":"post_tag","embeddable":true,"href":"https:\/\/www.franceabris.com\/BLOG\/wp-json\/wp\/v2\/tags?post=11642"}],"curies":[{"name":"wp","href":"https:\/\/api.w.org\/{rel}","templated":true}]}}