{"id":11760,"date":"2020-10-14T06:06:08","date_gmt":"2020-10-14T05:06:08","guid":{"rendered":"https:\/\/www.franceabris.com\/BLOG\/?p=11760"},"modified":"2026-03-18T16:37:02","modified_gmt":"2026-03-18T15:37:02","slug":"question-reponse-labri-de-jardin-bois-une-bonne-idee-pour-chez-soi","status":"publish","type":"post","link":"https:\/\/www.franceabris.com\/BLOG\/question-reponse-labri-de-jardin-bois-une-bonne-idee-pour-chez-soi\/","title":{"rendered":"Question\/R\u00e9ponse : l\u2019abri de jardin bois, une bonne id\u00e9e pour chez soi ?"},"content":{"rendered":"<h2 style=\"text-align: justify;\">L&rsquo;abri de jardin bois. Mais pourquoi pas m\u00e9tal ou r\u00e9sine PVC ? La question peut se poser \u00e0 l&rsquo;heure de chercher un cabanon de rangement pour son ext\u00e9rieur. Oui, ces mod\u00e8les en madriers ou en panneaux sont des atouts pour chez vous !<\/h2>\n<p style=\"text-align: justify;\">Le bois, le m\u00e9tal, la r\u00e9sine PVC&#8230; voire m\u00eame des toits en toile tendue abritant une petite surface de stockage : il existe \u00e9norm\u00e9ment de solutions en kit \u00e0 l&rsquo;heure d&rsquo;accro\u00eetre ses rangements ext\u00e9rieurs. L&rsquo;abri de jardin bois en est une. Comme une autre ? Pas si s\u00fbr ! Et c&rsquo;est ce qui nous am\u00e8ne \u00e0 nous poser la question suivante :<\/p>\n<ul>\n<li style=\"text-align: justify;\"><strong>pourquoi un abri de jardin bois est-il une bonne id\u00e9e en compl\u00e9ment de sa maison ?<\/strong><\/li>\n<\/ul>\n<p style=\"text-align: justify;\">Ses mat\u00e9riaux, du bois de l&rsquo;armature \u00e0 celui de sa couverture ; sa structure, notamment lorsqu&rsquo;elle est con\u00e7ue en madriers ; sa grande fourchette de prix ; sa r\u00e9sistance et ses finitions de qualit\u00e9&#8230; Surtout, ses possibilit\u00e9s d&rsquo;am\u00e9nagement. Oui, les cabanons figurent parmi les meilleurs choix possibles pour chez soi.<\/p>\n<h3 style=\"text-align: justify;\">1\/ L&rsquo;abri de jardin bois est polyvalent et am\u00e9nageable<\/h3>\n<p style=\"text-align: justify;\">C&rsquo;est la premi\u00e8re raison et probablement la plus importante&#8230; <strong>Un abri de jardin con\u00e7u en madriers de bois ou en panneaux naturels<\/strong> est une construction <strong>polyvalente et am\u00e9nageable<\/strong>. La polyvalence est \u00e9vidente : pensez donc, une cabane en pin peut servir d&rsquo;appentis, d&rsquo;espace de stockage pour des outils de jardinage, d&rsquo;abri pour les deux roues de la famille, de b\u00fbcher, d&rsquo;espace consacr\u00e9 \u00e0 la piscine ou aux meubles d&rsquo;ext\u00e9rieur, de rangement pour les jeux familiaux de plein air&#8230; L&rsquo;int\u00e9r\u00eat de cette polyvalence ? Elle accro\u00eet d&rsquo;autant plus la dur\u00e9e de vie de votre installation. Vous pourrez toujours recycler cette derni\u00e8re lorsque vous en \u00e9prouverez le besoin ou que vos habitudes du quotidien auront \u00e9volu\u00e9.<\/p>\n<figure id=\"attachment_8771\" aria-describedby=\"caption-attachment-8771\" style=\"width: 607px\" class=\"wp-caption aligncenter\"><a href=\"https:\/\/www.franceabris.com\/107-abri-jardin-bois\"><img decoding=\"async\" loading=\"lazy\" class=\"wp-image-8771 size-large\" style=\"border: 1px solid #000000;\" src=\"https:\/\/www.franceabris.com\/BLOG\/wp-content\/uploads\/2016\/12\/Amenagement-abri-jardin-607x265.jpg\" alt=\"cabane en madriers de bois\" width=\"607\" height=\"265\" srcset=\"https:\/\/www.franceabris.com\/BLOG\/wp-content\/uploads\/2016\/12\/Amenagement-abri-jardin-607x265.jpg 607w, https:\/\/www.franceabris.com\/BLOG\/wp-content\/uploads\/2016\/12\/Amenagement-abri-jardin-173x76.jpg 173w, https:\/\/www.franceabris.com\/BLOG\/wp-content\/uploads\/2016\/12\/Amenagement-abri-jardin-405x177.jpg 405w, https:\/\/www.franceabris.com\/BLOG\/wp-content\/uploads\/2016\/12\/Amenagement-abri-jardin-768x335.jpg 768w, https:\/\/www.franceabris.com\/BLOG\/wp-content\/uploads\/2016\/12\/Amenagement-abri-jardin.jpg 870w\" sizes=\"(max-width: 607px) 100vw, 607px\" \/><\/a><figcaption id=\"caption-attachment-8771\" class=\"wp-caption-text\">Ah, le bois, difficile de faire plus esth\u00e9tique !<\/figcaption><\/figure>\n<h4 style=\"text-align: justify;\">Greffer des \u00e9tag\u00e8res et des armoires \u00e0 son cabanon en madriers<\/h4>\n<p style=\"text-align: justify;\">Par ailleurs, gr\u00e2ce au bois,<strong> l&rsquo;int\u00e9rieur sera toujours plus facilement am\u00e9nageable qu&rsquo;avec une construction m\u00e9tallique<\/strong>. C&rsquo;est encore plus le cas si la structure est en madriers : vous n&rsquo;aurez aucun mal \u00e0 monter des \u00e9tag\u00e8res int\u00e9rieures, \u00e0 greffer une armoire \u00e0 une paroi&#8230; Avec un coffre de rangement en compl\u00e9ment, votre abri de jardin bois fera un excellent espace de stockage. 5 m\u00b2, 10 m\u00b2 ou 20 m\u00b2 : ses atouts resteront toujours aussi pr\u00e9gnants !<\/p>\n<ul>\n<li style=\"text-align: justify;\">D\u00e9couvrez <span style=\"color: #ff9900;\"><a style=\"color: #ff9900;\" href=\"https:\/\/www.franceabris.com\/BLOG\/abri-de-jardin-bois-metal-ou-pvc-oui-mais-comment-lamenager\/\" target=\"_blank\" rel=\"noopener noreferrer\">des id\u00e9es pour am\u00e9nager votre cabane de rangement en pin ou en \u00e9pic\u00e9a !<\/a><\/span><\/li>\n<\/ul>\n<h3 style=\"text-align: justify;\">2\/ Prix pas cher pour la cabane de stockage bois ou haut-de-gamme avec un chalet !<\/h3>\n<p style=\"text-align: justify;\">La question du prix est tr\u00e8s souvent centrale dans la r\u00e9flexion des uns et des autres. L&rsquo;on cherche g\u00e9n\u00e9ralement la solution la plus qualitative&#8230; et la moins on\u00e9reuse. Sans dire que <strong>le cabanon en madriers est syst\u00e9matiquement un kit pas cher et peu co\u00fbteux<\/strong>&#8230; L&rsquo;on peut ais\u00e9ment affirmer que les mod\u00e8les se d\u00e9clinent dans des gammes suffisamment vari\u00e9es pour \u00eatre disponibles : pour quelques centaines d&rsquo;euros lorsqu&rsquo;il s&rsquo;agit d&rsquo;un petit abri ; \u00e0 des tarifs plus \u00e9lev\u00e9s pour les chalets en bois.<\/p>\n<figure id=\"attachment_11329\" aria-describedby=\"caption-attachment-11329\" style=\"width: 396px\" class=\"wp-caption aligncenter\"><a href=\"https:\/\/www.franceabris.com\/107-abri-jardin-bois\"><img decoding=\"async\" loading=\"lazy\" class=\"wp-image-11329 size-full\" style=\"border: 1px solid #000000;\" src=\"https:\/\/www.franceabris.com\/BLOG\/wp-content\/uploads\/2020\/03\/id-4.jpg\" alt=\"Abri de jardin en bois prix pas cher\" width=\"396\" height=\"290\" srcset=\"https:\/\/www.franceabris.com\/BLOG\/wp-content\/uploads\/2020\/03\/id-4.jpg 396w, https:\/\/www.franceabris.com\/BLOG\/wp-content\/uploads\/2020\/03\/id-4-328x240.jpg 328w, https:\/\/www.franceabris.com\/BLOG\/wp-content\/uploads\/2020\/03\/id-4-134x98.jpg 134w\" sizes=\"(max-width: 396px) 100vw, 396px\" \/><\/a><figcaption id=\"caption-attachment-11329\" class=\"wp-caption-text\">Un abri de jardin bois avec porte \u00e0 deux battants.<\/figcaption><\/figure>\n<h4 style=\"text-align: justify;\">Discount ou pas cher, le cabanon de moins de 5 m\u00b2 !<\/h4>\n<p style=\"text-align: justify;\">Oui, <strong>lorsqu&rsquo;on cherche une petite surface de stockage \u00e0 monter dans son jardin<\/strong>, il est possible de trouver son bonheur \u00e0 partir de 300 ou 400 euros. <span style=\"color: #ff9900;\"><a style=\"color: #ff9900;\" href=\"https:\/\/www.franceabris.com\/149-cabanon-de-jardin-bois-moins-de-5m2\" target=\"_blank\" rel=\"noopener noreferrer\">Des cabanes de moins de 5 m\u00b2<\/a><\/span>, qui pourront s&rsquo;\u00e9riger sans aucune autorisation de votre Mairie&#8230; Pratique ! Vous l&rsquo;achetez, vous la r\u00e9ceptionnez, vous la montez&#8230; et vous l&rsquo;utilisez ! Mais le bois permet aussi la construction de kits beaucoup plus complexes et avanc\u00e9s. <span style=\"color: #ff9900;\"><a style=\"color: #ff9900;\" href=\"https:\/\/www.franceabris.com\/107-abri-jardin-bois\" target=\"_blank\" rel=\"noopener noreferrer\">De v\u00e9ritables chalets, con\u00e7us avec des madriers de 60 mm d&rsquo;\u00e9paisseur<\/a><\/span>, par exemple, avec des pi\u00e8ces diff\u00e9rentes permettant d&rsquo;organiser son int\u00e9rieur, en plus de l&rsquo;am\u00e9nager.<\/p>\n<h3 style=\"text-align: justify;\">3\/ L&rsquo;esth\u00e9tique, un atout du cabanon de stockage en bois<\/h3>\n<p style=\"text-align: justify;\">C&rsquo;est un lieu commun qui a tendance \u00e0 se v\u00e9rifier&#8230; <strong>Le cabanon en bois constitue tout de m\u00eame un bel investissement esth\u00e9tique.<\/strong> Le bois, mat\u00e9riau vivant par excellence, qui s&rsquo;entretient, certes, mais le rend si bien lorsqu&rsquo;on lui pr\u00eate un peu d&rsquo;attention&#8230; D&rsquo;autant qu&rsquo;il se peint, se lasure et se transforme ! A l&rsquo;inverse d&rsquo;une cabane m\u00e9tallique qui affichera la teinte de son acier galvanis\u00e9 ou son thermo-laquage pr\u00e9d\u00e9fini, l&rsquo;abri de jardin en bois peut se colorer \u00e0 l&rsquo;envie, afin de coller au mieux \u00e0 son environnement. D&rsquo;une fa\u00e7on g\u00e9n\u00e9rale, un kit de ce genre se marie avec bien des architectures &#8211; et c&rsquo;est tout son avantage. Pas de modernisme trop affirm\u00e9, un physique \u00e9l\u00e9gant qui passe en toutes situations&#8230; En somme, que du plaisir !<\/p>\n<figure id=\"attachment_11651\" aria-describedby=\"caption-attachment-11651\" style=\"width: 395px\" class=\"wp-caption aligncenter\"><img decoding=\"async\" loading=\"lazy\" class=\"wp-image-11651 size-full\" style=\"border: 1px solid #000000;\" src=\"https:\/\/www.franceabris.com\/BLOG\/wp-content\/uploads\/2020\/07\/4573-meuble-piscine-1.jpg\" alt=\"abri piscine bois peint\" width=\"395\" height=\"284\" srcset=\"https:\/\/www.franceabris.com\/BLOG\/wp-content\/uploads\/2020\/07\/4573-meuble-piscine-1.jpg 395w, https:\/\/www.franceabris.com\/BLOG\/wp-content\/uploads\/2020\/07\/4573-meuble-piscine-1-334x240.jpg 334w, https:\/\/www.franceabris.com\/BLOG\/wp-content\/uploads\/2020\/07\/4573-meuble-piscine-1-136x98.jpg 136w\" sizes=\"(max-width: 395px) 100vw, 395px\" \/><figcaption id=\"caption-attachment-11651\" class=\"wp-caption-text\">Ce meuble de piscine en bois a \u00e9t\u00e9 tr\u00e8s ais\u00e9ment lasur\u00e9 en bleu ! Un bel effet marin !<\/figcaption><\/figure>\n","protected":false},"excerpt":{"rendered":"<p>L&rsquo;abri de jardin bois. Mais pourquoi pas m\u00e9tal ou r\u00e9sine PVC ? La question peut se poser \u00e0 l&rsquo;heure de chercher un cabanon de rangement pour son ext\u00e9rieur. Oui, ces mod\u00e8les en madriers ou en panneaux sont des atouts pour chez vous ! Le bois, le m\u00e9tal, la r\u00e9sine PVC&#8230; voire m\u00eame des toits en &hellip; <a href=\"https:\/\/www.franceabris.com\/BLOG\/question-reponse-labri-de-jardin-bois-une-bonne-idee-pour-chez-soi\/\" class=\"more-link\">Continuer la lecture de <span class=\"screen-reader-text\">Question\/R\u00e9ponse : l\u2019abri de jardin bois, une bonne id\u00e9e pour chez soi ?<\/span><\/a><\/p>\n","protected":false},"author":2,"featured_media":10866,"comment_status":"closed","ping_status":"closed","sticky":false,"template":"","format":"standard","meta":[],"categories":[2,3],"tags":[],"_links":{"self":[{"href":"https:\/\/www.franceabris.com\/BLOG\/wp-json\/wp\/v2\/posts\/11760"}],"collection":[{"href":"https:\/\/www.franceabris.com\/BLOG\/wp-json\/wp\/v2\/posts"}],"about":[{"href":"https:\/\/www.franceabris.com\/BLOG\/wp-json\/wp\/v2\/types\/post"}],"author":[{"embeddable":true,"href":"https:\/\/www.franceabris.com\/BLOG\/wp-json\/wp\/v2\/users\/2"}],"replies":[{"embeddable":true,"href":"https:\/\/www.franceabris.com\/BLOG\/wp-json\/wp\/v2\/comments?post=11760"}],"version-history":[{"count":0,"href":"https:\/\/www.franceabris.com\/BLOG\/wp-json\/wp\/v2\/posts\/11760\/revisions"}],"wp:featuredmedia":[{"embeddable":true,"href":"https:\/\/www.franceabris.com\/BLOG\/wp-json\/wp\/v2\/media\/10866"}],"wp:attachment":[{"href":"https:\/\/www.franceabris.com\/BLOG\/wp-json\/wp\/v2\/media?parent=11760"}],"wp:term":[{"taxonomy":"category","embeddable":true,"href":"https:\/\/www.franceabris.com\/BLOG\/wp-json\/wp\/v2\/categories?post=11760"},{"taxonomy":"post_tag","embeddable":true,"href":"https:\/\/www.franceabris.com\/BLOG\/wp-json\/wp\/v2\/tags?post=11760"}],"curies":[{"name":"wp","href":"https:\/\/api.w.org\/{rel}","templated":true}]}}