{"id":11778,"date":"2020-10-17T06:06:04","date_gmt":"2020-10-17T05:06:04","guid":{"rendered":"https:\/\/www.franceabris.com\/BLOG\/?p=11778"},"modified":"2020-08-20T14:38:23","modified_gmt":"2020-08-20T13:38:23","slug":"il-etait-une-fois-la-gloriette-de-jardin-en-bois","status":"publish","type":"post","link":"https:\/\/www.franceabris.com\/BLOG\/il-etait-une-fois-la-gloriette-de-jardin-en-bois\/","title":{"rendered":"Il \u00e9tait une fois\u2026 la gloriette de jardin en bois"},"content":{"rendered":"<h2 style=\"text-align: justify;\">Certains mots r\u00e9sonnent joliment \u00e0 nos oreilles&#8230; Gloriette de jardin en fait partie. Cet abri souvent m\u00e9tallique, en fer forg\u00e9, peut se d\u00e9cliner en bois. Focus sur ce d\u00e9riv\u00e9 du kiosque.<\/h2>\n<p style=\"text-align: justify;\">Le lexique des abris est vaste. Et ses mots nous font souvent voyager dans le temps&#8230; <strong>La gloriette de jardin n&rsquo;\u00e9chappe pas \u00e0 la r\u00e8gle.<\/strong> Ce d\u00e9riv\u00e9 du kiosque a longtemps affich\u00e9 sa silhouette s\u00e9duisante en fer forg\u00e9 dans les paysages urbains ou arbor\u00e9s de notre litt\u00e9rature. Aujourd&rsquo;hui, c&rsquo;est en bois que nous vous la proposons, m\u00eame si certains de nos mod\u00e8les restent m\u00e9talliques. Gloriette, jardin&#8230; Une association s\u00e9culaire.<\/p>\n<h3 style=\"text-align: justify;\">Gloriette de jardin : ses origines dans le fer forg\u00e9 plut\u00f4t que le bois !<\/h3>\n<p style=\"text-align: justify;\">La gloriette jardin rime avec ch\u00e2telain. En effet, ce petit abri d&rsquo;ext\u00e9rieur installe ses jolies formes en bois ou fer forg\u00e9 dans les parcs des ch\u00e2teaux depuis la Renaissance. Le terme, r\u00e9sonnant du mot <em>\u00ab\u00a0gloire\u00a0\u00bb<\/em> comme on peut ais\u00e9ment le remarquer, \u00e9tait auparavant usit\u00e9 pour d\u00e9signer une petite chambre. Mais, \u00e0 l&rsquo;\u00e8re de Fran\u00e7ois Ier, on a fait de ces kiosques un peu particuliers des lieux de d\u00e9tente et de r\u00e9flexion : <strong>la gloriette est devenue un pavillon propre \u00e0 \u00e9veiller la conscience po\u00e9tique de chacun<\/strong>&#8230; et le plaisir du repos au milieu de la nature.<\/p>\n<figure id=\"attachment_11727\" aria-describedby=\"caption-attachment-11727\" style=\"width: 252px\" class=\"wp-caption aligncenter\"><a href=\"https:\/\/www.franceabris.com\/196-tonnelle-pergola-pavillon\"><img decoding=\"async\" loading=\"lazy\" class=\"wp-image-11727 size-full\" style=\"border: 1px solid #000000;\" src=\"https:\/\/www.franceabris.com\/BLOG\/wp-content\/uploads\/2020\/07\/3110-gloriette-hexagonale.jpg\" alt=\"La gloriette bois, un pavillon pour le jardin\" width=\"252\" height=\"291\" srcset=\"https:\/\/www.franceabris.com\/BLOG\/wp-content\/uploads\/2020\/07\/3110-gloriette-hexagonale.jpg 252w, https:\/\/www.franceabris.com\/BLOG\/wp-content\/uploads\/2020\/07\/3110-gloriette-hexagonale-208x240.jpg 208w, https:\/\/www.franceabris.com\/BLOG\/wp-content\/uploads\/2020\/07\/3110-gloriette-hexagonale-85x98.jpg 85w\" sizes=\"(max-width: 252px) 100vw, 252px\" \/><\/a><figcaption id=\"caption-attachment-11727\" class=\"wp-caption-text\">Une gloriette bois, install\u00e9e dans un joli jardin. R\u00e9f\u00e9rence ID3110 sur notre site.<\/figcaption><\/figure>\n<h4 style=\"text-align: justify;\">Gloriette jardin&#8230; un pavillon au plus pr\u00e8s de la nature !<\/h4>\n<p style=\"text-align: justify;\">Mieux, \u00e0 compter du XVIII\u00e8me si\u00e8cle, <strong>la gloriette, alors plus souvent en pierre que m\u00e9tallique ou bois<\/strong>, devient <span style=\"color: #ff9900;\"><a style=\"color: #ff9900;\" href=\"https:\/\/fr.wikipedia.org\/wiki\/Gloriette#\/media\/Fichier:Gloriette_Sch%C3%B6nbrunn,_2013-10-16-04-23-25.jpg\" target=\"_blank\" rel=\"noopener noreferrer\">l&rsquo;\u00e9quivalent des temples antiques o\u00f9 l&rsquo;on c\u00e9l\u00e9brait les Muses, Apollon ou Venus<\/a><\/span>. Les avatars modernes de l&rsquo;Antiquit\u00e9 o\u00f9 la noblesse et la bourgeoisie se plaisent \u00e0 \u00e9voquer leurs \u00e9lans \u00e9l\u00e9giaques qu&rsquo;un Lamartine magnifiera ensuite sur les berges du lac du Bourget. En somme, la gloriette jardin est alors un abri qui se d\u00e9cline en pavillon, o\u00f9 l&rsquo;on appr\u00e9cie de recevoir, discuter, partager, se montrer.<\/p>\n<h3 style=\"text-align: justify;\">Aujourd&rsquo;hui, la gloriette est un petit pavillon ou kiosque d&rsquo;appoint<\/h3>\n<p style=\"text-align: justify;\">Si l&rsquo;on a un peu oubli\u00e9 les origines de la gloriette, l&rsquo;on retrouve aujourd&rsquo;hui des usages finalement tr\u00e8s similaires. <strong>En kit, ce petit abri prend la forme d&rsquo;un pavillon ou d&rsquo;un kiosque de jardin,<\/strong> qu&rsquo;on installe au milieu des arbres ou de la pelouse, dans son ext\u00e9rieur paysag\u00e9. Si le fer forg\u00e9 a longtemps \u00e9t\u00e9 privil\u00e9gi\u00e9, le bois est de plus en plus en appr\u00e9ci\u00e9, notamment par sa capacit\u00e9 \u00e0 \u00eatre v\u00e9g\u00e9talis\u00e9. Et oui, on l&rsquo;a dit, cette tonnelle est historiquement un lien entre la maison et la nature !<\/p>\n<figure id=\"attachment_11726\" aria-describedby=\"caption-attachment-11726\" style=\"width: 327px\" class=\"wp-caption aligncenter\"><a href=\"https:\/\/www.franceabris.com\/196-tonnelle-pergola-pavillon\"><img decoding=\"async\" loading=\"lazy\" class=\"wp-image-11726 size-full\" style=\"border: 1px solid #000000;\" src=\"https:\/\/www.franceabris.com\/BLOG\/wp-content\/uploads\/2020\/07\/3107-gloriette-de-jardin-en-bois.jpg\" alt=\"kiosque ou gloriette bois pour le jardin\" width=\"327\" height=\"290\" srcset=\"https:\/\/www.franceabris.com\/BLOG\/wp-content\/uploads\/2020\/07\/3107-gloriette-de-jardin-en-bois.jpg 327w, https:\/\/www.franceabris.com\/BLOG\/wp-content\/uploads\/2020\/07\/3107-gloriette-de-jardin-en-bois-271x240.jpg 271w, https:\/\/www.franceabris.com\/BLOG\/wp-content\/uploads\/2020\/07\/3107-gloriette-de-jardin-en-bois-111x98.jpg 111w\" sizes=\"(max-width: 327px) 100vw, 327px\" \/><\/a><figcaption id=\"caption-attachment-11726\" class=\"wp-caption-text\">Ce kiosque en bois est disponible sous la r\u00e9f\u00e9rence ID3107 dans notre catalogue en ligne. Une tr\u00e8s jolie gloriette jardin !<\/figcaption><\/figure>\n<h4 style=\"text-align: justify;\">Que faire dans ce pavillon bois ou kiosque en fer forg\u00e9 ?<\/h4>\n<p style=\"text-align: justify;\">Profiter. Se d\u00e9tendre. Un peu comme avant, o\u00f9 l&rsquo;on se plaisait \u00e0 s&rsquo;asseoir sur les bancs du pavillon en contemplant la nature alentour&#8230; Bon, nous sommes de moins en moins nombreux \u00e0 vivre dans un ch\u00e2teau, il faut bien l&rsquo;avouer. <strong>Alors, ce kiosque servira, \u00e0 sa fa\u00e7on, \u00e0 prendre du plaisir<\/strong> : vous y recevrez des amis ou la famille, y prendrez l&rsquo;ap\u00e9ro et en ferez votre salon d&rsquo;\u00e9t\u00e9. Car rien ne vaut le printemps et l&rsquo;\u00e9t\u00e9 pour profiter de sa gloriette, m\u00eame si l&rsquo;automne et ses feuilles color\u00e9es d\u00e9clinantes peuvent avoir tout leur charme.<\/p>\n<h3 style=\"text-align: justify;\">M\u00e9tallique ou bois, ce pavillon a aujourd&rsquo;hui abandonn\u00e9 le fer forg\u00e9<\/h3>\n<p style=\"text-align: justify;\"><strong>Gloriette bois ou gloriette m\u00e9tallique ?<\/strong> A l&rsquo;origine, on l&rsquo;a dit, ces \u00e9difices \u00e9taient plut\u00f4t con\u00e7us en pierre, prenant la forme de petits temples ou sanctuaires d\u00e9di\u00e9s \u00e0 la nature et la d\u00e9tente. Mais si, dans l&rsquo;esprit collectif, <span style=\"color: #ff9900;\"><a style=\"color: #ff9900;\" href=\"https:\/\/www.pinterest.fr\/ellejofournier\/gloriettes-de-jardin\/\" target=\"_blank\" rel=\"noopener noreferrer\">gloriette est souvent associ\u00e9 \u00e0 fer forg\u00e9<\/a><\/span>, c&rsquo;est qu&rsquo;elle est \u00e0 un moment donn\u00e9 devenue une grande cage \u00e0 oiseau. Les kits en fer forg\u00e9 sont donc surtout des abris d\u00e9coratifs qui tiennent plus de la tr\u00e8s fine tonnelle sans couverture, au milieu des plantes, que du pavillon o\u00f9 s&rsquo;abriter et d\u00e9jeuner.<\/p>\n<figure id=\"attachment_11728\" aria-describedby=\"caption-attachment-11728\" style=\"width: 397px\" class=\"wp-caption aligncenter\"><a href=\"https:\/\/www.franceabris.com\/196-tonnelle-pergola-pavillon\"><img decoding=\"async\" loading=\"lazy\" class=\"wp-image-11728 size-full\" style=\"border: 1px solid #000000;\" src=\"https:\/\/www.franceabris.com\/BLOG\/wp-content\/uploads\/2020\/07\/3637-glortte-m\u00e9tallique-en-alu.jpg\" alt=\"pavillon m\u00e9tallique de jardin\" width=\"397\" height=\"291\" srcset=\"https:\/\/www.franceabris.com\/BLOG\/wp-content\/uploads\/2020\/07\/3637-glortte-m\u00e9tallique-en-alu.jpg 397w, https:\/\/www.franceabris.com\/BLOG\/wp-content\/uploads\/2020\/07\/3637-glortte-m\u00e9tallique-en-alu-327x240.jpg 327w, https:\/\/www.franceabris.com\/BLOG\/wp-content\/uploads\/2020\/07\/3637-glortte-m\u00e9tallique-en-alu-134x98.jpg 134w\" sizes=\"(max-width: 397px) 100vw, 397px\" \/><\/a><figcaption id=\"caption-attachment-11728\" class=\"wp-caption-text\">Cette gloriette m\u00e9tallique prend la forme d&rsquo;un pavillon ou d&rsquo;une tonnelle ferm\u00e9e en aluminium. Elle est disponible sous la r\u00e9f\u00e9rence ID3637 sur notre site.<\/figcaption><\/figure>\n<h4 style=\"text-align: justify;\">Gloriette m\u00e9tallique, c&rsquo;est possible ; pavillon bois, c&rsquo;est pratique !<\/h4>\n<p style=\"text-align: justify;\">Sur FRANCE ABRIS, <strong>on appr\u00e9cie ces kiosques de jardin en bois<\/strong> : ceux-ci se travaillent et s&rsquo;am\u00e9nagent tr\u00e8s facilement, tout en s&rsquo;int\u00e9grant sans aucun probl\u00e8me dans des environnements ext\u00e9rieurs tr\u00e8s diff\u00e9rents. La structure peut donc \u00eatre en pin trait\u00e9 autoclave pour plus de r\u00e9sistance, avec une couverture en panneaux naturels ou bitum\u00e9s. Mais certains de nos kits sont \u00e9galement m\u00e9talliques&#8230; Cependant, plut\u00f4t que d&rsquo;afficher un look en fer forg\u00e9, ils privil\u00e9gient souvent l&rsquo;aluminium, plus r\u00e9sistant et adapt\u00e9 \u00e0 un usage abri ou pavillon.<\/p>\n<p style=\"text-align: justify;\">Comme quoi, la gloriette m\u00e9tallique comme sa r\u00e9plique en bois savent se montrer modernes et se r\u00e9inventer !<\/p>\n","protected":false},"excerpt":{"rendered":"<p>Certains mots r\u00e9sonnent joliment \u00e0 nos oreilles&#8230; Gloriette de jardin en fait partie. Cet abri souvent m\u00e9tallique, en fer forg\u00e9, peut se d\u00e9cliner en bois. Focus sur ce d\u00e9riv\u00e9 du kiosque. Le lexique des abris est vaste. Et ses mots nous font souvent voyager dans le temps&#8230; La gloriette de jardin n&rsquo;\u00e9chappe pas \u00e0 la &hellip; <a href=\"https:\/\/www.franceabris.com\/BLOG\/il-etait-une-fois-la-gloriette-de-jardin-en-bois\/\" class=\"more-link\">Continuer la lecture de <span class=\"screen-reader-text\">Il \u00e9tait une fois\u2026 la gloriette de jardin en bois<\/span><\/a><\/p>\n","protected":false},"author":2,"featured_media":11773,"comment_status":"closed","ping_status":"closed","sticky":false,"template":"","format":"standard","meta":[],"categories":[3],"tags":[],"_links":{"self":[{"href":"https:\/\/www.franceabris.com\/BLOG\/wp-json\/wp\/v2\/posts\/11778"}],"collection":[{"href":"https:\/\/www.franceabris.com\/BLOG\/wp-json\/wp\/v2\/posts"}],"about":[{"href":"https:\/\/www.franceabris.com\/BLOG\/wp-json\/wp\/v2\/types\/post"}],"author":[{"embeddable":true,"href":"https:\/\/www.franceabris.com\/BLOG\/wp-json\/wp\/v2\/users\/2"}],"replies":[{"embeddable":true,"href":"https:\/\/www.franceabris.com\/BLOG\/wp-json\/wp\/v2\/comments?post=11778"}],"version-history":[{"count":0,"href":"https:\/\/www.franceabris.com\/BLOG\/wp-json\/wp\/v2\/posts\/11778\/revisions"}],"wp:featuredmedia":[{"embeddable":true,"href":"https:\/\/www.franceabris.com\/BLOG\/wp-json\/wp\/v2\/media\/11773"}],"wp:attachment":[{"href":"https:\/\/www.franceabris.com\/BLOG\/wp-json\/wp\/v2\/media?parent=11778"}],"wp:term":[{"taxonomy":"category","embeddable":true,"href":"https:\/\/www.franceabris.com\/BLOG\/wp-json\/wp\/v2\/categories?post=11778"},{"taxonomy":"post_tag","embeddable":true,"href":"https:\/\/www.franceabris.com\/BLOG\/wp-json\/wp\/v2\/tags?post=11778"}],"curies":[{"name":"wp","href":"https:\/\/api.w.org\/{rel}","templated":true}]}}