{"id":11789,"date":"2020-10-23T06:06:28","date_gmt":"2020-10-23T05:06:28","guid":{"rendered":"https:\/\/www.franceabris.com\/BLOG\/?p=11789"},"modified":"2026-03-18T17:04:43","modified_gmt":"2026-03-18T16:04:43","slug":"tout-savoir-des-menuiseries-pour-un-abri-de-jardin-bois","status":"publish","type":"post","link":"https:\/\/www.franceabris.com\/BLOG\/tout-savoir-des-menuiseries-pour-un-abri-de-jardin-bois\/","title":{"rendered":"Tout savoir des menuiseries pour un abri de jardin bois !"},"content":{"rendered":"<h2 style=\"text-align: justify;\">Pour un abri de jardin bois, les menuiseries sont \u00e9videmment une question importante. Fen\u00eatres, plancher, portes&#8230; Autant d&rsquo;\u00e9l\u00e9ments \u00e0 choisir avec attention. Explications.<\/h2>\n<p style=\"text-align: justify;\">Les dimensions d&rsquo;un abri de jardin bois sont essentielles, c&rsquo;est l&rsquo;\u00e9vidence. Le choix des mat\u00e9riaux \u00e9galement, tout comme celui de la couverture. Mais, lorsque votre cabanon est un kit en panneaux de pin naturel ou un chalet en \u00e9pais madriers d&rsquo;\u00e9pic\u00e9a,<strong> il faut \u00e9galement faire attention aux menuiseries<\/strong>. La ou les portes, les diff\u00e9rentes fen\u00eatres, la pr\u00e9sence ou non d&rsquo;un plancher, ainsi que sa finition&#8230; Le chambranle, les pi\u00e8ces d&rsquo;appui, les lambourdes : si ce n&rsquo;est pas \u00e0 vous de d\u00e9finir exactement ce que vous souhaitez en la mati\u00e8re, il vaut mieux \u00eatre capable de faire ses choix en fonction de l&rsquo;utilit\u00e9 que l&rsquo;on a pr\u00e9vu pour la cabane.<\/p>\n<ul>\n<li style=\"text-align: justify;\">D\u00e9couvrez <span style=\"color: #ff9900;\"><a style=\"color: #ff9900;\" href=\"https:\/\/www.franceabris.com\/107-abri-jardin-bois\" target=\"_blank\" rel=\"noopener noreferrer\">de nombreux mod\u00e8les de cabanons en panneaux ou madriers de bois !<\/a><\/span><\/li>\n<\/ul>\n<h3 style=\"text-align: justify;\">Menuiseries : le choix de la porte, d\u00e9cisif pour votre abri de jardin bois<\/h3>\n<p style=\"text-align: justify;\"><strong>La porte impacte votre abri de jardin de plusieurs fa\u00e7ons.<\/strong> En bois, elle a une incidence pratique, mais aussi esth\u00e9tique sur le rendu global de votre installation. L&rsquo;on peut distinguer plusieurs choix diff\u00e9rents en la mati\u00e8re&#8230;<\/p>\n<p style=\"text-align: justify;\"><strong>1\/ La porte simple :<\/strong> une porte, un battant, avec une serrure ou un verrou permettant ou non la s\u00e9curisation de l&rsquo;int\u00e9rieur. Si le contenu de votre abri ne craint rien, vous pouvez vous contenter de la formule la plus sommaire. S&rsquo;il y a des produits d&rsquo;entretien, des outils de jardinage, qu&rsquo;il vaut mieux \u00e9viter que les enfants y acc\u00e8dent facilement&#8230; ou que vous souhaitez en assurer le contenu, il vous faudra une porte verrouillable.<\/p>\n<p style=\"text-align: justify;\"><strong>2\/ La porte fen\u00eatre :<\/strong> une porte enti\u00e8rement vitr\u00e9e ou avec une ouverture en verre ou plexyglas. La finalit\u00e9 ? Offrir un peu de luminosit\u00e9 naturelle \u00e0 l&rsquo;int\u00e9rieur du cabanon en bois. Pour peu que vous soyez amen\u00e9 \u00e0 bricoler \u00e0 l&rsquo;int\u00e9rieur porte ferm\u00e9e, c&rsquo;est une source de lumi\u00e8re que vous appr\u00e9cierez !<\/p>\n<figure id=\"attachment_11329\" aria-describedby=\"caption-attachment-11329\" style=\"width: 396px\" class=\"wp-caption aligncenter\"><a href=\"https:\/\/www.franceabris.com\/107-abri-jardin-bois\"><img decoding=\"async\" loading=\"lazy\" class=\"wp-image-11329 size-full\" style=\"border: 1px solid #000000;\" src=\"https:\/\/www.franceabris.com\/BLOG\/wp-content\/uploads\/2020\/03\/id-4.jpg\" alt=\"Un cabanon en bois avec porte double battants et ouvertures\" width=\"396\" height=\"290\" srcset=\"https:\/\/www.franceabris.com\/BLOG\/wp-content\/uploads\/2020\/03\/id-4.jpg 396w, https:\/\/www.franceabris.com\/BLOG\/wp-content\/uploads\/2020\/03\/id-4-328x240.jpg 328w, https:\/\/www.franceabris.com\/BLOG\/wp-content\/uploads\/2020\/03\/id-4-134x98.jpg 134w\" sizes=\"(max-width: 396px) 100vw, 396px\" \/><\/a><figcaption id=\"caption-attachment-11329\" class=\"wp-caption-text\">Ici, un cabanon en madriers de bois avec porte : 1\/ \u00e0 deux battants ; 2\/ munis de fen\u00eatres ; 3\/ et verrouillables. Pratique !<\/figcaption><\/figure>\n<p style=\"text-align: justify;\"><strong>3\/ La porte \u00e0 deux battants :<\/strong> un classique des abris de jardin un peu vastes et permettant le stockage d&rsquo;encombrants. C&rsquo;est l&rsquo;objectif principal de ces portes : offrir une importante largeur de passage. Tondeuse autoport\u00e9e, quad, v\u00e9los, motos ou gros cartons et encombrants, tout doit pouvoir passer !<\/p>\n<p style=\"text-align: justify;\"><strong>4\/ La porte coulissante :<\/strong> plus rare sur les abris de jardin bois, elle permet de gagner de la place. Un cabanon mont\u00e9 \u00e0 un emplacement un peu \u00e9triqu\u00e9, avec des probl\u00e9matiques de place \u00e0 respecter appr\u00e9ciera ce genre d&rsquo;acc\u00e8s. Ce dernier \u00e9vite l&rsquo;encombrement habituel des battants !<\/p>\n<h3 style=\"text-align: justify;\">Un cabanon de jardin en bois borgne ou avec fen\u00eatres ?<\/h3>\n<p style=\"text-align: justify;\">Stockage ou bricolage ? Appoint ou habitat ? <strong>En fonction de l&rsquo;utilisation pr\u00e9vue pour votre cabane en madriers ou en panneaux<\/strong>, il vous faudra ou non privil\u00e9gier les mod\u00e8les avec fen\u00eatres. Pour du stockage simple, un cabanon borgne peut tout \u00e0 fait convenir. Pas vraiment besoin de lumi\u00e8re, en-dehors de celle provenant de l&rsquo;ext\u00e9rieur une fois la porte ouverte. Avec, \u00e9ventuellement, une torche suspendue au cas o\u00f9 ! Voire, si vous voulez une l\u00e9g\u00e8re luminosit\u00e9 \u00e0 l&rsquo;int\u00e9rieur, une couverture avec <em>skylight<\/em> int\u00e9gr\u00e9, un puit de lumi\u00e8re bien pratique.<\/p>\n<h4 style=\"text-align: justify;\">Un chalet de jardin en bois avec de vastes baies vitr\u00e9es<\/h4>\n<p style=\"text-align: justify;\">En revanche, si vous avez pr\u00e9vu d&rsquo;y faire du bricolage ou, mieux, de transformer cet espace en chambre d&rsquo;appoint, ces ouvertures s&rsquo;av\u00e8rent essentielles. Des fen\u00eatres vitr\u00e9es (avec simple ou double vitrage) ou en plexyglas ; closes ou pouvant s&rsquo;ouvrir en grand, voire oscillo-battantes&#8230; <strong>L&rsquo;un de nos chalets d&rsquo;ext\u00e9rieur est m\u00eame nanti de baies vitr\u00e9es<\/strong> sur une grande partie de son p\u00e9rim\u00e8tre ! L&rsquo;int\u00e9r\u00eat est esth\u00e9tique, \u00e9videmment, avec un abri de jardin bois qui devient pi\u00e8ce de vie et d\u00e9passe le traditionnel petit cabanon. Et pratique, puisqu&rsquo;une bonne luminosit\u00e9 peut \u00e9viter d&rsquo;avoir \u00e0 tirer l&rsquo;\u00e9lectricit\u00e9 \u00e0 l&rsquo;int\u00e9rieur. A vous de voir !<\/p>\n<figure id=\"attachment_11415\" aria-describedby=\"caption-attachment-11415\" style=\"width: 397px\" class=\"wp-caption aligncenter\"><a href=\"https:\/\/www.franceabris.com\/107-abri-jardin-bois\"><img decoding=\"async\" loading=\"lazy\" class=\"wp-image-11415 size-full\" style=\"border: 1px solid #000000;\" src=\"https:\/\/www.franceabris.com\/BLOG\/wp-content\/uploads\/2020\/04\/4378-abri-baie-vitr\u00e9e-1.jpg\" alt=\"menuiserie chalet de jardin en bois\" width=\"397\" height=\"291\" srcset=\"https:\/\/www.franceabris.com\/BLOG\/wp-content\/uploads\/2020\/04\/4378-abri-baie-vitr\u00e9e-1.jpg 397w, https:\/\/www.franceabris.com\/BLOG\/wp-content\/uploads\/2020\/04\/4378-abri-baie-vitr\u00e9e-1-327x240.jpg 327w, https:\/\/www.franceabris.com\/BLOG\/wp-content\/uploads\/2020\/04\/4378-abri-baie-vitr\u00e9e-1-134x98.jpg 134w\" sizes=\"(max-width: 397px) 100vw, 397px\" \/><\/a><figcaption id=\"caption-attachment-11415\" class=\"wp-caption-text\">Ce chalet en madriers avec baies vitr\u00e9es (r\u00e9f\u00e9rence ID4378 dans notre catalogue) est id\u00e9al pour am\u00e9nager une pi\u00e8ce de vie.<\/figcaption><\/figure>\n<h3 style=\"text-align: justify;\">Le plancher, inclus ou \u00e0 ajouter pour votre cabane en bois<\/h3>\n<p style=\"text-align: justify;\">Dans la majeure partie des kits de cabanes de stockage, le plancher n&rsquo;est pas inclus. La raison est simple et \u00e9vidente : il s&rsquo;agit g\u00e9n\u00e9ralement de la dalle b\u00e9ton qui fait office de plancher. Celle-ci permet d&rsquo;\u00e9viter l&rsquo;humidit\u00e9, la boue, la pluie qui risqueraient de gagner votre int\u00e9rieur en son absence. Et elle s&rsquo;av\u00e8re largement suffisante pour une activit\u00e9 de stockage ou de bricolage ! Voire recommand\u00e9e, m\u00eame, puisqu&rsquo;il s&rsquo;agit d&rsquo;activit\u00e9s potentiellement agressives pour un plancher de bois. En revanche, lorsque<strong> l&rsquo;abri jardin bois est vou\u00e9 \u00e0 devenir une chambre d&rsquo;appoint, une pi\u00e8ce de vie compl\u00e9mentaire, ce plancher n&rsquo;est pas un vain ajout<\/strong>. Il renforce l&rsquo;isolation et la r\u00e9gulation de la temp\u00e9rature \u00e0 l&rsquo;int\u00e9rieur, un point essentiel pour une utilisation par tous les temps. Il apporte \u00e9galement confort et durabilit\u00e9. Vous trouverez donc souvent des planchers de 18 ou 19 mm d&rsquo;\u00e9paisseur sur ces mod\u00e8les-l\u00e0 !<\/p>\n<figure id=\"attachment_11738\" aria-describedby=\"caption-attachment-11738\" style=\"width: 397px\" class=\"wp-caption aligncenter\"><a href=\"https:\/\/www.franceabris.com\/107-abri-jardin-bois\"><img decoding=\"async\" loading=\"lazy\" class=\"wp-image-11738 size-full\" style=\"border: 1px solid #000000;\" src=\"https:\/\/www.franceabris.com\/BLOG\/wp-content\/uploads\/2020\/08\/2405-abri-de-jardin-bois-plancher.jpg\" alt=\"cabanon bois avec plancher inclus\" width=\"397\" height=\"291\" srcset=\"https:\/\/www.franceabris.com\/BLOG\/wp-content\/uploads\/2020\/08\/2405-abri-de-jardin-bois-plancher.jpg 397w, https:\/\/www.franceabris.com\/BLOG\/wp-content\/uploads\/2020\/08\/2405-abri-de-jardin-bois-plancher-327x240.jpg 327w, https:\/\/www.franceabris.com\/BLOG\/wp-content\/uploads\/2020\/08\/2405-abri-de-jardin-bois-plancher-134x98.jpg 134w\" sizes=\"(max-width: 397px) 100vw, 397px\" \/><\/a><figcaption id=\"caption-attachment-11738\" class=\"wp-caption-text\">Disponible sous la r\u00e9f\u00e9rence ID2405, cette cabane de bois est munie d&rsquo;un plancher de 19 mm d\u00e9j\u00e0 trait\u00e9. Un abri divis\u00e9 en deux pi\u00e8ces distinctes pour deux usages simultan\u00e9s !<\/figcaption><\/figure>\n","protected":false},"excerpt":{"rendered":"<p>Pour un abri de jardin bois, les menuiseries sont \u00e9videmment une question importante. Fen\u00eatres, plancher, portes&#8230; Autant d&rsquo;\u00e9l\u00e9ments \u00e0 choisir avec attention. Explications. Les dimensions d&rsquo;un abri de jardin bois sont essentielles, c&rsquo;est l&rsquo;\u00e9vidence. Le choix des mat\u00e9riaux \u00e9galement, tout comme celui de la couverture. Mais, lorsque votre cabanon est un kit en panneaux de &hellip; <a href=\"https:\/\/www.franceabris.com\/BLOG\/tout-savoir-des-menuiseries-pour-un-abri-de-jardin-bois\/\" class=\"more-link\">Continuer la lecture de <span class=\"screen-reader-text\">Tout savoir des menuiseries pour un abri de jardin bois !<\/span><\/a><\/p>\n","protected":false},"author":2,"featured_media":11790,"comment_status":"closed","ping_status":"closed","sticky":false,"template":"","format":"standard","meta":[],"categories":[3],"tags":[],"_links":{"self":[{"href":"https:\/\/www.franceabris.com\/BLOG\/wp-json\/wp\/v2\/posts\/11789"}],"collection":[{"href":"https:\/\/www.franceabris.com\/BLOG\/wp-json\/wp\/v2\/posts"}],"about":[{"href":"https:\/\/www.franceabris.com\/BLOG\/wp-json\/wp\/v2\/types\/post"}],"author":[{"embeddable":true,"href":"https:\/\/www.franceabris.com\/BLOG\/wp-json\/wp\/v2\/users\/2"}],"replies":[{"embeddable":true,"href":"https:\/\/www.franceabris.com\/BLOG\/wp-json\/wp\/v2\/comments?post=11789"}],"version-history":[{"count":0,"href":"https:\/\/www.franceabris.com\/BLOG\/wp-json\/wp\/v2\/posts\/11789\/revisions"}],"wp:featuredmedia":[{"embeddable":true,"href":"https:\/\/www.franceabris.com\/BLOG\/wp-json\/wp\/v2\/media\/11790"}],"wp:attachment":[{"href":"https:\/\/www.franceabris.com\/BLOG\/wp-json\/wp\/v2\/media?parent=11789"}],"wp:term":[{"taxonomy":"category","embeddable":true,"href":"https:\/\/www.franceabris.com\/BLOG\/wp-json\/wp\/v2\/categories?post=11789"},{"taxonomy":"post_tag","embeddable":true,"href":"https:\/\/www.franceabris.com\/BLOG\/wp-json\/wp\/v2\/tags?post=11789"}],"curies":[{"name":"wp","href":"https:\/\/api.w.org\/{rel}","templated":true}]}}