{"id":11972,"date":"2020-12-16T06:06:02","date_gmt":"2020-12-16T05:06:02","guid":{"rendered":"https:\/\/www.franceabris.com\/BLOG\/?p=11972"},"modified":"2026-03-18T16:32:02","modified_gmt":"2026-03-18T15:32:02","slug":"jardins-familiaux-toujours-plus-de-communes-sequipent-dabri-bois-pour-leurs-potagers","status":"publish","type":"post","link":"https:\/\/www.franceabris.com\/BLOG\/jardins-familiaux-toujours-plus-de-communes-sequipent-dabri-bois-pour-leurs-potagers\/","title":{"rendered":"Jardins familiaux : toujours plus de communes s\u2019\u00e9quipent d\u2019abri bois pour leurs potagers"},"content":{"rendered":"<p style=\"text-align: justify;\">A FRANCE ABRIS, <strong>on aime bien mettre un coup de projecteur sur toutes les initiatives qui valorisent les abris de jardin.<\/strong> Car ces derniers ne sont pas que de petits cabanons fonctionnels : ils participent \u00e0 l&rsquo;am\u00e9nagement du territoire, am\u00e8nent du confort, valorisent certaines pratiques et offrent une durabilit\u00e9 suppl\u00e9mentaire \u00e0 ce qu&rsquo;ils prot\u00e8gent et pr\u00e9servent des intemp\u00e9ries. Tout \u00e7a ! D&rsquo;ailleurs, l&rsquo;abri se retrouve un peu partout, chez le particulier comme chez le professionnel, jusque dans les collectivit\u00e9s.<\/p>\n<p style=\"text-align: justify;\">Dans ces collectivit\u00e9s, <strong>les cabanons de rangement accompagnent le d\u00e9veloppement toujours plus important des jardins<\/strong> : jardins municipaux, jardins partag\u00e9s, jardins ouvriers&#8230; La culture du potager \u00e9tant d\u00e9sormais beaucoup plus qu&rsquo;un simple ph\u00e9nom\u00e8ne de mode ou qu&rsquo;une pratique rurale, les communes \u00e9quipent leurs diff\u00e9rents espaces verts. C&rsquo;\u00e9tait par exemple le cas, ces derniers mois, du c\u00f4t\u00e9 de Pontivy, dans le Morbihan, o\u00f9 les jardins familiaux de la commune, r\u00e9unis en association, ont vu leurs parcelles s&rsquo;\u00e9quiper de cabanes de rangement&#8230; ou r\u00e9nover les existantes. Un bel exemple qui illustre parfaitement l&rsquo;utilit\u00e9 de l&rsquo;abri de jardin en bois d\u00e9di\u00e9 au potager !<\/p>\n<h2 style=\"text-align: justify;\">Jardins familiaux et ouvriers : l&rsquo;abri de jardin bois pour faciliter le potager. Un choix des collectivit\u00e9s et des associations, comme du c\u00f4t\u00e9 de Pontivy, dans le Morbihan.<\/h2>\n<p style=\"text-align: justify; padding-left: 80px;\"><span style=\"color: #ff9900;\"><a style=\"color: #ff9900;\" href=\"https:\/\/www.franceabris.com\/BLOG\/dans-nos-regions-un-abri-municipal-pour-un-jardin-partage\/\" target=\"_blank\" rel=\"noopener noreferrer\">Chalet de jardin du c\u00f4t\u00e9 de Noc\u00e9<\/a><\/span>, dans l&rsquo;Orne ; <span style=\"color: #ff9900;\"><a style=\"color: #ff9900;\" href=\"https:\/\/www.franceabris.com\/BLOG\/dans-nos-regions-des-abris-pour-des-jardins-familiaux-dans-les-deux-sevres\/\" target=\"_blank\" rel=\"noopener noreferrer\">abris de rangement pour les jardins familiaux de Parthenay<\/a><\/span> dans les Deux-S\u00e8vres ; <span style=\"color: #ff9900;\"><a style=\"color: #ff9900;\" href=\"https:\/\/www.franceabris.com\/BLOG\/le-choix-dune-mairie-investir-dans-des-cabanes-de-rangement-pour-ses-jardins-ouvriers\/\" target=\"_blank\" rel=\"noopener noreferrer\">remplacement de cabanons pour les potagers de Creissels<\/a><\/span>, dans l&rsquo;Aveyron&#8230; Dans les communes de l&rsquo;Hexagone, l&rsquo;on cherche \u00e0 valoriser la pratique des jardins et la culture des potagers. Les propri\u00e9taires de parcelles de jardins familiaux ou ouvriers voient ainsi leur lopin de terre de plus en plus souvent \u00e9quip\u00e9 de cabanons de rangement \u00e0 l&rsquo;initiative de la municipalit\u00e9. Quelle forme prennent-ils ? Jetez un coup d&rsquo;oeil \u00e0 <span style=\"color: #ff9900;\"><a style=\"color: #ff9900;\" href=\"https:\/\/www.franceabris.com\/107-abri-jardin-bois\" target=\"_blank\" rel=\"noopener noreferrer\">nos abris jardin en panneaux de bois<\/a><\/span> !<\/p>\n<h3 style=\"text-align: justify;\">Le cabanon de rangement, un must-have des potagers<\/h3>\n<p style=\"text-align: justify;\">Direction le Morbihan, du c\u00f4t\u00e9 de la petite ville de Pontivy. Pr\u00e8s de 15 000 habitants pour cette sous-pr\u00e9fecture qui est \u00e9quip\u00e9e de jardins familiaux et participe \u00e0 diverses op\u00e9rations de valorisation des jardins, comme l&rsquo;initiative r\u00e9gionale <em>Bienvenue dans mon jardin<\/em>. Ces jardins familiaux, r\u00e9unis en une association nomm\u00e9e Les Jardins de la Kerlenn, rassemblent 28 parcelles situ\u00e9e \u00e0 l&rsquo;extr\u00e9mit\u00e9 Ouest\/Sud-Ouest de la commune. <strong>Les parcelles font entre 50 et 500 m\u00b2 et sont d\u00e9sormais&#8230; \u00e9quip\u00e9es d&rsquo;abris de jardin flambant neufs.<\/strong><\/p>\n<figure id=\"attachment_10868\" aria-describedby=\"caption-attachment-10868\" style=\"width: 396px\" class=\"wp-caption aligncenter\"><a href=\"https:\/\/www.franceabris.com\/107-abri-jardin-bois\"><img decoding=\"async\" loading=\"lazy\" class=\"wp-image-10868 size-full\" style=\"border: 1px solid #000000;\" src=\"https:\/\/www.franceabris.com\/BLOG\/wp-content\/uploads\/2019\/11\/2269-abri-deux-pentes.jpg\" alt=\"cabanon pour potager d'un jardin partag\u00e9\" width=\"396\" height=\"290\" srcset=\"https:\/\/www.franceabris.com\/BLOG\/wp-content\/uploads\/2019\/11\/2269-abri-deux-pentes.jpg 396w, https:\/\/www.franceabris.com\/BLOG\/wp-content\/uploads\/2019\/11\/2269-abri-deux-pentes-134x98.jpg 134w, https:\/\/www.franceabris.com\/BLOG\/wp-content\/uploads\/2019\/11\/2269-abri-deux-pentes-328x240.jpg 328w\" sizes=\"(max-width: 396px) 100vw, 396px\" \/><\/a><figcaption id=\"caption-attachment-10868\" class=\"wp-caption-text\">Du bois, une porte verrouillable et un volume parfaitement adapt\u00e9 \u00e0 la culture d&rsquo;un potager&#8230; Cet abri en panneaux est disponible sous la r\u00e9f\u00e9rence ID2269 dans notre catalogue.<\/figcaption><\/figure>\n<h3 style=\"text-align: justify;\">Des abris de jardin con\u00e7us main<\/h3>\n<p style=\"text-align: justify;\">Les pr\u00e9c\u00e9dents cabanons avaient, a priori, \u00e9t\u00e9 endommag\u00e9s par une temp\u00eate, il y a quelques ann\u00e9es. <span style=\"color: #ff9900;\"><a style=\"color: #ff9900;\" href=\"https:\/\/pontivy.maville.com\/actu\/actudet_-pontivy.-de-nouveaux-abris-pour-les-jardins-de-la-kerlenn_loc-4306000_actu.Htm\" target=\"_blank\" rel=\"noopener noreferrer\">L&rsquo;association a donc d\u00e9cid\u00e9 de r\u00e9nover son petit parc de cabanons avec le soutien de la Mairie<\/a><\/span>&#8230; et les bonnes volont\u00e9s, comme le rapporte Ouest-France. Car, en effet, les abris potagers vont \u00eatre con\u00e7us par les propri\u00e9taires et locataires des jardins eux-m\u00eames. La Ville a offert le bois et le mat\u00e9riel n\u00e9cessaire \u00e0 leur conception, du bois qui avait \u00e9t\u00e9 r\u00e9cup\u00e9r\u00e9 de cette temp\u00eate&#8230; Puis les principaux int\u00e9ress\u00e9s se sont attel\u00e9s \u00e0<strong> la fabrication de ces maisonnettes de stockage<\/strong>, permettant d&rsquo;abriter leurs outils.<\/p>\n<h2 style=\"text-align: justify;\">Mais la conception d&rsquo;un abri de jardin pour son potager ou des parcelles municipales n&rsquo;est pas toujours possible. Opter pour un cabanon de rangement en kit devient alors une bonne id\u00e9e !<\/h2>\n<p style=\"text-align: justify;\">Le kit en bois, c&rsquo;est une excellente id\u00e9e pour s&rsquo;\u00e9quiper rapidement et \u00e0 moindre frais. Elles sont d&rsquo;ailleurs nombreuses, les municipalit\u00e9s, \u00e0 avoir d\u00e9j\u00e0 travaill\u00e9 avec nous pour s&rsquo;\u00e9quiper en abris ou carports. Il faut dire qu&rsquo;une maisonnette bois, comme celles qu&rsquo;ont install\u00e9es les Pontivyens dans leurs jardins familiaux, affiche un prix pas cher dans notre catalogue, n&rsquo;exc\u00e9dant pas 300 ou 400 euros. Un exemple ? Le mod\u00e8le ci-dessous : <strong>il s&rsquo;agit d&rsquo;un cabanon de rangement en panneaux naturels<\/strong>, avec plancher, offrant 1,35 m\u00b2 de surface utile au sol. Le montage ? Une demi-journ\u00e9e \u00e0 deux personnes.<\/p>\n<figure id=\"attachment_10811\" aria-describedby=\"caption-attachment-10811\" style=\"width: 396px\" class=\"wp-caption aligncenter\"><a href=\"https:\/\/www.franceabris.com\/107-abri-jardin-bois\"><img decoding=\"async\" loading=\"lazy\" class=\"wp-image-10811 size-full\" style=\"border: 1px solid #000000;\" src=\"https:\/\/www.franceabris.com\/BLOG\/wp-content\/uploads\/2019\/10\/2256-cabane-rangement-discount.jpg\" alt=\"abri bois pour jardin familial et ouvrier\" width=\"396\" height=\"290\" srcset=\"https:\/\/www.franceabris.com\/BLOG\/wp-content\/uploads\/2019\/10\/2256-cabane-rangement-discount.jpg 396w, https:\/\/www.franceabris.com\/BLOG\/wp-content\/uploads\/2019\/10\/2256-cabane-rangement-discount-134x98.jpg 134w, https:\/\/www.franceabris.com\/BLOG\/wp-content\/uploads\/2019\/10\/2256-cabane-rangement-discount-328x240.jpg 328w\" sizes=\"(max-width: 396px) 100vw, 396px\" \/><\/a><figcaption id=\"caption-attachment-10811\" class=\"wp-caption-text\">L&rsquo;exemple parfait du cabanon de rangement id\u00e9al pour un jardin familial : cet abri disponible sous la r\u00e9f\u00e9rence ID2256 sur notre site.<\/figcaption><\/figure>\n<h3 style=\"text-align: justify;\">Abri bois en kit : le choix de la rapidit\u00e9 et de la r\u00e9sistance<\/h3>\n<p style=\"text-align: justify;\"><strong>Pourquoi opter pour un cabanon en kit plut\u00f4t qu&rsquo;une fabrication artisanale ?<\/strong> Les arguments sont nombreux&#8230; Au lieu de durer plusieurs mois, l&rsquo;installation des cabanes bois ne prendra que deux \u00e0 trois semaines, le temps de les livrer. Le montage sera particuli\u00e8rement ais\u00e9 gr\u00e2ce \u00e0 des pi\u00e8ces usin\u00e9es, sp\u00e9cifiquement travaill\u00e9es par des professionnels. L&rsquo;ensemble affichera de belles qualit\u00e9s de r\u00e9sistance, les panneaux \u00e9tant con\u00e7us dans cette optique. Et pourra, qui sait, \u00eatre inclus dans une garantie d\u00e9pendance de jardin par un assureur !<\/p>\n<p style=\"text-align: justify;\">Bref : l&rsquo;abri de jardin en kit, c&rsquo;est aussi un excellent choix pour \u00e9quiper ses jardins familiaux ou ouvriers. Et \u00e7a ne co\u00fbte pas forc\u00e9ment cher ! Vous souhaitez le v\u00e9rifier ? Contactez notre \u00e9quipe commerciale au <strong>09 72 16 47 82<\/strong> !<\/p>\n","protected":false},"excerpt":{"rendered":"<p>A FRANCE ABRIS, on aime bien mettre un coup de projecteur sur toutes les initiatives qui valorisent les abris de jardin. Car ces derniers ne sont pas que de petits cabanons fonctionnels : ils participent \u00e0 l&rsquo;am\u00e9nagement du territoire, am\u00e8nent du confort, valorisent certaines pratiques et offrent une durabilit\u00e9 suppl\u00e9mentaire \u00e0 ce qu&rsquo;ils prot\u00e8gent et &hellip; <a href=\"https:\/\/www.franceabris.com\/BLOG\/jardins-familiaux-toujours-plus-de-communes-sequipent-dabri-bois-pour-leurs-potagers\/\" class=\"more-link\">Continuer la lecture de <span class=\"screen-reader-text\">Jardins familiaux : toujours plus de communes s\u2019\u00e9quipent d\u2019abri bois pour leurs potagers<\/span><\/a><\/p>\n","protected":false},"author":2,"featured_media":11973,"comment_status":"closed","ping_status":"closed","sticky":false,"template":"","format":"standard","meta":[],"categories":[2,3],"tags":[],"_links":{"self":[{"href":"https:\/\/www.franceabris.com\/BLOG\/wp-json\/wp\/v2\/posts\/11972"}],"collection":[{"href":"https:\/\/www.franceabris.com\/BLOG\/wp-json\/wp\/v2\/posts"}],"about":[{"href":"https:\/\/www.franceabris.com\/BLOG\/wp-json\/wp\/v2\/types\/post"}],"author":[{"embeddable":true,"href":"https:\/\/www.franceabris.com\/BLOG\/wp-json\/wp\/v2\/users\/2"}],"replies":[{"embeddable":true,"href":"https:\/\/www.franceabris.com\/BLOG\/wp-json\/wp\/v2\/comments?post=11972"}],"version-history":[{"count":0,"href":"https:\/\/www.franceabris.com\/BLOG\/wp-json\/wp\/v2\/posts\/11972\/revisions"}],"wp:featuredmedia":[{"embeddable":true,"href":"https:\/\/www.franceabris.com\/BLOG\/wp-json\/wp\/v2\/media\/11973"}],"wp:attachment":[{"href":"https:\/\/www.franceabris.com\/BLOG\/wp-json\/wp\/v2\/media?parent=11972"}],"wp:term":[{"taxonomy":"category","embeddable":true,"href":"https:\/\/www.franceabris.com\/BLOG\/wp-json\/wp\/v2\/categories?post=11972"},{"taxonomy":"post_tag","embeddable":true,"href":"https:\/\/www.franceabris.com\/BLOG\/wp-json\/wp\/v2\/tags?post=11972"}],"curies":[{"name":"wp","href":"https:\/\/api.w.org\/{rel}","templated":true}]}}