{"id":11974,"date":"2020-12-18T06:06:00","date_gmt":"2020-12-18T05:06:00","guid":{"rendered":"https:\/\/www.franceabris.com\/BLOG\/?p=11974"},"modified":"2020-10-22T18:41:03","modified_gmt":"2020-10-22T17:41:03","slug":"un-chalet-en-madriers-et-un-abri-potager-a-forte-pente-de-toit-bienvenue-en-altitude","status":"publish","type":"post","link":"https:\/\/www.franceabris.com\/BLOG\/un-chalet-en-madriers-et-un-abri-potager-a-forte-pente-de-toit-bienvenue-en-altitude\/","title":{"rendered":"Un chalet en madriers et un abri potager\u2026 \u00e0 forte pente de toit : bienvenue en altitude !"},"content":{"rendered":"<p style=\"text-align: justify;\">Certaines r\u00e9gions rencontrent des conditions climatiques bien particuli\u00e8res. C&rsquo;est le cas de la moyenne montagne, o\u00f9 les chutes de neige sont forc\u00e9ment plus fr\u00e9quentes que dans les grandes villes de plaine. Une situation qui n\u00e9cessite une adaptation de l&rsquo;architecture des b\u00e2timents&#8230; C&rsquo;est pour cette raison que les chalets affichent des toits avec une forte pente. Et que FRANCE ABRIS propose toute une gamme de <strong>cabanons, abris, chalets dont les charpentes impliquent une inclinaison de 40\u00b0 ou plus des pans de la toiture<\/strong>.<\/p>\n<p style=\"text-align: justify;\">L&rsquo;un de nos clients s&rsquo;est retrouv\u00e9 confront\u00e9 \u00e0 cette probl\u00e9matique. Jean-Pascal, 63 ans, habite en Haute-Savoie et <strong>cherchait des abris pour multiplier et adapter les solutions de rangement chez lui.<\/strong> Sa condition ? Des pentes de toit suffisamment importantes pour r\u00e9pondre aux recommandations de sa municipalit\u00e9. Habitant \u00e0 environ 1200 m\u00e8tres d&rsquo;altitude, il ne doit pas, en effet, l\u00e9siner sur les moyens visant \u00e0 faciliter l&rsquo;\u00e9vacuation de la neige&#8230; Il en va de la solidit\u00e9 de ses installations ! Alors, quand il nous a contact\u00e9s pour son projet, c&rsquo;est vers une gamme tr\u00e8s sp\u00e9ciale que nous l&rsquo;avons orient\u00e9e.<\/p>\n<p style=\"text-align: justify;\">D\u00e9couvrez nos diff\u00e9rents mod\u00e8les de cette gamme : <span style=\"color: #ff9900;\"><a style=\"color: #ff9900;\" href=\"https:\/\/www.franceabris.com\/292-abri-jardin-d-altitude\" target=\"_blank\" rel=\"noopener noreferrer\">les abris jardin bois en altitude, \u00e0 forte pente de toit<\/a><\/span> !<\/p>\n<h2 style=\"text-align: justify;\">En moyenne montagne, il est n\u00e9cessaire de choisir des abris de jardin avec forte pente de toit. Toute la sp\u00e9cificit\u00e9 d&rsquo;un cabanon en altitude qui doit permettre d&rsquo;\u00e9vacuer facilement les paquets de neige accumul\u00e9s !<\/h2>\n<h3 style=\"text-align: justify;\">Jean-Pascal, pourquoi avoir opt\u00e9 pour l&rsquo;abri jardin d&rsquo;altitude, un cabanon avec une forte pente de toit ?<\/h3>\n<p style=\"text-align: justify;\">Parce que&#8230; j&rsquo;habite en altitude (rires) ! <span style=\"color: #ff9900;\"><a style=\"color: #ff9900;\" href=\"https:\/\/www.franceabris.com\/BLOG\/pente-de-toit-pour-une-habitation-ou-un-abri-de-jardin-les-normes-a-respecter\/\" target=\"_blank\" rel=\"noopener noreferrer\">Plus s\u00e9rieusement, en mati\u00e8re de toiture, les DTU sont assez clairs<\/a><\/span> : lorsqu&rsquo;on habite dans des zones relevant de la moyenne montagne, <strong>il est g\u00e9n\u00e9ralement n\u00e9cessaire d&rsquo;avoir des pentes de toit cons\u00e9quentes<\/strong>. Je n&rsquo;ai plus les chiffres en t\u00eate, mais cela fait un moment que nous sommes dans le coin, nous y sommes habitu\u00e9s. De toute fa\u00e7on, \u00e0 partir du moment o\u00f9 votre maison ou votre chalet a une toiture \u00e0 40\u00b0, le reste doit suivre, au moins pour des raisons esth\u00e9tiques (rires) !<\/p>\n<figure id=\"attachment_11977\" aria-describedby=\"caption-attachment-11977\" style=\"width: 397px\" class=\"wp-caption aligncenter\"><a href=\"https:\/\/www.franceabris.com\/292-abri-jardin-d-altitude\"><img decoding=\"async\" loading=\"lazy\" class=\"wp-image-11977 size-full\" style=\"border: 1px solid #000000;\" src=\"https:\/\/www.franceabris.com\/BLOG\/wp-content\/uploads\/2020\/10\/chalet-madriers-altitude-3327.jpg\" alt=\"Chalet d\u2019altitude pour le jardin\" width=\"397\" height=\"291\" srcset=\"https:\/\/www.franceabris.com\/BLOG\/wp-content\/uploads\/2020\/10\/chalet-madriers-altitude-3327.jpg 397w, https:\/\/www.franceabris.com\/BLOG\/wp-content\/uploads\/2020\/10\/chalet-madriers-altitude-3327-327x240.jpg 327w, https:\/\/www.franceabris.com\/BLOG\/wp-content\/uploads\/2020\/10\/chalet-madriers-altitude-3327-134x98.jpg 134w\" sizes=\"(max-width: 397px) 100vw, 397px\" \/><\/a><figcaption id=\"caption-attachment-11977\" class=\"wp-caption-text\">Le chalet de jardin de notre client : une belle cabane en madriers de bois de 10 m\u00b2. A retrouver sous la r\u00e9f\u00e9rence ID3327 sur notre site ! Notez l\u2019importante pente de toit pour r\u00e9pondre aux DTU.<\/figcaption><\/figure>\n<h3 style=\"text-align: justify;\">Vous aviez besoin d&rsquo;un abri pour le jardin, d&rsquo;un cabanon en bois ?<\/h3>\n<p style=\"text-align: justify;\">Oui. L&rsquo;id\u00e9e, <strong>c&rsquo;\u00e9tait d&rsquo;installer un bel abri de rangement \u00e0 proximit\u00e9 de la maison<\/strong>, qui permette de stocker les v\u00e9los de la famille, des paires de ski, des pneus, un motoculteur&#8230; On a un garage dans la maison, mais il est petit, donc on manque de place. L&rsquo;abri devait permettre de d\u00e9sencombrer le garage et d&rsquo;organiser un peu mieux le rangement. Mais on avait aussi besoin d&rsquo;un tout petit cabanon,<strong> un genre d&rsquo;abri potager<\/strong> \u00e0 mettre \u00e0 c\u00f4t\u00e9, histoire de garder en permanence \u00e0 proximit\u00e9 les outils de jardinage, les serres en kit, etc. Deux abris, donc, quatre pentes de toit r\u00e9pondant au cahier des charges de la municipalit\u00e9 (rires) !<\/p>\n<h3 style=\"text-align: justify;\">Quels sont les mod\u00e8les de cabanon et chalet bois que vous avez trouv\u00e9s ?<\/h3>\n<p style=\"text-align: justify;\">Il s&rsquo;agit de deux abris qui se ressemblent beaucoup, l&rsquo;un \u00e9tant une d\u00e9clinaison du premier, ce qui permet de conserver une certaine unit\u00e9. <strong>Il y a donc un petit chalet en madriers de 10 m\u00b2 environ<\/strong> avec une porte \u00e0 deux battants et des fen\u00eatres. La pente de toit est de 37\u00b0 et permet d&rsquo;avoir un peu plus de 2,8 m\u00e8tres de hauteur utile. C&rsquo;est int\u00e9ressant parce que la surface au sol est une chose, mais le volume g\u00e9n\u00e9ral de rangement en est une autre. Cela me laisse la possibilit\u00e9 de cr\u00e9er un petit atelier de bricolage, en plus d&rsquo;am\u00e9nager des rangements verticaux. <strong>L&rsquo;autre abri est plus un cabanon de potager.<\/strong> Il est aussi en madriers, mais il fait moins de 5 m\u00b2, ce qui m&rsquo;a permis de le monter sans autorisation particuli\u00e8re. L\u00e0 encore, il y a une fen\u00eatre, c&rsquo;est vraiment la version mod\u00e8le r\u00e9duit du premier, avec 2,5 m de hauteur \u00e0 utiliser et deux pans de toit \u00e0 40\u00b0 ! C&rsquo;est une maisonnette de jardin qui servira uniquement \u00e0 du stockage pour tout ce qui m&rsquo;est utile dans l&rsquo;entretien du potager et de l&rsquo;ext\u00e9rieur en g\u00e9n\u00e9ral. Au total, cela nous fait 15 m\u00b2 de rangements suppl\u00e9mentaires&#8230; Comme quoi, quand on n&rsquo;a plus de place, on peut encore en trouver !<\/p>\n<figure id=\"attachment_11975\" aria-describedby=\"caption-attachment-11975\" style=\"width: 397px\" class=\"wp-caption aligncenter\"><a href=\"https:\/\/www.franceabris.com\/292-abri-jardin-d-altitude\"><img decoding=\"async\" loading=\"lazy\" class=\"wp-image-11975 size-full\" style=\"border: 1px solid #000000;\" src=\"https:\/\/www.franceabris.com\/BLOG\/wp-content\/uploads\/2020\/10\/abri-bois-rangement-altitude-3325.jpg\" alt=\"Cabanon potager en bois avec pente de toit\" width=\"397\" height=\"291\" srcset=\"https:\/\/www.franceabris.com\/BLOG\/wp-content\/uploads\/2020\/10\/abri-bois-rangement-altitude-3325.jpg 397w, https:\/\/www.franceabris.com\/BLOG\/wp-content\/uploads\/2020\/10\/abri-bois-rangement-altitude-3325-327x240.jpg 327w, https:\/\/www.franceabris.com\/BLOG\/wp-content\/uploads\/2020\/10\/abri-bois-rangement-altitude-3325-134x98.jpg 134w\" sizes=\"(max-width: 397px) 100vw, 397px\" \/><\/a><figcaption id=\"caption-attachment-11975\" class=\"wp-caption-text\">R\u00e9f\u00e9rence ID3325 : ce cabanon bois est parfait pour le potager de notre client. La pente de toit pour l\u2019altitude est bien pr\u00e9sente et la petite surface garantit une installation sans autorisation Mairie (sauf exception).<\/figcaption><\/figure>\n<h3 style=\"text-align: justify;\">Ces cabanes de stockage sont un investissement que vous recommandez ?<\/h3>\n<p style=\"text-align: justify;\">Pour quelqu&rsquo;un qui cherche des espaces de rangement suppl\u00e9mentaires, c&rsquo;est l&rsquo;\u00e9vidence. Et pour ceux qui sont en altitude aussi, bien entendu ! Je n&rsquo;imaginais pas <strong>gagner autant de place \u00e0 l&rsquo;int\u00e9rieur en am\u00e9nageant ces deux cabanes<\/strong>. R\u00e9sultat : on est beaucoup plus \u00e0 l&rsquo;aise dans notre garage. Et on a tout sous la main lorsqu&rsquo;on travaille dans le potager !<\/p>\n","protected":false},"excerpt":{"rendered":"<p>Certaines r\u00e9gions rencontrent des conditions climatiques bien particuli\u00e8res. C&rsquo;est le cas de la moyenne montagne, o\u00f9 les chutes de neige sont forc\u00e9ment plus fr\u00e9quentes que dans les grandes villes de plaine. Une situation qui n\u00e9cessite une adaptation de l&rsquo;architecture des b\u00e2timents&#8230; C&rsquo;est pour cette raison que les chalets affichent des toits avec une forte pente. &hellip; <a href=\"https:\/\/www.franceabris.com\/BLOG\/un-chalet-en-madriers-et-un-abri-potager-a-forte-pente-de-toit-bienvenue-en-altitude\/\" class=\"more-link\">Continuer la lecture de <span class=\"screen-reader-text\">Un chalet en madriers et un abri potager\u2026 \u00e0 forte pente de toit : bienvenue en altitude !<\/span><\/a><\/p>\n","protected":false},"author":2,"featured_media":11976,"comment_status":"closed","ping_status":"closed","sticky":false,"template":"","format":"standard","meta":[],"categories":[3],"tags":[],"_links":{"self":[{"href":"https:\/\/www.franceabris.com\/BLOG\/wp-json\/wp\/v2\/posts\/11974"}],"collection":[{"href":"https:\/\/www.franceabris.com\/BLOG\/wp-json\/wp\/v2\/posts"}],"about":[{"href":"https:\/\/www.franceabris.com\/BLOG\/wp-json\/wp\/v2\/types\/post"}],"author":[{"embeddable":true,"href":"https:\/\/www.franceabris.com\/BLOG\/wp-json\/wp\/v2\/users\/2"}],"replies":[{"embeddable":true,"href":"https:\/\/www.franceabris.com\/BLOG\/wp-json\/wp\/v2\/comments?post=11974"}],"version-history":[{"count":0,"href":"https:\/\/www.franceabris.com\/BLOG\/wp-json\/wp\/v2\/posts\/11974\/revisions"}],"wp:featuredmedia":[{"embeddable":true,"href":"https:\/\/www.franceabris.com\/BLOG\/wp-json\/wp\/v2\/media\/11976"}],"wp:attachment":[{"href":"https:\/\/www.franceabris.com\/BLOG\/wp-json\/wp\/v2\/media?parent=11974"}],"wp:term":[{"taxonomy":"category","embeddable":true,"href":"https:\/\/www.franceabris.com\/BLOG\/wp-json\/wp\/v2\/categories?post=11974"},{"taxonomy":"post_tag","embeddable":true,"href":"https:\/\/www.franceabris.com\/BLOG\/wp-json\/wp\/v2\/tags?post=11974"}],"curies":[{"name":"wp","href":"https:\/\/api.w.org\/{rel}","templated":true}]}}