{"id":11987,"date":"2021-01-01T00:01:04","date_gmt":"2020-12-31T23:01:04","guid":{"rendered":"https:\/\/www.franceabris.com\/BLOG\/?p=11987"},"modified":"2020-10-22T19:24:04","modified_gmt":"2020-10-22T18:24:04","slug":"france-abris-vous-souhaite-une-bonne-et-heureuse-annee-2021","status":"publish","type":"post","link":"https:\/\/www.franceabris.com\/BLOG\/france-abris-vous-souhaite-une-bonne-et-heureuse-annee-2021\/","title":{"rendered":"FRANCE ABRIS vous souhaite une bonne et heureuse ann\u00e9e 2021 !"},"content":{"rendered":"<p style=\"text-align: justify;\">2021 ! Enfin, diront certains&#8230;<strong> Toute l&rsquo;\u00e9quipe de FRANCE ABRIS tient \u00e9videmment \u00e0 vous adresser ses meilleures v\u0153ux<\/strong> pour cette nouvelle ann\u00e9e. Apr\u00e8s un cru 2020 compliqu\u00e9 o\u00f9 les difficult\u00e9s ont succ\u00e9d\u00e9 aux difficult\u00e9s avec cette pand\u00e9mie de COVID-19, l&rsquo;on ne peut qu&rsquo;esp\u00e9rer \u00e0 chacun de nos clients les plus belles r\u00e9ussites pour 2021&#8230; et la sant\u00e9, vous vous en doutez bien !<\/p>\n<p style=\"text-align: justify;\">De notre c\u00f4t\u00e9, nous ferons le maximum <strong>pour vous apporter toujours la m\u00eame qualit\u00e9 de service<\/strong>. Vous le savez, notre engagement, c&rsquo;est de vous accompagner dans votre projet d&rsquo;am\u00e9nagement de votre jardin ou d&rsquo;installation d&rsquo;\u00e9quipements professionnels pour votre entreprise ou votre collectivit\u00e9. Vous \u00e9couter, discuter avec vous, envisager ce qui conviendrait le mieux \u00e0 votre situation&#8230;<\/p>\n<p style=\"text-align: justify;\"><strong>C&rsquo;est essentiel, car un abri de jardin est \u00e0 la fois tr\u00e8s peu&#8230; et beaucoup de choses.<\/strong> Le cabanon facilite la vie au quotidien, le chalet vous permet de gagner de la place et du confort de vie. Un tunnel de stockage est essentiel \u00e0 l&rsquo;activit\u00e9 d&rsquo;un agriculteur, un pr\u00e9au dans une cour d&rsquo;\u00e9cole est loin d&rsquo;\u00eatre anodin pour les enfants et leurs enseignants&#8230;<\/p>\n<p style=\"text-align: center;\">Les exemples sont nombreux. Et tous ne visent qu&rsquo;une chose : que vous vous sentiez bien dans votre environnement personnel ou professionnel !<\/p>\n","protected":false},"excerpt":{"rendered":"<p>2021 ! Enfin, diront certains&#8230; Toute l&rsquo;\u00e9quipe de FRANCE ABRIS tient \u00e9videmment \u00e0 vous adresser ses meilleures v\u0153ux pour cette nouvelle ann\u00e9e. Apr\u00e8s un cru 2020 compliqu\u00e9 o\u00f9 les difficult\u00e9s ont succ\u00e9d\u00e9 aux difficult\u00e9s avec cette pand\u00e9mie de COVID-19, l&rsquo;on ne peut qu&rsquo;esp\u00e9rer \u00e0 chacun de nos clients les plus belles r\u00e9ussites pour 2021&#8230; et &hellip; <a href=\"https:\/\/www.franceabris.com\/BLOG\/france-abris-vous-souhaite-une-bonne-et-heureuse-annee-2021\/\" class=\"more-link\">Continuer la lecture de <span class=\"screen-reader-text\">FRANCE ABRIS vous souhaite une bonne et heureuse ann\u00e9e 2021 !<\/span><\/a><\/p>\n","protected":false},"author":2,"featured_media":11988,"comment_status":"closed","ping_status":"closed","sticky":false,"template":"","format":"standard","meta":[],"categories":[2],"tags":[],"_links":{"self":[{"href":"https:\/\/www.franceabris.com\/BLOG\/wp-json\/wp\/v2\/posts\/11987"}],"collection":[{"href":"https:\/\/www.franceabris.com\/BLOG\/wp-json\/wp\/v2\/posts"}],"about":[{"href":"https:\/\/www.franceabris.com\/BLOG\/wp-json\/wp\/v2\/types\/post"}],"author":[{"embeddable":true,"href":"https:\/\/www.franceabris.com\/BLOG\/wp-json\/wp\/v2\/users\/2"}],"replies":[{"embeddable":true,"href":"https:\/\/www.franceabris.com\/BLOG\/wp-json\/wp\/v2\/comments?post=11987"}],"version-history":[{"count":0,"href":"https:\/\/www.franceabris.com\/BLOG\/wp-json\/wp\/v2\/posts\/11987\/revisions"}],"wp:featuredmedia":[{"embeddable":true,"href":"https:\/\/www.franceabris.com\/BLOG\/wp-json\/wp\/v2\/media\/11988"}],"wp:attachment":[{"href":"https:\/\/www.franceabris.com\/BLOG\/wp-json\/wp\/v2\/media?parent=11987"}],"wp:term":[{"taxonomy":"category","embeddable":true,"href":"https:\/\/www.franceabris.com\/BLOG\/wp-json\/wp\/v2\/categories?post=11987"},{"taxonomy":"post_tag","embeddable":true,"href":"https:\/\/www.franceabris.com\/BLOG\/wp-json\/wp\/v2\/tags?post=11987"}],"curies":[{"name":"wp","href":"https:\/\/api.w.org\/{rel}","templated":true}]}}