{"id":11998,"date":"2020-12-24T06:06:06","date_gmt":"2020-12-24T05:06:06","guid":{"rendered":"https:\/\/www.franceabris.com\/BLOG\/?p=11998"},"modified":"2026-03-18T17:05:29","modified_gmt":"2026-03-18T16:05:29","slug":"3-chalets-de-jardin-en-madriers-pour-un-maximum-de-lumiere","status":"publish","type":"post","link":"https:\/\/www.franceabris.com\/BLOG\/3-chalets-de-jardin-en-madriers-pour-un-maximum-de-lumiere\/","title":{"rendered":"3 chalets de jardin en madriers pour un maximum de lumi\u00e8re !"},"content":{"rendered":"<p style=\"text-align: justify;\">Ah, les fen\u00eatres&#8230; Quand on cherche un simple cabanon de rangement, ce n&rsquo;est pas la priorit\u00e9. Mais, quand on se met en qu\u00eate d&rsquo;<strong>un abri de jardin en madriers se rapprochant plus du chalet que de la cabane, la question devient essentielle<\/strong> ! Ce sont, en effet, les fen\u00eatres et les ouvertures qui vont <em>\u00ab\u00a0finir\u00a0\u00bb<\/em> votre kit et lui donner cette d\u00e9licieuse silhouette de maisonnette. Tout en le rendant parfaitement habitable en lui conf\u00e9rant une luminosit\u00e9 naturelle imparable !<\/p>\n<p style=\"text-align: justify;\"><strong>Les fen\u00eatres, les ouvertures, les sources de lumi\u00e8re peuvent constituer de parfaits substituts \u00e0 l&rsquo;\u00e9lectricit\u00e9<\/strong>, m\u00eame s&rsquo;il va sans dire que cette derni\u00e8re est un ajout quasi-obligatoire lorsqu&rsquo;on souhaite vivre dans son chalet bois. La fen\u00eatre permet une juste int\u00e9gration de l&rsquo;int\u00e9rieur qu&rsquo;elle d\u00e9voile dans votre ext\u00e9rieur&#8230; Elle permet de vivre, plut\u00f4t que de stocker, ranger, entreposer &#8211; comme c&rsquo;est souvent le cas dans les cabanons en bois.<\/p>\n<p style=\"text-align: justify;\">Focus sur trois mod\u00e8les de chalets bois en madriers, avec des fen\u00eatres&#8230; beaucoup de fen\u00eatres !<\/p>\n<h2 style=\"text-align: justify;\">Pour un chalet de jardin en madriers de bois, les fen\u00eatres sont essentielles. D\u00e9couvrez diff\u00e9rents mod\u00e8les d&rsquo;abris en kit avec de nombreuses et belles ouvertures !<\/h2>\n<p style=\"text-align: justify; padding-left: 80px;\">Parmi nos abris de jardin en kit, certains pr\u00e9sentent des formes et des structures tr\u00e8s simples : quatre murs, une charpente, une couverture.<span style=\"color: #ff9900;\"><a style=\"color: #ff9900;\" href=\"https:\/\/www.franceabris.com\/107-abri-jardin-bois\" target=\"_blank\" rel=\"noopener noreferrer\"> Mais d&rsquo;autres se rapprochent plus du chalet d&rsquo;ext\u00e9rieur<\/a><\/span>&#8230; Ces derniers sont souvent munis de fen\u00eatres et d&rsquo;ouvertures vari\u00e9es pour maximiser la luminosit\u00e9 et en faire des pi\u00e8ces \u00e0 vivre.<\/p>\n<h3 style=\"text-align: justify;\">1\/ Quatre grandes fen\u00eatres et une double porte vitr\u00e9e pour ce chalet en madriers bois !<\/h3>\n<p style=\"text-align: justify;\">Grand et lumineux. <strong>S&rsquo;il fallait trouver deux adjectifs pour qualifier ce chalet en madriers, ce serait ces deux-l\u00e0.<\/strong> Grand, parce qu&rsquo;il propose tout de m\u00eame 17 m\u00b2 de surface utile, ce qui est une tr\u00e8s belle surface \u00e0 am\u00e9nager, qui permet d&rsquo;agrandir son int\u00e9rieur lorsqu&rsquo;on pense ne plus pouvoir le faire. Lumineux, parce qu&rsquo;il profite d&rsquo;une luminosit\u00e9 naturelle \u00e0 180\u00b0. Il est en effet \u00e9quip\u00e9 de deux grandes fen\u00eatres lat\u00e9rales, d&rsquo;1,41 m de haut pour 70 centim\u00e8tres de large, mais aussi de deux autres d&rsquo;entre elles en fa\u00e7ade&#8230; ainsi que d&rsquo;une porte \u00e0 deux battants vitr\u00e9s.<\/p>\n<figure id=\"attachment_12005\" aria-describedby=\"caption-attachment-12005\" style=\"width: 396px\" class=\"wp-caption aligncenter\"><a href=\"https:\/\/www.franceabris.com\/107-abri-jardin-bois\"><img decoding=\"async\" loading=\"lazy\" class=\"wp-image-12005 size-full\" style=\"border: 1px solid #000000;\" src=\"https:\/\/www.franceabris.com\/BLOG\/wp-content\/uploads\/2020\/10\/chalet-jardin-4312.jpg\" alt=\"Chalet de jardin avec fen\u00eatres\" width=\"396\" height=\"290\" srcset=\"https:\/\/www.franceabris.com\/BLOG\/wp-content\/uploads\/2020\/10\/chalet-jardin-4312.jpg 396w, https:\/\/www.franceabris.com\/BLOG\/wp-content\/uploads\/2020\/10\/chalet-jardin-4312-328x240.jpg 328w, https:\/\/www.franceabris.com\/BLOG\/wp-content\/uploads\/2020\/10\/chalet-jardin-4312-134x98.jpg 134w\" sizes=\"(max-width: 396px) 100vw, 396px\" \/><\/a><figcaption id=\"caption-attachment-12005\" class=\"wp-caption-text\">Ce chalet d\u2019ext\u00e9rieur en madriers est disponible sous la r\u00e9f\u00e9rence ID4312 sur notre site.<\/figcaption><\/figure>\n<h4 style=\"text-align: center;\">Des caract\u00e9ristiques de haut-niveau pour ce chalet de jardin madriers bois<\/h4>\n<p style=\"text-align: justify;\">Pour le reste ? Il s&rsquo;agit d&rsquo;un chalet de haut-niveau, con\u00e7u en madriers de 44 mm d&rsquo;\u00e9paisseur d&rsquo;une essence traditionnel, le pin. Son toit simple pente lui donne un look un peu original avec une hauteur utile de 2,02 m, mais un fa\u00eetage \u00e0 un peu moins de 2,5 m. L&rsquo;abri est nanti d&rsquo;un plancher pour une isolation au sol optimale : une fois mont\u00e9, il est pr\u00eat \u00e0 l&#8217;emploi. Lequel ? <strong>Bureau d&rsquo;ext\u00e9rieur &#8211; on pense aux nouveaux t\u00e9l\u00e9travailleurs qui appr\u00e9cieront cette vaste pi\u00e8ce lumineuse.<\/strong> Salon d&rsquo;\u00e9t\u00e9, o\u00f9 les canap\u00e9s, banquettes et fauteuils n&rsquo;inciteraient qu&rsquo;\u00e0 se d\u00e9tendre apr\u00e8s une longue journ\u00e9e de travail. Chambre d&rsquo;appoint pour les saisons les plus chaudes.<\/p>\n<h3 style=\"text-align: justify;\">2\/ Un vaste abri de jardin lumineux avec deux pi\u00e8ces<\/h3>\n<p style=\"text-align: justify;\">Une grande pi\u00e8ce pour un chalet en kit, c&rsquo;est pratique. Mais deux&#8230; c&rsquo;est encore mieux ! Il est rare que les structures d&rsquo;abris en kit proposent des espaces diff\u00e9renci\u00e9s \u00e0 l&rsquo;int\u00e9rieur. <strong>C&rsquo;est pourtant bien la particularit\u00e9 de ce beau chalet de jardin de 19 m\u00b2<\/strong> : un espace d&rsquo;importance d&rsquo;environ 15 m\u00b2, et une petite pi\u00e8ce attenante, accessible de l&rsquo;int\u00e9rieur, de 4 m\u00b2. Le bureau et sa remise. La chambre et ses toilettes. L&rsquo;atelier de cr\u00e9ation et son entrep\u00f4t. Les possibilit\u00e9s sont nombreuses !<\/p>\n<figure id=\"attachment_12002\" aria-describedby=\"caption-attachment-12002\" style=\"width: 397px\" class=\"wp-caption aligncenter\"><a href=\"https:\/\/www.franceabris.com\/107-abri-jardin-bois\"><img decoding=\"async\" loading=\"lazy\" class=\"wp-image-12002 size-full\" style=\"border: 1px solid #000000;\" src=\"https:\/\/www.franceabris.com\/BLOG\/wp-content\/uploads\/2020\/10\/abri-moderne-fenetres-bois-4383.jpg\" alt=\"Un abri jardin en madriers modernes\" width=\"397\" height=\"283\" srcset=\"https:\/\/www.franceabris.com\/BLOG\/wp-content\/uploads\/2020\/10\/abri-moderne-fenetres-bois-4383.jpg 397w, https:\/\/www.franceabris.com\/BLOG\/wp-content\/uploads\/2020\/10\/abri-moderne-fenetres-bois-4383-337x240.jpg 337w, https:\/\/www.franceabris.com\/BLOG\/wp-content\/uploads\/2020\/10\/abri-moderne-fenetres-bois-4383-137x98.jpg 137w\" sizes=\"(max-width: 397px) 100vw, 397px\" \/><\/a><figcaption id=\"caption-attachment-12002\" class=\"wp-caption-text\">Ce bel abri de jardin de 19 m\u00b2 pr\u00e9sente le double avantage d\u2019\u00eatre muni de nombreuses fen\u00eatres, tout en proposant deux pi\u00e8ces int\u00e9rieures. Un chalet disponible sous la r\u00e9f\u00e9rence ID4383 dans notre catalogue.<\/figcaption><\/figure>\n<h4 style=\"text-align: center;\">Un abri moderne et lumineux&#8230; deux-en-un !<\/h4>\n<p style=\"text-align: justify;\">Les madriers sont en \u00e9pic\u00e9a non trait\u00e9, \u00e9pais de 44 mm, ce qui les rend propres \u00e0 une utilisation s\u00e9dentaire. Ce qui fait la diff\u00e9rence, en plus de ces deux pi\u00e8ces distinctes ? Les fen\u00eatres, bien entendu. <strong>La pi\u00e8ce principale profite d&rsquo;une double porte enti\u00e8rement vitr\u00e9e et deux belles ouvertures suppl\u00e9mentaires<\/strong> (de 71 centim\u00e8tres sur 1,22 m). Mais la petite pi\u00e8ce secondaire de 4 m\u00b2 est, elle aussi, \u00e9quip\u00e9e d&rsquo;une fen\u00eatre. L&rsquo;ensemble brille par son aspect moderne, tr\u00e8s simple et \u00e9pur\u00e9, mais aussi tr\u00e8s qualitatif.<\/p>\n<h3 style=\"text-align: justify;\">3\/ Un puit de lumi\u00e8re avec baies vitr\u00e9es en alu et verre tremp\u00e9<\/h3>\n<p style=\"text-align: justify;\">Un puit de lumi\u00e8re ! Il \u00e9tait jusqu&rsquo;\u00e0 pr\u00e9sent question de fen\u00eatres. Ici, ce sont carr\u00e9ment des baies vitr\u00e9es qui \u00e9pousent une grande partie du pourtour&#8230; <strong>13 m\u00b2 de baies qui contribuent \u00e0 cr\u00e9er une atmosph\u00e8re unique dans ce petit \u00e9crin.<\/strong> Un parall\u00e9l\u00e9pip\u00e8de tr\u00e8s simple et discret, qui ne veut \u00eatre valoris\u00e9 que d&rsquo;une mani\u00e8re : par ses magnifiques ouvertures. Point positif : ces derni\u00e8res, verrouillables, sont parfaitement s\u00e9curisantes et r\u00e9sistantes, mariage d&rsquo;aluminium et de verre tremp\u00e9.<\/p>\n<figure id=\"attachment_11415\" aria-describedby=\"caption-attachment-11415\" style=\"width: 397px\" class=\"wp-caption aligncenter\"><a href=\"https:\/\/www.franceabris.com\/107-abri-jardin-bois\"><img decoding=\"async\" loading=\"lazy\" class=\"wp-image-11415 size-full\" style=\"border: 1px solid #000000;\" src=\"https:\/\/www.franceabris.com\/BLOG\/wp-content\/uploads\/2020\/04\/4378-abri-baie-vitr\u00e9e-1.jpg\" alt=\"chalet jardin avec baies vitr\u00e9es\" width=\"397\" height=\"291\" srcset=\"https:\/\/www.franceabris.com\/BLOG\/wp-content\/uploads\/2020\/04\/4378-abri-baie-vitr\u00e9e-1.jpg 397w, https:\/\/www.franceabris.com\/BLOG\/wp-content\/uploads\/2020\/04\/4378-abri-baie-vitr\u00e9e-1-327x240.jpg 327w, https:\/\/www.franceabris.com\/BLOG\/wp-content\/uploads\/2020\/04\/4378-abri-baie-vitr\u00e9e-1-134x98.jpg 134w\" sizes=\"(max-width: 397px) 100vw, 397px\" \/><\/a><figcaption id=\"caption-attachment-11415\" class=\"wp-caption-text\">Ce chalet de jardin en kit est disponible sous la r\u00e9f\u00e9rence ID4379 dans notre catalogue. Notez ses superbes baies vitr\u00e9es !<\/figcaption><\/figure>\n<h4 style=\"text-align: center;\">Des baies vitr\u00e9es de haute qualit\u00e9 pour ce chalet bois !<\/h4>\n<p style=\"text-align: justify;\"><strong>L&rsquo;abri lui-m\u00eame propose 17 m\u00b2 \u00e0 am\u00e9nager.<\/strong> Pour une chambre, les baies vitr\u00e9es risquent de s&rsquo;av\u00e9rer handicapantes, encore qu&rsquo;il reste \u00e9videmment possible d&rsquo;ajouter des volets au chalet. En revanche, pour un bureau, la structure semble parfaitement adapt\u00e9e. Confort de travail gr\u00e2ce aux ouvertures, bonne r\u00e9gulation thermique gr\u00e2ce aux madriers de 44 mm, surface largement suffisante pour du mobilier professionnel&#8230; Nul doute qu&rsquo;en travaillant dedans, vous aurez le sentiment de travailler au milieu de votre jardin&#8230; tout en restant prot\u00e9g\u00e9 du soleil et des intemp\u00e9ries !<\/p>\n","protected":false},"excerpt":{"rendered":"<p>Ah, les fen\u00eatres&#8230; Quand on cherche un simple cabanon de rangement, ce n&rsquo;est pas la priorit\u00e9. Mais, quand on se met en qu\u00eate d&rsquo;un abri de jardin en madriers se rapprochant plus du chalet que de la cabane, la question devient essentielle ! Ce sont, en effet, les fen\u00eatres et les ouvertures qui vont \u00ab\u00a0finir\u00a0\u00bb &hellip; <a href=\"https:\/\/www.franceabris.com\/BLOG\/3-chalets-de-jardin-en-madriers-pour-un-maximum-de-lumiere\/\" class=\"more-link\">Continuer la lecture de <span class=\"screen-reader-text\">3 chalets de jardin en madriers pour un maximum de lumi\u00e8re !<\/span><\/a><\/p>\n","protected":false},"author":2,"featured_media":11999,"comment_status":"closed","ping_status":"closed","sticky":false,"template":"","format":"standard","meta":[],"categories":[3],"tags":[],"_links":{"self":[{"href":"https:\/\/www.franceabris.com\/BLOG\/wp-json\/wp\/v2\/posts\/11998"}],"collection":[{"href":"https:\/\/www.franceabris.com\/BLOG\/wp-json\/wp\/v2\/posts"}],"about":[{"href":"https:\/\/www.franceabris.com\/BLOG\/wp-json\/wp\/v2\/types\/post"}],"author":[{"embeddable":true,"href":"https:\/\/www.franceabris.com\/BLOG\/wp-json\/wp\/v2\/users\/2"}],"replies":[{"embeddable":true,"href":"https:\/\/www.franceabris.com\/BLOG\/wp-json\/wp\/v2\/comments?post=11998"}],"version-history":[{"count":0,"href":"https:\/\/www.franceabris.com\/BLOG\/wp-json\/wp\/v2\/posts\/11998\/revisions"}],"wp:featuredmedia":[{"embeddable":true,"href":"https:\/\/www.franceabris.com\/BLOG\/wp-json\/wp\/v2\/media\/11999"}],"wp:attachment":[{"href":"https:\/\/www.franceabris.com\/BLOG\/wp-json\/wp\/v2\/media?parent=11998"}],"wp:term":[{"taxonomy":"category","embeddable":true,"href":"https:\/\/www.franceabris.com\/BLOG\/wp-json\/wp\/v2\/categories?post=11998"},{"taxonomy":"post_tag","embeddable":true,"href":"https:\/\/www.franceabris.com\/BLOG\/wp-json\/wp\/v2\/tags?post=11998"}],"curies":[{"name":"wp","href":"https:\/\/api.w.org\/{rel}","templated":true}]}}