{"id":12015,"date":"2021-01-20T06:06:22","date_gmt":"2021-01-20T05:06:22","guid":{"rendered":"https:\/\/www.franceabris.com\/BLOG\/?p=12015"},"modified":"2020-11-13T10:26:33","modified_gmt":"2020-11-13T09:26:33","slug":"le-carport-en-alu-en-complement-dun-garage-demonstration","status":"publish","type":"post","link":"https:\/\/www.franceabris.com\/BLOG\/le-carport-en-alu-en-complement-dun-garage-demonstration\/","title":{"rendered":"Le carport en alu en compl\u00e9ment d&rsquo;un garage : d\u00e9monstration"},"content":{"rendered":"<p style=\"text-align: justify;\"><strong>Le garage a ses vertus. Le carport aussi !<\/strong> C&rsquo;est la conclusion a laquelle est parvenu l&rsquo;un de nos clients. Il avait \u00e9rig\u00e9 un beau garage en dur pour sa voiture ; il a, quelques ann\u00e9es plus tard, mont\u00e9 un carport alu m\u00e9tallique juste \u00e0 c\u00f4t\u00e9. La raison ? La fa\u00e7on qu&rsquo;a le carport de prot\u00e9ger la voiture est sensiblement diff\u00e9rente. Et, bien qu&rsquo;elle soit moins s\u00e9curisante, elle offre une ergonomie toute particuli\u00e8re au quotidien.<\/p>\n<p style=\"text-align: justify;\">Par ailleurs, <strong>l&rsquo;ajout d&rsquo;un abri voiture en appoint du garage permet de cr\u00e9er une zone abrit\u00e9e<\/strong> qui peut accueillir non seulement le v\u00e9hicule de notre client, mais aussi ceux de ses invit\u00e9s. A terme, il s&rsquo;agit d&rsquo;une protection qui n&rsquo;est jamais perdue : lorsque le nombre de voitures du foyer se r\u00e9duit, ce peuvent \u00eatre les deux roues qui vont s&rsquo;y r\u00e9fugier, les v\u00e9los, une remorque, un quelconque v\u00e9hicule de tourisme&#8230;<\/p>\n<p>Explications avec cette belle r\u00e9alisation de notre client.<\/p>\n<h2 style=\"text-align: justify;\">Abriter sa voiture sous un carport en alu : un choix d&rsquo;abri qui peut venir en appoint d&rsquo;un garage. Et qui profite des qualit\u00e9s des kits m\u00e9talliques !<\/h2>\n<p style=\"padding-left: 80px; text-align: justify;\"><em>Le carport choisi par notre client est un abri voiture en kit disponible sous la r\u00e9f\u00e9rence ID1795. Un couvert \u00e0 voiture m\u00e9tallique, en aluminium, qui brille par ses nombreuses qualit\u00e9s !<\/em><\/p>\n<ul>\n<li style=\"text-align: justify;\"><span style=\"color: #ff9900;\"><a style=\"color: #ff9900;\" href=\"https:\/\/www.franceabris.com\/53-carport-metal\" target=\"_blank\" rel=\"noopener noreferrer\">D\u00e9couvrez nos nombreux mod\u00e8les de carports m\u00e9talliques !<\/a><\/span><\/li>\n<\/ul>\n<h3 style=\"text-align: justify;\">Le contexte : abriter une voiture \u00e0 c\u00f4t\u00e9 d&rsquo;un garage sous un carport alu d&rsquo;appoint<\/h3>\n<p style=\"text-align: justify;\">Le garage de notre client est une belle construction avec un toit de tuiles qui se marie parfaitement avec son habitation d&rsquo;une part, et son environnement d&rsquo;autre part. Sa porte sectionnelle garantit la s\u00e9curisation de son v\u00e9hicule lorsqu&rsquo;il le gare \u00e0 l&rsquo;int\u00e9rieur. Oui, mais voil\u00e0&#8230; Avec le temps, il s&rsquo;est dit qu&rsquo;un toit suppl\u00e9mentaire manquait \u00e0 l&rsquo;appel. Une structure d&rsquo;appoint qui propose une couverture \u00e0 destination de la voiture. L&rsquo;int\u00e9r\u00eat ? Pouvoir garer ses deux voitures sous un espace abrit\u00e9 et prot\u00e9g\u00e9 des al\u00e9as de la m\u00e9t\u00e9o. Mais aussi gagner en ergonomie au quotidien : <strong>en effet, un carport alu permet d&rsquo;acc\u00e9der plus rapidement \u00e0 son v\u00e9hicule<\/strong> et de partir sans avoir de porte \u00e0 man\u0153uvrer, sans avoir \u00e0 attendre une ouverture \u00e9lectrique, sans avoir \u00e0 composer avec une largeur de passage parfois un peu \u00e9troite. Mieux, c&rsquo;est aussi un toit qui peut abriter un v\u00e9lo ou les moyens de locomotion des invit\u00e9s&#8230; Alors, avoir un garage ET un abri voiture en appoint de ce dernier, c&rsquo;est vraiment \u00eatre gagnant sur tous les plans !<\/p>\n<figure id=\"attachment_12018\" aria-describedby=\"caption-attachment-12018\" style=\"width: 607px\" class=\"wp-caption aligncenter\"><a href=\"https:\/\/www.franceabris.com\/53-carport-metal\"><img decoding=\"async\" loading=\"lazy\" class=\"wp-image-12018 size-large\" style=\"border: 1px solid #000000;\" src=\"https:\/\/www.franceabris.com\/BLOG\/wp-content\/uploads\/2020\/11\/carport-metallique-voiture-607x341.jpeg\" alt=\"abri voiture m\u00e9tallique en alu\" width=\"607\" height=\"341\" srcset=\"https:\/\/www.franceabris.com\/BLOG\/wp-content\/uploads\/2020\/11\/carport-metallique-voiture-607x341.jpeg 607w, https:\/\/www.franceabris.com\/BLOG\/wp-content\/uploads\/2020\/11\/carport-metallique-voiture-405x228.jpeg 405w, https:\/\/www.franceabris.com\/BLOG\/wp-content\/uploads\/2020\/11\/carport-metallique-voiture-173x98.jpeg 173w, https:\/\/www.franceabris.com\/BLOG\/wp-content\/uploads\/2020\/11\/carport-metallique-voiture-rotated.jpeg 640w\" sizes=\"(max-width: 607px) 100vw, 607px\" \/><\/a><figcaption id=\"caption-attachment-12018\" class=\"wp-caption-text\">Le bel abri voiture m\u00e9tallique de notre client est disponible, sans notre catalogue, \u00e0 la r\u00e9f\u00e9rence ID1795.<\/figcaption><\/figure>\n<h3 style=\"text-align: justify;\">Le kit : un carport m\u00e9tallique en alu, \u00e0 prix pas cher !<\/h3>\n<p style=\"text-align: justify;\">Mais \u00e0 l&rsquo;heure de faire son choix, pas facile de se d\u00e9cider parmi les tr\u00e8s nombreux kits de notre gamme d&rsquo;abris pour la voiture ! Finalement, c&rsquo;est un carport tr\u00e8s appr\u00e9ci\u00e9 de nos clients qui a remport\u00e9 ses suffrages. <strong>Un carport m\u00e9tallique, en aluminium pour \u00eatre plus pr\u00e9cis, disponible \u00e0 un prix pas cher<\/strong>, un tarif imbattable : moins de 1000\u20ac. Ce sont pr\u00e8s de 15 m\u00b2 qui sont abrit\u00e9s, avec 3,01 m de large pour 4,85 de profondeur, ce qui r\u00e9pondait au cahier des charges qu&rsquo;il avait d\u00e9fini. Le carport devant se glisser le long du garage, en bordure de terrain, il devait effectivement r\u00e9pondre \u00e0 une m\u00e9trique bien pr\u00e9cise. Sa couleur gris anthracite lui offre une discr\u00e9tion appr\u00e9ciable qui ne d\u00e9pare pas dans le bel environnement de son habitation sudiste&#8230; Le tout est garanti dix ans, ce qui laisse supposer une r\u00e9sistance et une long\u00e9vit\u00e9 tr\u00e8s appr\u00e9ciable !<\/p>\n<figure id=\"attachment_12019\" aria-describedby=\"caption-attachment-12019\" style=\"width: 437px\" class=\"wp-caption aligncenter\"><a href=\"https:\/\/www.franceabris.com\/53-carport-metal\"><img decoding=\"async\" loading=\"lazy\" class=\"wp-image-12019 size-large\" style=\"border: 1px solid #000000;\" src=\"https:\/\/www.franceabris.com\/BLOG\/wp-content\/uploads\/2020\/12\/abri-voiture-metallique-1795-437x437.jpg\" alt=\"abri voiture m\u00e9tal en alu\" width=\"437\" height=\"437\" srcset=\"https:\/\/www.franceabris.com\/BLOG\/wp-content\/uploads\/2020\/12\/abri-voiture-metallique-1795-437x437.jpg 437w, https:\/\/www.franceabris.com\/BLOG\/wp-content\/uploads\/2020\/12\/abri-voiture-metallique-1795-240x240.jpg 240w, https:\/\/www.franceabris.com\/BLOG\/wp-content\/uploads\/2020\/12\/abri-voiture-metallique-1795-98x98.jpg 98w, https:\/\/www.franceabris.com\/BLOG\/wp-content\/uploads\/2020\/12\/abri-voiture-metallique-1795.jpg 458w\" sizes=\"(max-width: 437px) 100vw, 437px\" \/><\/a><figcaption id=\"caption-attachment-12019\" class=\"wp-caption-text\">Diff\u00e9rentes mises en situation du carport de notre client. L&rsquo;alu dans tous ses \u00e9tats !<\/figcaption><\/figure>\n<h3 style=\"text-align: justify;\">Les atouts de ce carport m\u00e9tallique : prix r\u00e9duit, autonomie&#8230; et retour sur investissement garanti !<\/h3>\n<p style=\"text-align: justify;\">Les vertus de l&rsquo;aluminium sont \u00e0 l&rsquo;origine des principales qualit\u00e9s de l&rsquo;abri voiture choisi par notre client. Il faut dire qu&rsquo;il s&rsquo;agit d&rsquo;un mat\u00e9riau tr\u00e8s r\u00e9sistant aux intemp\u00e9ries, \u00e0 la corrosion&#8230; Un kit qui permet de dormir sur ses deux oreilles ! Cette solidit\u00e9 lui octroie une belle long\u00e9vit\u00e9, ce qui laisse imaginer un retour sur investissement difficilement \u00e9galable !<strong> Un kit pas cher \u00e0 moins de 1000 euros dont la dur\u00e9e de vie peut atteindre, voire d\u00e9passer 20 ans<\/strong>&#8230; Faites le calcul : dans ce sc\u00e9nario, le carport reviendrait \u00e0 quatre euros par mois. Le tout en permettant \u00e0 son propri\u00e9taire de s&rsquo;\u00e9viter les habituelles s\u00e9ances de traitement biennal des charpentes bois, les kits m\u00e9talliques ne r\u00e9clamant aucun entretien particulier. Autant dire que l&rsquo;on a, ici, un client heureux !<\/p>\n","protected":false},"excerpt":{"rendered":"<p>Le garage a ses vertus. Le carport aussi ! C&rsquo;est la conclusion a laquelle est parvenu l&rsquo;un de nos clients. Il avait \u00e9rig\u00e9 un beau garage en dur pour sa voiture ; il a, quelques ann\u00e9es plus tard, mont\u00e9 un carport alu m\u00e9tallique juste \u00e0 c\u00f4t\u00e9. La raison ? La fa\u00e7on qu&rsquo;a le carport de &hellip; <a href=\"https:\/\/www.franceabris.com\/BLOG\/le-carport-en-alu-en-complement-dun-garage-demonstration\/\" class=\"more-link\">Continuer la lecture de <span class=\"screen-reader-text\">Le carport en alu en compl\u00e9ment d&rsquo;un garage : d\u00e9monstration<\/span><\/a><\/p>\n","protected":false},"author":2,"featured_media":12016,"comment_status":"closed","ping_status":"closed","sticky":false,"template":"","format":"standard","meta":[],"categories":[3],"tags":[],"_links":{"self":[{"href":"https:\/\/www.franceabris.com\/BLOG\/wp-json\/wp\/v2\/posts\/12015"}],"collection":[{"href":"https:\/\/www.franceabris.com\/BLOG\/wp-json\/wp\/v2\/posts"}],"about":[{"href":"https:\/\/www.franceabris.com\/BLOG\/wp-json\/wp\/v2\/types\/post"}],"author":[{"embeddable":true,"href":"https:\/\/www.franceabris.com\/BLOG\/wp-json\/wp\/v2\/users\/2"}],"replies":[{"embeddable":true,"href":"https:\/\/www.franceabris.com\/BLOG\/wp-json\/wp\/v2\/comments?post=12015"}],"version-history":[{"count":0,"href":"https:\/\/www.franceabris.com\/BLOG\/wp-json\/wp\/v2\/posts\/12015\/revisions"}],"wp:featuredmedia":[{"embeddable":true,"href":"https:\/\/www.franceabris.com\/BLOG\/wp-json\/wp\/v2\/media\/12016"}],"wp:attachment":[{"href":"https:\/\/www.franceabris.com\/BLOG\/wp-json\/wp\/v2\/media?parent=12015"}],"wp:term":[{"taxonomy":"category","embeddable":true,"href":"https:\/\/www.franceabris.com\/BLOG\/wp-json\/wp\/v2\/categories?post=12015"},{"taxonomy":"post_tag","embeddable":true,"href":"https:\/\/www.franceabris.com\/BLOG\/wp-json\/wp\/v2\/tags?post=12015"}],"curies":[{"name":"wp","href":"https:\/\/api.w.org\/{rel}","templated":true}]}}