{"id":12047,"date":"2020-12-14T06:06:53","date_gmt":"2020-12-14T05:06:53","guid":{"rendered":"https:\/\/www.franceabris.com\/BLOG\/?p=12047"},"modified":"2020-11-09T13:14:35","modified_gmt":"2020-11-09T12:14:35","slug":"question-reponse-pourquoi-choisir-un-abri-de-jardin-en-composite-bois-et-ciment","status":"publish","type":"post","link":"https:\/\/www.franceabris.com\/BLOG\/question-reponse-pourquoi-choisir-un-abri-de-jardin-en-composite-bois-et-ciment\/","title":{"rendered":"Question\/R\u00e9ponse : pourquoi choisir un abri de jardin en composite bois et ciment ?"},"content":{"rendered":"<p style=\"text-align: justify;\">Pas besoin d&rsquo;argumenter longtemps pour exposer tout l&rsquo;int\u00e9r\u00eat d&rsquo;installer chez soi, dans son jardin, un abri de rangement. Cr\u00e9ation d&rsquo;espaces de stockage, organisation de votre ext\u00e9rieur, valorisation et am\u00e9nagement de celui-ci&#8230; Ce n&rsquo;est pas seulement une cabane que vous pourriez monter, mais deux ou trois &#8211; pour le potager, pour la piscine, pour les enfants&#8230; Pour autant, \u00e0 l&rsquo;heure d&rsquo;\u00e9voquer l&rsquo;abri jardin en bois composite, une question peut se poser :<\/p>\n<p style=\"text-align: justify;\"><strong>&#8211; Pourquoi choisir un cabanon bois et ciment plut\u00f4t qu&rsquo;un abri dans un mat\u00e9riau unique et traditionnel ?<\/strong><\/p>\n<p style=\"text-align: justify;\">On conna\u00eet d\u00e9j\u00e0 toutes les qualit\u00e9s du bois, que le cabanon soit en panneaux naturels ou en madriers. On a une id\u00e9e des vertus du m\u00e9tal, acier galvanis\u00e9 ou aluminium, et il est ais\u00e9 d&rsquo;imaginer comme la r\u00e9sine PVC peut rendre bien des services&#8230; Mais le bois et le ciment unis en un mat\u00e9riau composite ? Cela n\u00e9cessite quelques explications. Des explications qui mettront rapidement en valeur la fa\u00e7on dont ces cabanes de stockage s&rsquo;av\u00e8rent ultra-performantes.<\/p>\n<h2 style=\"text-align: justify;\">Un abri pour le jardin con\u00e7u en bois et en ciment : pourquoi choisir un mat\u00e9riau composite plut\u00f4t qu&rsquo;unique et traditionnel ? Les raisons sont nombreuses et offrent une cabane de rangement de tr\u00e8s haut-niveau.<\/h2>\n<p style=\"padding-left: 80px; text-align: justify;\">A la d\u00e9couverte de <span style=\"color: #ff9900;\"><a style=\"color: #ff9900;\" href=\"https:\/\/www.franceabris.com\/347-abri-jardin-bois-composite\" target=\"_blank\" rel=\"noopener noreferrer\">notre gamme d&rsquo;abris jardin en bois composite, li\u00e9s avec du ciment<\/a><\/span>. Le choix de la r\u00e9sistance et d&rsquo;une tr\u00e8s haute qualit\u00e9 !<\/p>\n<h3 style=\"text-align: justify;\">Raison n\u00b01 : parce que le composite bois et ciment offre le meilleur des deux \u00e0 l&rsquo;abri jardin<\/h3>\n<p style=\"text-align: justify;\">Un abri de jardin en bois, c&rsquo;est un cabanon g\u00e9n\u00e9ralement \u00e9l\u00e9gant, de belle facture, qui affiche des panneaux de bois ou des madriers pouvant se colorer. Mais qui r\u00e9clame aussi de l&rsquo;entretien : il s&rsquo;agit de le traiter r\u00e9guli\u00e8rement contre les insectes et l&rsquo;humidit\u00e9, de prot\u00e9ger sa teinte&#8230; C&rsquo;est ce soin, cette attention que vous lui accordez, ce coup d&rsquo;\u0153il que vous aurez pour rep\u00e9rer les \u00e9ventuelles faiblesses du bois qui vous permettra de faire durer votre cabane de rangement dans le temps. Le mariage du bois et du ciment vise \u00e0 simplifier tout cela : <strong>l&rsquo;abri jardin est constitu\u00e9 de panneaux de fa\u00e7ade en bois, qui sont li\u00e9s dans le ciment.<\/strong> Et ce mariage offre alors au bois une r\u00e9sistance toute particuli\u00e8re \u00e0 l&rsquo;humidit\u00e9, tout en le rendant inaccessible aux insectes. L&rsquo;ajout du ciment gomme donc ce qui pouvait nourrir les reproches \u00e0 faire au bois, tout en pr\u00e9servant ce qui fait qu&rsquo;on l&rsquo;appr\u00e9cie : son \u00e9l\u00e9gance, sa capacit\u00e9 \u00e0 \u00eatre color\u00e9, ses qualit\u00e9s thermiques&#8230;<\/p>\n<figure id=\"attachment_12033\" aria-describedby=\"caption-attachment-12033\" style=\"width: 607px\" class=\"wp-caption aligncenter\"><a href=\"https:\/\/www.franceabris.com\/347-abri-jardin-bois-composite\"><img decoding=\"async\" loading=\"lazy\" class=\"wp-image-12033 size-large\" style=\"border: 1px solid #000000;\" src=\"https:\/\/www.franceabris.com\/BLOG\/wp-content\/uploads\/2020\/11\/Riegel5-607x405.jpg\" alt=\"cabane bois et ciment pour l'ext\u00e9rieur\" width=\"607\" height=\"405\" srcset=\"https:\/\/www.franceabris.com\/BLOG\/wp-content\/uploads\/2020\/11\/Riegel5-607x405.jpg 607w, https:\/\/www.franceabris.com\/BLOG\/wp-content\/uploads\/2020\/11\/Riegel5-360x240.jpg 360w, https:\/\/www.franceabris.com\/BLOG\/wp-content\/uploads\/2020\/11\/Riegel5-147x98.jpg 147w, https:\/\/www.franceabris.com\/BLOG\/wp-content\/uploads\/2020\/11\/Riegel5-768x512.jpg 768w, https:\/\/www.franceabris.com\/BLOG\/wp-content\/uploads\/2020\/11\/Riegel5.jpg 1181w\" sizes=\"(max-width: 607px) 100vw, 607px\" \/><\/a><figcaption id=\"caption-attachment-12033\" class=\"wp-caption-text\">Cette charpente va accueillir des panneaux de fa\u00e7ade mariant le bois et le ciment. Un composite de grande qualit\u00e9 !<\/figcaption><\/figure>\n<h3 style=\"text-align: justify;\">Raison n\u00b02 : parce que la cabane bois et ciment affiche des fonctionnalit\u00e9s appr\u00e9ci\u00e9es<\/h3>\n<p style=\"text-align: justify;\">On ne choisit pas un cabanon pour son jardin uniquement en fonction de ses mat\u00e9riaux. Ce qui compte \u00e9galement, ce sont ses dimensions, ses ajouts fonctionnels, ses particularit\u00e9s&#8230; A ce titre, nos abris composite bois et ciment se distinguent sur plusieurs aspects. Les ouvertures, d&rsquo;abord, puisqu&rsquo;ils sont munis de minces et rectangulaires fen\u00eatres, tr\u00e8s design et discr\u00e8tes, mais \u00e9galement tr\u00e8s efficaces pour peu que l&rsquo;exposition soit avantageuse. La toiture, ensuite, parce que sa membrane autoadh\u00e9sive la rend tr\u00e8s performante et que sa charpente plate fait toute la diff\u00e9rence. Et oui, au lieu d&rsquo;une cabane de la forme d&rsquo;une maisonnette, <strong>vous avez ici un cabanon cubique ou parall\u00e9l\u00e9pip\u00e9dique offrant un volume de stockage id\u00e9al \u00e0 exploiter<\/strong> : que ce soit au sol ou dans sa verticalit\u00e9, vous pouvez tout optimiser pour vos besoins de rangements en utilisant toute la hauteur utile. Enfin, les portes de ces cabanes de stockage sont munies d&rsquo;une serrure et, donc, verrouillables. Essentiel si vous souhaitez faire assurer votre kit ! Dernier point : il est parfois possible de greffer un auvent \u00e0 ces cabanes&#8230; pour toujours plus de possibilit\u00e9s d&rsquo;am\u00e9nagements !<\/p>\n<figure id=\"attachment_12023\" aria-describedby=\"caption-attachment-12023\" style=\"width: 607px\" class=\"wp-caption aligncenter\"><a href=\"https:\/\/www.franceabris.com\/347-abri-jardin-bois-composite\"><img decoding=\"async\" loading=\"lazy\" class=\"wp-image-12023 size-large\" style=\"border: 1px solid #000000;\" src=\"https:\/\/www.franceabris.com\/BLOG\/wp-content\/uploads\/2020\/11\/abri-jardin-composite-3-607x412.jpg\" alt=\"abri bois et ciment pour le rangement\" width=\"607\" height=\"412\" srcset=\"https:\/\/www.franceabris.com\/BLOG\/wp-content\/uploads\/2020\/11\/abri-jardin-composite-3-607x412.jpg 607w, https:\/\/www.franceabris.com\/BLOG\/wp-content\/uploads\/2020\/11\/abri-jardin-composite-3-354x240.jpg 354w, https:\/\/www.franceabris.com\/BLOG\/wp-content\/uploads\/2020\/11\/abri-jardin-composite-3-145x98.jpg 145w, https:\/\/www.franceabris.com\/BLOG\/wp-content\/uploads\/2020\/11\/abri-jardin-composite-3-768x521.jpg 768w, https:\/\/www.franceabris.com\/BLOG\/wp-content\/uploads\/2020\/11\/abri-jardin-composite-3.jpg 1000w\" sizes=\"(max-width: 607px) 100vw, 607px\" \/><\/a><figcaption id=\"caption-attachment-12023\" class=\"wp-caption-text\">Et si votre abri composite \u00e9tait muni d&rsquo;un auvent ? Pratique, non ?!<\/figcaption><\/figure>\n<h3 style=\"text-align: justify;\">Raison n\u00b03 : pour un cabanon au volume de stockage renforc\u00e9<\/h3>\n<p style=\"text-align: justify;\">Notre gamme d\u00e9di\u00e9e \u00e0 ces abris rassemble diff\u00e9rents kits aux caract\u00e9ristiques divergentes. Notamment par leurs dimensions et, donc, leur volume de stockage. Vous pourrez donc choisir entre un mod\u00e8le de 4 m\u00b2, par exemple, parfait lorsqu&rsquo;on souhaite avoir le minimum de d\u00e9marches administratives possibles. Ou de plus de 8 m\u00b2 pour avoir \u00e0 disposition un v\u00e9ritable et complet espace de rangement, voire de bricolage. Coffres de rangement, armoires, \u00e9tag\u00e8res&#8230; Ce mobilier permettra de <strong>tirer la quintessence de votre cabane en exploitant tout le volume disponible<\/strong> &#8211; maximis\u00e9, comme \u00e9voqu\u00e9 ci-dessus, gr\u00e2ce au toit plat. Pratique !<\/p>\n","protected":false},"excerpt":{"rendered":"<p>Pas besoin d&rsquo;argumenter longtemps pour exposer tout l&rsquo;int\u00e9r\u00eat d&rsquo;installer chez soi, dans son jardin, un abri de rangement. Cr\u00e9ation d&rsquo;espaces de stockage, organisation de votre ext\u00e9rieur, valorisation et am\u00e9nagement de celui-ci&#8230; Ce n&rsquo;est pas seulement une cabane que vous pourriez monter, mais deux ou trois &#8211; pour le potager, pour la piscine, pour les enfants&#8230; &hellip; <a href=\"https:\/\/www.franceabris.com\/BLOG\/question-reponse-pourquoi-choisir-un-abri-de-jardin-en-composite-bois-et-ciment\/\" class=\"more-link\">Continuer la lecture de <span class=\"screen-reader-text\">Question\/R\u00e9ponse : pourquoi choisir un abri de jardin en composite bois et ciment ?<\/span><\/a><\/p>\n","protected":false},"author":2,"featured_media":12048,"comment_status":"closed","ping_status":"closed","sticky":false,"template":"","format":"standard","meta":[],"categories":[3],"tags":[],"_links":{"self":[{"href":"https:\/\/www.franceabris.com\/BLOG\/wp-json\/wp\/v2\/posts\/12047"}],"collection":[{"href":"https:\/\/www.franceabris.com\/BLOG\/wp-json\/wp\/v2\/posts"}],"about":[{"href":"https:\/\/www.franceabris.com\/BLOG\/wp-json\/wp\/v2\/types\/post"}],"author":[{"embeddable":true,"href":"https:\/\/www.franceabris.com\/BLOG\/wp-json\/wp\/v2\/users\/2"}],"replies":[{"embeddable":true,"href":"https:\/\/www.franceabris.com\/BLOG\/wp-json\/wp\/v2\/comments?post=12047"}],"version-history":[{"count":0,"href":"https:\/\/www.franceabris.com\/BLOG\/wp-json\/wp\/v2\/posts\/12047\/revisions"}],"wp:featuredmedia":[{"embeddable":true,"href":"https:\/\/www.franceabris.com\/BLOG\/wp-json\/wp\/v2\/media\/12048"}],"wp:attachment":[{"href":"https:\/\/www.franceabris.com\/BLOG\/wp-json\/wp\/v2\/media?parent=12047"}],"wp:term":[{"taxonomy":"category","embeddable":true,"href":"https:\/\/www.franceabris.com\/BLOG\/wp-json\/wp\/v2\/categories?post=12047"},{"taxonomy":"post_tag","embeddable":true,"href":"https:\/\/www.franceabris.com\/BLOG\/wp-json\/wp\/v2\/tags?post=12047"}],"curies":[{"name":"wp","href":"https:\/\/api.w.org\/{rel}","templated":true}]}}