{"id":12050,"date":"2020-12-31T06:06:52","date_gmt":"2020-12-31T05:06:52","guid":{"rendered":"https:\/\/www.franceabris.com\/BLOG\/?p=12050"},"modified":"2026-03-18T16:29:20","modified_gmt":"2026-03-18T15:29:20","slug":"vivre-dans-son-abri-le-chalet-ou-la-cabane-de-jardin-comme-une-piece-et-beaucoup-plus","status":"publish","type":"post","link":"https:\/\/www.franceabris.com\/BLOG\/vivre-dans-son-abri-le-chalet-ou-la-cabane-de-jardin-comme-une-piece-et-beaucoup-plus\/","title":{"rendered":"Vivre dans son abri : le chalet ou la cabane de jardin comme une pi\u00e8ce&#8230; et beaucoup plus !"},"content":{"rendered":"<p style=\"text-align: justify;\"><em>\u00ab\u00a0Pos\u00e9e au bord d&rsquo;un \u00e9tang, une cabane au fond des bois qu&rsquo;Arnaud a construit de ses mains pour pouvoir y passer des soir\u00e9es en famille. L&rsquo;aventure \u00e0 seulement 100 m\u00e8tres de chez lui.\u00a0\u00bb<\/em> C&rsquo;est par ces mots que d\u00e9bute le reportage de Zone Interdite sur le cr\u00e9ateur d&rsquo;une cabane entre les arbres, un mini-chalet lumineux ouvert sur une campagne luxuriante. Dans cet \u00e9pisode du c\u00e9l\u00e8bre magazine t\u00e9l\u00e9, diffus\u00e9 en octobre, les abris sont en effet \u00e0 la f\u00eate. Un cabanon en bord de plage, <strong>un abri jardin transform\u00e9 en espace de vie pendant le confinement<\/strong>&#8230;<\/p>\n<p style=\"text-align: justify;\">Ce n&rsquo;est pas faute de vous le r\u00e9p\u00e9ter : oui, une cabane en bois ou en composite <strong>peut \u00eatre beaucoup plus qu&rsquo;un simple et traditionnel espace de rangement<\/strong>. Am\u00e9nag\u00e9e \u00e0 dessein avec, en plus, l&rsquo;\u00e9lectricit\u00e9 et une r\u00e9isolation (m\u00eame si ce n&rsquo;est pas une n\u00e9cessit\u00e9 selon l&rsquo;usage et les r\u00e9gions), cette maisonnette peut offrir de nouvelles perspectives d&rsquo;autant plus bienvenues en ces temps troubl\u00e9s et incertains. Comment proc\u00e8dent ceux qui transforment leur abri de stockage en pi\u00e8ce \u00e0 vivre ?<\/p>\n<p style=\"text-align: justify;\">Ce reportage donne des id\u00e9es. Suivez le guide !<\/p>\n<h2 style=\"text-align: justify;\">Un abri de jardin peut \u00eatre une pi\u00e8ce \u00e0 vivre. Focus sur les id\u00e9es et les initiatives qui peuvent permettre de transformer sa cabane en kit en chalet o\u00f9 il fait bon se d\u00e9tendre ou travailler !<\/h2>\n<p style=\"padding-left: 160px; text-align: justify;\">Jetez un coup d&rsquo;\u0153il \u00e0 <span style=\"color: #ff9900;\"><a style=\"color: #ff9900;\" href=\"https:\/\/www.franceabris.com\/107-abri-jardin-bois\" target=\"_blank\" rel=\"noopener noreferrer\">notre gamme abri jardin bois<\/a><\/span>, mais aussi \u00e0 cette autre consacr\u00e9e <span style=\"color: #ff9900;\"><a style=\"color: #ff9900;\" href=\"https:\/\/www.franceabris.com\/74-chalet-bois\" target=\"_blank\" rel=\"noopener noreferrer\">au chalet en madriers<\/a><\/span>. Vous trouverez des kits \u00e0 m\u00eame d&rsquo;\u00eatre transform\u00e9s en pi\u00e8ce \u00e0 vivre, extension de votre habitation principale en ext\u00e9rieur.<\/p>\n<h3 style=\"text-align: justify;\">Une cabane au fond du jardin, le chalet pour vivre diff\u00e9remment<\/h3>\n<p style=\"text-align: justify;\">C&rsquo;est une id\u00e9e lorsqu&rsquo;on habite \u00e0 la campagne et qu&rsquo;on a du terrain, voire quelques bois ou bosquets d&rsquo;arbres&#8230; Installer une cabane en madriers en pleine v\u00e9g\u00e9tation afin de s&rsquo;offrir une vraie d\u00e9connexion passag\u00e8re. Zone Interdite prend ainsi l&rsquo;exemple d&rsquo;Arnaud, un bricoleur qui a construit une cabane habitable de 15 m\u00b2 avec des planches, des troncs et des mat\u00e9riaux de r\u00e9cup&rsquo;. Le clou du spectacle ? Des fen\u00eatres en grand nombre r\u00e9cup\u00e9r\u00e9es alors qu&rsquo;elles allaient \u00eatre jet\u00e9es. En assemblant ces derni\u00e8res, Arnaud a cr\u00e9\u00e9<strong> une vaste et splendide baie vitr\u00e9e dans sa cabane<\/strong>, pour une luminosit\u00e9 maximale et un sentiment d&rsquo;immersion total. Son projet, \u00e0 l&rsquo;origine ? Profiter de cette cabane pour passer de bons moments en famille, des nuits en pleine campagne, au plus pr\u00e8s de la nature&#8230; Si lui a cr\u00e9\u00e9 de ses mains son petit chalet forestier, il existe <span style=\"color: #ff9900;\"><a style=\"color: #ff9900;\" href=\"https:\/\/www.franceabris.com\/340-abri-de-jardin-bois-avec-baie-vitree-alu\" target=\"_blank\" rel=\"noopener noreferrer\">des solutions d&rsquo;abris en kit avec de tr\u00e8s belles ouvertures en baies vitr\u00e9es<\/a><\/span> pour s&rsquo;offrir une situation similaire !<\/p>\n<p style=\"text-align: center;\"><iframe loading=\"lazy\" style=\"border: none; overflow: hidden;\" src=\"https:\/\/www.facebook.com\/plugins\/video.php?href=https%3A%2F%2Fwww.facebook.com%2FM6%2Fvideos%2F488898655422740%2F&amp;show_text=0&amp;width=476\" width=\"476\" height=\"476\" frameborder=\"0\" scrolling=\"no\" allowfullscreen=\"allowfullscreen\"><\/iframe><\/p>\n<h3 style=\"text-align: justify;\">Un abri transform\u00e9 en salon d&rsquo;ext\u00e9rieur pendant le confinement<\/h3>\n<p style=\"text-align: justify;\">Mais le reportage se penche aussi sur une initiative \u00e0 la port\u00e9e de tous ceux qui ont un abri dans leur jardin&#8230; Durant le confinement, <strong>certains ont am\u00e9nag\u00e9 leur cabanon en salon d&rsquo;ext\u00e9rieur, en petite pi\u00e8ce \u00e0 vivre<\/strong>, en espace de lecture et de d\u00e9tente. Forc\u00e9ment, lorsqu&rsquo;on est bloqu\u00e9 chez soi et que ses d\u00e9placements sont limit\u00e9s, on a tendance \u00e0 tourner en rond. Et, avec des enfants \u00e0 la maison, il est parfois difficile de trouver le calme&#8230; L&rsquo;abri r\u00e9am\u00e9nag\u00e9 en chalet dans le jardin offre une petite porte de secours. En y jetant des coussins, des matelas, en travaillant la d\u00e9co et en rendant le tout chaleureux et accueillant, on peut le transformer en v\u00e9ritable havre de paix. Pour se ressourcer&#8230; ou amener la famille \u00e0 changer de cadre le temps d&rsquo;une nuit ou d&rsquo;une soir\u00e9e. Une bonne id\u00e9e qui ne co\u00fbte pas grand-chose si ce n&rsquo;est un peu d&rsquo;huile de coude&#8230; et peut occuper quelques week-ends confin\u00e9s en famille !<\/p>\n<p><img decoding=\"async\" loading=\"lazy\" class=\"aligncenter wp-image-12052 size-large\" style=\"border: 1px solid #000000;\" src=\"https:\/\/www.franceabris.com\/BLOG\/wp-content\/uploads\/2020\/11\/zone-interdite-cabane-jardin-607x334.jpg\" alt=\"abri jardin comme pi\u00e8ce \u00e0 vivre\" width=\"607\" height=\"334\" srcset=\"https:\/\/www.franceabris.com\/BLOG\/wp-content\/uploads\/2020\/11\/zone-interdite-cabane-jardin-607x334.jpg 607w, https:\/\/www.franceabris.com\/BLOG\/wp-content\/uploads\/2020\/11\/zone-interdite-cabane-jardin-405x223.jpg 405w, https:\/\/www.franceabris.com\/BLOG\/wp-content\/uploads\/2020\/11\/zone-interdite-cabane-jardin-173x95.jpg 173w, https:\/\/www.franceabris.com\/BLOG\/wp-content\/uploads\/2020\/11\/zone-interdite-cabane-jardin-768x422.jpg 768w, https:\/\/www.franceabris.com\/BLOG\/wp-content\/uploads\/2020\/11\/zone-interdite-cabane-jardin.jpg 1385w\" sizes=\"(max-width: 607px) 100vw, 607px\" \/><\/p>\n<h2 style=\"text-align: justify;\">Exemple d&rsquo;un chalet pr\u00eat \u00e0 vivre : la cabane est en madriers de bois, une surface suffisante, des ouvertures&#8230; Votre coin de paradis en kit dans le jardin !<\/h2>\n<p style=\"padding-left: 160px; text-align: justify;\">Le kit de chalet pr\u00e9sent\u00e9 ci-dessous est disponible sous la r\u00e9f\u00e9rence ID4375. Les baies vitr\u00e9es assurent une belle luminosit\u00e9 !<\/p>\n<h3 style=\"text-align: justify;\">Un abri en madriers de bois avec baies vitr\u00e9es : une salle de jeux ou de d\u00e9tente en ext\u00e9rieur<\/h3>\n<p style=\"text-align: justify;\"><strong>Nul besoin qu&rsquo;un abri de jardin soit un v\u00e9ritable chalet pour \u00eatre transform\u00e9 en pi\u00e8ce \u00e0 vivre.<\/strong> L&rsquo;important, c&rsquo;est surtout qu&rsquo;il soit con\u00e7u en madriers dont l&rsquo;\u00e9paisseur permettra de multiplier les usages. Plus les madriers sont minces, moins l&rsquo;isolation et la r\u00e9gulation thermique naturelle sont bonnes&#8230; plus vous \u00eates donc limit\u00e9s dans l&rsquo;utilisation s\u00e9dentaire de l&rsquo;abri. Mais il va sans dire qu&rsquo;entre dormir en plein hiver dans son cabanon au fin fond de la Meurthe-et-Moselle et passer une nuit de temps en temps dans une cabane en plein \u00e9t\u00e9 dans l&rsquo;H\u00e9rault, ce n&rsquo;est pas la m\u00eame chose&#8230; <span style=\"color: #ff9900;\"><a style=\"color: #ff9900;\" href=\"https:\/\/www.franceabris.com\/74-chalet-bois\" target=\"_blank\" rel=\"noopener noreferrer\">Au rayon des chalets de jardin sur notre site<\/a><\/span>, vous trouverez de tr\u00e8s nombreux kits \u00e0 m\u00eame de vous accueillir pour des projets d\u00e9tente. Un exemple avec l&rsquo;abri ci-dessous \u2b07\ufe0f<\/p>\n<figure id=\"attachment_12053\" aria-describedby=\"caption-attachment-12053\" style=\"width: 397px\" class=\"wp-caption aligncenter\"><a href=\"https:\/\/www.franceabris.com\/340-abri-de-jardin-bois-avec-baie-vitree-alu\"><img decoding=\"async\" loading=\"lazy\" class=\"wp-image-12053 size-full\" style=\"border: 1px solid #000000;\" src=\"https:\/\/www.franceabris.com\/BLOG\/wp-content\/uploads\/2020\/11\/4375-chalet-bois-baies-vitrees.jpg\" alt=\"chalet \u00e0 vivre en madriers de bois\" width=\"397\" height=\"291\" srcset=\"https:\/\/www.franceabris.com\/BLOG\/wp-content\/uploads\/2020\/11\/4375-chalet-bois-baies-vitrees.jpg 397w, https:\/\/www.franceabris.com\/BLOG\/wp-content\/uploads\/2020\/11\/4375-chalet-bois-baies-vitrees-327x240.jpg 327w, https:\/\/www.franceabris.com\/BLOG\/wp-content\/uploads\/2020\/11\/4375-chalet-bois-baies-vitrees-134x98.jpg 134w\" sizes=\"(max-width: 397px) 100vw, 397px\" \/><\/a><figcaption id=\"caption-attachment-12053\" class=\"wp-caption-text\">Ce chalet en madriers de bois avec ces belles baies vitr\u00e9es est disponible sous la r\u00e9f\u00e9rence ID4375 sur notre site.<\/figcaption><\/figure>\n<p style=\"text-align: justify;\">Cette cabane tient plus du salon d&rsquo;ext\u00e9rieur que de la petite construction dans les arbres. Pour autant, elle offrira un plaisir largement similaire ! Install\u00e9e entre vos ch\u00eanes, vos bambous ou vos \u00e9pic\u00e9as, sur votre terrain, dans un bois, au milieu d&rsquo;un pr\u00e9, dans votre verger&#8230; C&rsquo;est vous qui voyez, mais <strong>ses baies vitr\u00e9es offrent typiquement la m\u00eame sensation d&rsquo;immersion que celles du chalet bricol\u00e9 par Arnaud<\/strong>, dans le reportage de Zone Interdite. 9 m\u00b2, soit l&rsquo;\u00e9quivalent d&rsquo;une petite pi\u00e8ce : il ne reste plus qu&rsquo;\u00e0 int\u00e9grer des pleines \u00e9tag\u00e8res de vieux bouquins, jeter quelques coussins moelleux au sol, voire tirer l&rsquo;\u00e9lectricit\u00e9 afin d&rsquo;int\u00e9grer un petit r\u00e9troprojecteur pour des soir\u00e9es cin\u00e9s bucoliques !<\/p>\n<p style=\"text-align: justify;\">Du plaisir en madriers !<\/p>\n","protected":false},"excerpt":{"rendered":"<p>\u00ab\u00a0Pos\u00e9e au bord d&rsquo;un \u00e9tang, une cabane au fond des bois qu&rsquo;Arnaud a construit de ses mains pour pouvoir y passer des soir\u00e9es en famille. L&rsquo;aventure \u00e0 seulement 100 m\u00e8tres de chez lui.\u00a0\u00bb C&rsquo;est par ces mots que d\u00e9bute le reportage de Zone Interdite sur le cr\u00e9ateur d&rsquo;une cabane entre les arbres, un mini-chalet lumineux &hellip; <a href=\"https:\/\/www.franceabris.com\/BLOG\/vivre-dans-son-abri-le-chalet-ou-la-cabane-de-jardin-comme-une-piece-et-beaucoup-plus\/\" class=\"more-link\">Continuer la lecture de <span class=\"screen-reader-text\">Vivre dans son abri : le chalet ou la cabane de jardin comme une pi\u00e8ce&#8230; et beaucoup plus !<\/span><\/a><\/p>\n","protected":false},"author":2,"featured_media":12051,"comment_status":"closed","ping_status":"closed","sticky":false,"template":"","format":"standard","meta":[],"categories":[3],"tags":[],"_links":{"self":[{"href":"https:\/\/www.franceabris.com\/BLOG\/wp-json\/wp\/v2\/posts\/12050"}],"collection":[{"href":"https:\/\/www.franceabris.com\/BLOG\/wp-json\/wp\/v2\/posts"}],"about":[{"href":"https:\/\/www.franceabris.com\/BLOG\/wp-json\/wp\/v2\/types\/post"}],"author":[{"embeddable":true,"href":"https:\/\/www.franceabris.com\/BLOG\/wp-json\/wp\/v2\/users\/2"}],"replies":[{"embeddable":true,"href":"https:\/\/www.franceabris.com\/BLOG\/wp-json\/wp\/v2\/comments?post=12050"}],"version-history":[{"count":0,"href":"https:\/\/www.franceabris.com\/BLOG\/wp-json\/wp\/v2\/posts\/12050\/revisions"}],"wp:featuredmedia":[{"embeddable":true,"href":"https:\/\/www.franceabris.com\/BLOG\/wp-json\/wp\/v2\/media\/12051"}],"wp:attachment":[{"href":"https:\/\/www.franceabris.com\/BLOG\/wp-json\/wp\/v2\/media?parent=12050"}],"wp:term":[{"taxonomy":"category","embeddable":true,"href":"https:\/\/www.franceabris.com\/BLOG\/wp-json\/wp\/v2\/categories?post=12050"},{"taxonomy":"post_tag","embeddable":true,"href":"https:\/\/www.franceabris.com\/BLOG\/wp-json\/wp\/v2\/tags?post=12050"}],"curies":[{"name":"wp","href":"https:\/\/api.w.org\/{rel}","templated":true}]}}