{"id":12114,"date":"2021-01-18T06:06:16","date_gmt":"2021-01-18T05:06:16","guid":{"rendered":"https:\/\/www.franceabris.com\/BLOG\/?p=12114"},"modified":"2020-12-04T19:18:01","modified_gmt":"2020-12-04T18:18:01","slug":"bucher-un-abri-et-plus-que-ca","status":"publish","type":"post","link":"https:\/\/www.franceabris.com\/BLOG\/bucher-un-abri-et-plus-que-ca\/","title":{"rendered":"B\u00fbcher : un abri&#8230; et plus que \u00e7a !"},"content":{"rendered":"<p style=\"text-align: justify;\"><strong>Le b\u00fbcher n&rsquo;a jamais \u00e9t\u00e9 aussi tendance !<\/strong> Il faut dire que les po\u00eales et chemin\u00e9es r\u00e9investissent nos int\u00e9rieurs&#8230; Et qu&rsquo;en cette saison hivernale, on ne pense qu&rsquo;\u00e0 une chose : se mettre au chaud.<\/p>\n<p style=\"text-align: justify;\">Ah, quoi de plus agr\u00e9able que de se poser un instant devant une bonne flamb\u00e9e apr\u00e8s un trajet frigorifiant ! Le plaisir, le confort&#8230; et les \u00e9conomies ! Car <span style=\"color: #ff9900;\"><a style=\"color: #ff9900;\" href=\"https:\/\/www.20minutes.fr\/economie\/2898799-20201102-bois-de-chauffage-concilier-economies-et-ecologie\" target=\"_blank\" rel=\"noopener noreferrer\">si l&rsquo;on revient au po\u00eale et \u00e0 la chemin\u00e9e, c&rsquo;est aussi parce que l&rsquo;\u00e9lectricit\u00e9, comme le gaz, grimpe chaque ann\u00e9e<\/a><\/span> &#8211; et nos factures avec. A ce titre, se chauffer en compl\u00e9ment en achetant quelques st\u00e8res de bois au d\u00e9but de l&rsquo;hiver, permet de varier et de limiter ses d\u00e9penses d&rsquo;\u00e9nergie.<\/p>\n<p style=\"text-align: justify;\">Mais, s&rsquo;il faut \u00eatre \u00e9quip\u00e9 pour faire flamber ses b\u00fbches, il faut aussi l&rsquo;\u00eatre pour les stocker. L&rsquo;abri b\u00fbcher s&rsquo;impose alors comme un investissement quasi-n\u00e9cessaire. Un investissement mesur\u00e9&#8230; <strong>Il s&rsquo;agit d&rsquo;un petit abri en kit, g\u00e9n\u00e9ralement pas cher,<\/strong> qui se monte facilement et n&rsquo;importe o\u00f9. Et qui peut rendre bien des services ! D\u00e9monstration.<\/p>\n<h2 style=\"text-align: justify;\">Un abri b\u00fbcher permet de stocker ses st\u00e8res de bois. Mais rend \u00e9galement bien d&rsquo;autres services ! Un investissement n\u00e9cessaire lorsqu&rsquo;on a un po\u00eale ou une chemin\u00e9e&#8230;<\/h2>\n<p style=\"padding-left: 160px; text-align: justify;\"><em>Sur notre site,<\/em> <span style=\"color: #ff9900;\"><a style=\"color: #ff9900;\" href=\"https:\/\/www.franceabris.com\/203-abri-bois-et-bucher\" target=\"_blank\" rel=\"noopener noreferrer\">d\u00e9couvrez diff\u00e9rents kits de b\u00fbchers et d&rsquo;abris stockage pour le bois<\/a><\/span> <em>! Des petites structures bien pratiques, pas ch\u00e8res, qui se montent facilement&#8230; Le genre d&rsquo;investissement qu&rsquo;on ne peut pas regretter !<\/em><\/p>\n<h3 style=\"text-align: justify;\">Le b\u00fbcher traditionnel : un abri en bois pour stocker les b\u00fbches<\/h3>\n<p style=\"text-align: justify;\"><strong>Le b\u00fbcher traditionnel prend une forme toute simple, mais diablement efficace.<\/strong> Il s&rsquo;agit d&rsquo;un abri constitu\u00e9 d&rsquo;une couverture, mont\u00e9e sur un nombre de poteaux variable en fonction des dimensions du mod\u00e8le. Des bardages lat\u00e9raux sont g\u00e9n\u00e9ralement pr\u00e9sents pour prot\u00e9ger lat\u00e9ralement les st\u00e8res de bois. L&rsquo;objectif de cette petite installation : permettre d&rsquo;entreposer les b\u00fbches en les abritant de la pluie et des intemp\u00e9ries&#8230; mais en leur assurant une bonne ventilation. Un b\u00fbcher pr\u00e9vu pour six st\u00e8res fera, environ, 3 m\u00b2 avec une hauteur entre 1,92 m et 2,08m. Un petit format, donc ! Qui pr\u00e9sente de nombreux avantages :<\/p>\n<figure id=\"attachment_12115\" aria-describedby=\"caption-attachment-12115\" style=\"width: 397px\" class=\"wp-caption aligncenter\"><a href=\"https:\/\/www.franceabris.com\/203-abri-bois-et-bucher\"><img decoding=\"async\" loading=\"lazy\" class=\"wp-image-12115 size-full\" style=\"border: 1px solid #000000;\" src=\"https:\/\/www.franceabris.com\/BLOG\/wp-content\/uploads\/2020\/12\/2249-stockage-buches.jpg\" alt=\"b\u00fbcher pour des st\u00e8res de bois\" width=\"397\" height=\"291\" srcset=\"https:\/\/www.franceabris.com\/BLOG\/wp-content\/uploads\/2020\/12\/2249-stockage-buches.jpg 397w, https:\/\/www.franceabris.com\/BLOG\/wp-content\/uploads\/2020\/12\/2249-stockage-buches-327x240.jpg 327w, https:\/\/www.franceabris.com\/BLOG\/wp-content\/uploads\/2020\/12\/2249-stockage-buches-134x98.jpg 134w\" sizes=\"(max-width: 397px) 100vw, 397px\" \/><\/a><figcaption id=\"caption-attachment-12115\" class=\"wp-caption-text\">Ce b\u00fbcher est disponible sous la r\u00e9f\u00e9rence ID2249 sur notre site.<\/figcaption><\/figure>\n<ul>\n<li style=\"text-align: justify;\"><strong>Sa petite taille<\/strong> et son toit monopente lui permet de se glisser le long de la maison, de fa\u00e7on tr\u00e8s discr\u00e8te.<\/li>\n<li style=\"text-align: justify;\"><strong>Les abris couvrant moins de 5 m\u00b2<\/strong> de surface de plancher ou d&#8217;emprise au sol ne r\u00e9clament aucune d\u00e9claration pr\u00e9alable de travaux (et pas de permis de construire non plus, \u00e9videmment).<\/li>\n<li style=\"text-align: justify;\"><strong>Le prix n&rsquo;est pas cher<\/strong>, avec des mod\u00e8les pour six \u00e0 20 st\u00e8res de bois disponibles pour quelques centaines d&rsquo;euros. Rapport\u00e9e \u00e0 leurs longues ann\u00e9es d&rsquo;utilisation, cette somme se trouvera forc\u00e9ment amortie !<\/li>\n<\/ul>\n<h3 style=\"text-align: justify;\">Quand votre kit devient un v\u00e9ritable abri de stockage en bois<\/h3>\n<p style=\"text-align: justify;\">Mais <strong>le b\u00fbcher peut prendre des formes diverses et devenir un v\u00e9ritable abri pour le jardin<\/strong>. C&rsquo;est le cas du mod\u00e8le ci-dessous, disponible sur notre site. Ce dernier pr\u00e9sente un formidable int\u00e9r\u00eat : il n&rsquo;est absolument pas r\u00e9duit dans ses fonctions. Con\u00e7u comme un abri b\u00fbches, il doit pouvoir accueillir vos st\u00e8res. Mais, couvrant 7,5 m\u00b2 au sol, il permet \u00e9galement de stocker votre outillage de jardin et du mat\u00e9riel divers. Une brouette, la tondeuse, un motoculteur, le taille-haie&#8230; L&rsquo;int\u00e9r\u00eat d&rsquo;un tel kit ? Sa dur\u00e9e de vie. Un b\u00fbcher traditionnel pourra toujours se r\u00e9inventer et \u00eatre transform\u00e9 en abri v\u00e9los, par exemple, ou petite structure de stockage. Mais cette potentialit\u00e9 est magnifi\u00e9e avec ce kit en madriers : plus qu&rsquo;un espace de stockage, il est un toit d&rsquo;appoint, de compl\u00e9ment, solide et r\u00e9sistant, esth\u00e9tique et performant.<\/p>\n<figure id=\"attachment_12116\" aria-describedby=\"caption-attachment-12116\" style=\"width: 397px\" class=\"wp-caption aligncenter\"><a href=\"https:\/\/www.franceabris.com\/203-abri-bois-et-bucher\"><img decoding=\"async\" loading=\"lazy\" class=\"wp-image-12116 size-full\" style=\"border: 1px solid #000000;\" src=\"https:\/\/www.franceabris.com\/BLOG\/wp-content\/uploads\/2020\/12\/4696-abri-rangement-bucher.jpg\" alt=\"abri rangement b\u00fbches en bois\" width=\"397\" height=\"291\" srcset=\"https:\/\/www.franceabris.com\/BLOG\/wp-content\/uploads\/2020\/12\/4696-abri-rangement-bucher.jpg 397w, https:\/\/www.franceabris.com\/BLOG\/wp-content\/uploads\/2020\/12\/4696-abri-rangement-bucher-327x240.jpg 327w, https:\/\/www.franceabris.com\/BLOG\/wp-content\/uploads\/2020\/12\/4696-abri-rangement-bucher-134x98.jpg 134w\" sizes=\"(max-width: 397px) 100vw, 397px\" \/><\/a><figcaption id=\"caption-attachment-12116\" class=\"wp-caption-text\">Ce beau b\u00fbcher, qui sert d&rsquo;abri de rangement et stockage, est disponible sous la r\u00e9f\u00e9rence ID4696 dans notre catalogue.<\/figcaption><\/figure>\n<p style=\"text-align: justify;\">Ses nombreux atouts, en r\u00e9sum\u00e9 :<\/p>\n<ul>\n<li style=\"text-align: justify;\"><strong>Une structure plus solide<\/strong> qu&rsquo;un b\u00fbcher classique gr\u00e2ce \u00e0 ses \u00e9pais madriers.<\/li>\n<li style=\"text-align: justify;\"><strong>Une surface assez vaste<\/strong>, permettant des am\u00e9nagements compl\u00e9mentaires pour en faire un v\u00e9ritable abri de jardin.<\/li>\n<li style=\"text-align: justify;\"><strong>Une esth\u00e9tique de haut-niveau<\/strong> qui en fera un argument valorisant pour votre ext\u00e9rieur.<\/li>\n<li style=\"text-align: justify;\"><strong>Une cabane pour organiser<\/strong> et ordonner sa maison et son terrain, lib\u00e9rer de la place en int\u00e9rieur et centraliser tous les outils et le mat\u00e9riel de jardinage.<\/li>\n<\/ul>\n<p style=\"text-align: justify;\">Alors, en cet hiver, pensez-y, profitez-en : ces mod\u00e8les vous faciliteront la vie au quotidien !<\/p>\n","protected":false},"excerpt":{"rendered":"<p>Le b\u00fbcher n&rsquo;a jamais \u00e9t\u00e9 aussi tendance ! Il faut dire que les po\u00eales et chemin\u00e9es r\u00e9investissent nos int\u00e9rieurs&#8230; Et qu&rsquo;en cette saison hivernale, on ne pense qu&rsquo;\u00e0 une chose : se mettre au chaud. Ah, quoi de plus agr\u00e9able que de se poser un instant devant une bonne flamb\u00e9e apr\u00e8s un trajet frigorifiant ! &hellip; <a href=\"https:\/\/www.franceabris.com\/BLOG\/bucher-un-abri-et-plus-que-ca\/\" class=\"more-link\">Continuer la lecture de <span class=\"screen-reader-text\">B\u00fbcher : un abri&#8230; et plus que \u00e7a !<\/span><\/a><\/p>\n","protected":false},"author":2,"featured_media":12117,"comment_status":"closed","ping_status":"closed","sticky":false,"template":"","format":"standard","meta":[],"categories":[3],"tags":[],"_links":{"self":[{"href":"https:\/\/www.franceabris.com\/BLOG\/wp-json\/wp\/v2\/posts\/12114"}],"collection":[{"href":"https:\/\/www.franceabris.com\/BLOG\/wp-json\/wp\/v2\/posts"}],"about":[{"href":"https:\/\/www.franceabris.com\/BLOG\/wp-json\/wp\/v2\/types\/post"}],"author":[{"embeddable":true,"href":"https:\/\/www.franceabris.com\/BLOG\/wp-json\/wp\/v2\/users\/2"}],"replies":[{"embeddable":true,"href":"https:\/\/www.franceabris.com\/BLOG\/wp-json\/wp\/v2\/comments?post=12114"}],"version-history":[{"count":0,"href":"https:\/\/www.franceabris.com\/BLOG\/wp-json\/wp\/v2\/posts\/12114\/revisions"}],"wp:featuredmedia":[{"embeddable":true,"href":"https:\/\/www.franceabris.com\/BLOG\/wp-json\/wp\/v2\/media\/12117"}],"wp:attachment":[{"href":"https:\/\/www.franceabris.com\/BLOG\/wp-json\/wp\/v2\/media?parent=12114"}],"wp:term":[{"taxonomy":"category","embeddable":true,"href":"https:\/\/www.franceabris.com\/BLOG\/wp-json\/wp\/v2\/categories?post=12114"},{"taxonomy":"post_tag","embeddable":true,"href":"https:\/\/www.franceabris.com\/BLOG\/wp-json\/wp\/v2\/tags?post=12114"}],"curies":[{"name":"wp","href":"https:\/\/api.w.org\/{rel}","templated":true}]}}