{"id":12179,"date":"2021-02-17T06:06:04","date_gmt":"2021-02-17T05:06:04","guid":{"rendered":"https:\/\/www.franceabris.com\/BLOG\/?p=12179"},"modified":"2021-01-13T17:36:57","modified_gmt":"2021-01-13T16:36:57","slug":"bureau-de-jardin-pro-votre-open-space-a-domicile","status":"publish","type":"post","link":"https:\/\/www.franceabris.com\/BLOG\/bureau-de-jardin-pro-votre-open-space-a-domicile\/","title":{"rendered":"Bureau de jardin pro : votre open space \u00e0 domicile"},"content":{"rendered":"<p style=\"text-align: justify;\">Le chalet de jardin pour votre activit\u00e9 professionnelle : ce n&rsquo;est pas une id\u00e9e farfelue, <strong>c&rsquo;est le principe-m\u00eame du bureau de jardin pro<\/strong>. Cet espace est un petit bureau ind\u00e9pendant, qui prend la forme d&rsquo;un abri en kit aux fonctionnalit\u00e9s avanc\u00e9es, con\u00e7u pour accueillir une activit\u00e9 s\u00e9dentaire.<\/p>\n<p style=\"text-align: justify;\">Ces fonctionnalit\u00e9s ? Ces caract\u00e9ristiques ? En vrac, cela va d&rsquo;une conception sur la base de madriers \u00e9pais de 28 \u00e0 plus de 60 mm \u00e0 la pr\u00e9sence d&rsquo;ouvertures travaill\u00e9es, mariant l&rsquo;esth\u00e9tique \u00e0 l&rsquo;efficacit\u00e9. Peuvent \u00e9galement \u00eatre \u00e9voqu\u00e9es des s\u00e9curit\u00e9s d&rsquo;acc\u00e8s vari\u00e9es, des dimensions adapt\u00e9es \u00e0 des activit\u00e9s professionnelles, une r\u00e9partition des espaces et des volumes en plusieurs pi\u00e8ces&#8230;<\/p>\n<p style=\"text-align: justify;\"><strong>Autant de caract\u00e9ristiques qui conviennent \u00e0 un grand nombre de t\u00e9l\u00e9travailleurs<\/strong> ! Ce bureau pro peut \u00eatre la base arri\u00e8re d&rsquo;un consultant, le cabinet d&rsquo;un professionnel de sant\u00e9 ou param\u00e9dical, l&rsquo;espace d\u00e9di\u00e9 \u00e0 une activit\u00e9 lib\u00e9rale quelconque, l&rsquo;antre d&rsquo;un ind\u00e9pendant de l&rsquo;immobilier entre deux d\u00e9placements&#8230;<\/p>\n<p style=\"text-align: justify;\">Explications.<\/p>\n<h2 style=\"text-align: justify;\">Un grand nombre de t\u00e9l\u00e9travailleurs pl\u00e9biscitent notre concept de bureau de jardin pro. Travailler depuis chez soi, dans un espace exclusivement d\u00e9di\u00e9 \u00e0 son activit\u00e9&#8230; Un open space \u00e0 domicile !<\/h2>\n<p style=\"padding-left: 160px; text-align: justify;\"><em>D\u00e9couvrez toute une gamme rassemblant<\/em> <span style=\"color: #ff9900;\"><a style=\"color: #ff9900;\" href=\"https:\/\/www.franceabris.com\/299-abri-jardin-bois-gamme-premium\" target=\"_blank\" rel=\"noopener noreferrer\">des mod\u00e8les de chalet allant du bureau \u00e0 vastes baies vitr\u00e9es \u00e0 la cabane de travail<\/a><\/span><em>, tous en bois pour des raisons d&rsquo;isolation et de r\u00e9gulation thermique. Et oui, il faut des madriers lorsqu&rsquo;on veut travailler dans son abri !<\/em><\/p>\n<p><strong>A lire :<\/strong><\/p>\n<ul>\n<li><span style=\"color: #ff9900;\"><a style=\"color: #ff9900;\" href=\"https:\/\/www.franceabris.com\/BLOG\/bureau-de-jardin-la-solution-pour-la-micro-entreprise\/\" target=\"_blank\" rel=\"noopener noreferrer\">Le bureau de jardin pour la micro-entreprise<\/a><\/span><\/li>\n<li><span style=\"color: #ff9900;\"><a style=\"color: #ff9900;\" href=\"https:\/\/www.franceabris.com\/BLOG\/bureau-de-jardin-digital-la-solution-pour-un-professionnel-du-numerique\/\" target=\"_blank\" rel=\"noopener noreferrer\">Le bureau de jardin digital pour les professionnels du num\u00e9rique<\/a><\/span><\/li>\n<li><span style=\"color: #ff9900;\"><a style=\"color: #ff9900;\" href=\"https:\/\/www.franceabris.com\/BLOG\/bureau-de-jardin-marketing-et-communication-des-univers-au-top-pour-teletravailler\">Pour les t\u00e9l\u00e9travailleurs en marketing et communication, un bureau de jardin<\/a><\/span><\/li>\n<li><span style=\"color: #ff9900;\"><a style=\"color: #ff9900;\" href=\"https:\/\/www.franceabris.com\/BLOG\/bureau-de-jardin-banques-et-assurances-deux-secteurs-ou-lon-teletravaille\/\" target=\"_blank\" rel=\"noopener noreferrer\">Un bureau de jardin banques et assurances en home office<\/a><\/span><\/li>\n<\/ul>\n<h3 style=\"text-align: justify;\">Dans quels cas a-t-on besoin d&rsquo;un bureau de jardin pro ?<\/h3>\n<p style=\"text-align: justify;\">La r\u00e9ponse \u00e0 cette question trouve son origine dans l&rsquo;actualit\u00e9&#8230; mais pas que ! Car, oui, vous vous en doutez bien, la pand\u00e9mie de COVID-19 et les confinements qui en ont d\u00e9coul\u00e9 ont acc\u00e9l\u00e9r\u00e9 la transformation des fa\u00e7ons de travailler. Avec, notamment, l&rsquo;expansion du t\u00e9l\u00e9travail, qui permet de continuer \u00e0 pratiquer son activit\u00e9 professionnelle en restant chez soi (et, ainsi, en respectant les recommandations en mati\u00e8re de distanciation sociale). Pour autant, le t\u00e9l\u00e9travail constituait d\u00e9j\u00e0 une tendance de plus en plus pratiqu\u00e9e, notamment dans les grosses aires urbaines&#8230; <strong>L&rsquo;installation chez soi d&rsquo;un bureau de jardin pro r\u00e9pond donc \u00e0 ce double mouvement<\/strong> : d&rsquo;une part, les pr\u00e9conisations en r\u00e9action \u00e0 l&rsquo;actualit\u00e9 ; d&rsquo;autre part, des modes de travail en pleine r\u00e9volution avec les nombreuses \u00e9volutions technologiques.<\/p>\n<figure id=\"attachment_12180\" aria-describedby=\"caption-attachment-12180\" style=\"width: 458px\" class=\"wp-caption aligncenter\"><a href=\"https:\/\/www.franceabris.com\/299-abri-jardin-bois-gamme-premium\"><img decoding=\"async\" loading=\"lazy\" class=\"wp-image-12180 size-full\" style=\"border: 1px solid #000000;\" src=\"https:\/\/www.franceabris.com\/BLOG\/wp-content\/uploads\/2020\/12\/2407-bureau-jardin-pro.jpg\" alt=\"bureau jardin pro en madriers de bois\" width=\"458\" height=\"332\" srcset=\"https:\/\/www.franceabris.com\/BLOG\/wp-content\/uploads\/2020\/12\/2407-bureau-jardin-pro.jpg 458w, https:\/\/www.franceabris.com\/BLOG\/wp-content\/uploads\/2020\/12\/2407-bureau-jardin-pro-331x240.jpg 331w, https:\/\/www.franceabris.com\/BLOG\/wp-content\/uploads\/2020\/12\/2407-bureau-jardin-pro-135x98.jpg 135w\" sizes=\"(max-width: 458px) 100vw, 458px\" \/><\/a><figcaption id=\"caption-attachment-12180\" class=\"wp-caption-text\">Ce bureau de jardin pro est disponible sous la r\u00e9f\u00e9rence ID2407 dans notre catalogue. Ici, il est am\u00e9nag\u00e9 en bar&#8230; Pas le meilleur format pour t\u00e9l\u00e9travailler ! \ud83d\ude09<\/figcaption><\/figure>\n<h3 style=\"text-align: justify;\">Quelles formes prend cet abri professionnel ?<\/h3>\n<p style=\"text-align: justify;\">Tr\u00e8s concr\u00e8tement, quelles formes prend l&rsquo;abri de jardin \u00e0 vocation professionnelle ? Ce n&rsquo;est en somme rien de plus complexe qu&rsquo;un chalet con\u00e7u pour pouvoir y vivre, au moins partiellement, et y pratiquer une activit\u00e9 s\u00e9dentaire. Les fondamentaux ? <strong>Il s&rsquo;agit, majoritairement, d&rsquo;un cabanon en madriers de bois.<\/strong> Ces derniers affichent une \u00e9paisseur variable, pouvant aller de 28 mm \u00e0 60 mm et plus. Plus ils sont \u00e9pais, meilleures sont leurs qualit\u00e9s isolantes. Ce sont \u00e9galement des chalets dans lesquels il doit falloir faire bon vivre&#8230; 8 m\u00b2 semblent \u00eatre un minimum &#8211; la taille d&rsquo;une petite pi\u00e8ce ! Et une hauteur utile de 2,25 m pour un minimum de confort. Enfin, votre espace de travail doit \u00eatre muni de fen\u00eatres. De simples ouvertures traditionnelles, \u00e0 battants, si votre activit\u00e9 r\u00e9clame un peu de discr\u00e9tion. Ou de belles baies vitr\u00e9es s\u00e9curis\u00e9es si vous voulez de la lumi\u00e8re et un environnement esth\u00e9tique sup\u00e9rieur.<\/p>\n<figure id=\"attachment_12181\" aria-describedby=\"caption-attachment-12181\" style=\"width: 397px\" class=\"wp-caption aligncenter\"><a href=\"https:\/\/www.franceabris.com\/299-abri-jardin-bois-gamme-premium\"><img decoding=\"async\" loading=\"lazy\" class=\"wp-image-12181 size-full\" style=\"border: 1px solid #000000;\" src=\"https:\/\/www.franceabris.com\/BLOG\/wp-content\/uploads\/2020\/12\/3761-chalet-de-teletravail.jpg\" alt=\"chalet de t\u00e9l\u00e9travail en bois\" width=\"397\" height=\"291\" srcset=\"https:\/\/www.franceabris.com\/BLOG\/wp-content\/uploads\/2020\/12\/3761-chalet-de-teletravail.jpg 397w, https:\/\/www.franceabris.com\/BLOG\/wp-content\/uploads\/2020\/12\/3761-chalet-de-teletravail-327x240.jpg 327w, https:\/\/www.franceabris.com\/BLOG\/wp-content\/uploads\/2020\/12\/3761-chalet-de-teletravail-134x98.jpg 134w\" sizes=\"(max-width: 397px) 100vw, 397px\" \/><\/a><figcaption id=\"caption-attachment-12181\" class=\"wp-caption-text\">Un autre bureau am\u00e9nag\u00e9 dans un chalet, \u00e0 d\u00e9couvrir sous la r\u00e9f\u00e9rence ID3761. Un abri moderne, esth\u00e9tique, parfaitement adapt\u00e9 pour un petit espace de travail de 8 m\u00b2.<\/figcaption><\/figure>\n<h3 style=\"text-align: justify;\">Des exemples de pros en home office dans leur chalet bois<\/h3>\n<p style=\"text-align: justify;\"><strong>Pour quelles activit\u00e9s le bureau pro peut-il s&rsquo;av\u00e9rer bienvenu ?<\/strong> Les consultants, professions lib\u00e9rales, prestations de service&#8230; A partir du moment o\u00f9 il est n\u00e9cessaire d&rsquo;avoir une base arri\u00e8re bien identifi\u00e9e, au calme et s\u00e9curis\u00e9e, le chalet t\u00e9l\u00e9travail est pertinent. Il cr\u00e9e un environnement professionnel ind\u00e9pendant et efficace. Dans l&rsquo;immobilier, o\u00f9 les ind\u00e9pendants sont l\u00e9gions. Du c\u00f4t\u00e9 de l&rsquo;informatique, o\u00f9 l&rsquo;on travaille de plus en plus \u00e0 distance&#8230; Dans le e-commerce, bien entendu, o\u00f9 l&rsquo;activit\u00e9 est, en soi, distancielle. Ainsi que toutes les nombreuses professions qui se d\u00e9veloppent autour des nouvelles pratiques de sant\u00e9, des activit\u00e9s sportives ou de relaxation, des nombreux coachings en vogue.<\/p>\n<p style=\"text-align: justify;\">On en oublie s\u00fbrement d&rsquo;autres&#8230; D\u00e8s lors que le travail \u00e0 distance est possible, le bureau professionnel constitue un choix auquel il faut r\u00e9fl\u00e9chir pour plus de confort, de productivit\u00e9 et d&rsquo;ergonomie.<\/p>\n","protected":false},"excerpt":{"rendered":"<p>Le chalet de jardin pour votre activit\u00e9 professionnelle : ce n&rsquo;est pas une id\u00e9e farfelue, c&rsquo;est le principe-m\u00eame du bureau de jardin pro. Cet espace est un petit bureau ind\u00e9pendant, qui prend la forme d&rsquo;un abri en kit aux fonctionnalit\u00e9s avanc\u00e9es, con\u00e7u pour accueillir une activit\u00e9 s\u00e9dentaire. Ces fonctionnalit\u00e9s ? Ces caract\u00e9ristiques ? En vrac, &hellip; <a href=\"https:\/\/www.franceabris.com\/BLOG\/bureau-de-jardin-pro-votre-open-space-a-domicile\/\" class=\"more-link\">Continuer la lecture de <span class=\"screen-reader-text\">Bureau de jardin pro : votre open space \u00e0 domicile<\/span><\/a><\/p>\n","protected":false},"author":2,"featured_media":12053,"comment_status":"closed","ping_status":"closed","sticky":false,"template":"","format":"standard","meta":[],"categories":[1],"tags":[],"_links":{"self":[{"href":"https:\/\/www.franceabris.com\/BLOG\/wp-json\/wp\/v2\/posts\/12179"}],"collection":[{"href":"https:\/\/www.franceabris.com\/BLOG\/wp-json\/wp\/v2\/posts"}],"about":[{"href":"https:\/\/www.franceabris.com\/BLOG\/wp-json\/wp\/v2\/types\/post"}],"author":[{"embeddable":true,"href":"https:\/\/www.franceabris.com\/BLOG\/wp-json\/wp\/v2\/users\/2"}],"replies":[{"embeddable":true,"href":"https:\/\/www.franceabris.com\/BLOG\/wp-json\/wp\/v2\/comments?post=12179"}],"version-history":[{"count":0,"href":"https:\/\/www.franceabris.com\/BLOG\/wp-json\/wp\/v2\/posts\/12179\/revisions"}],"wp:featuredmedia":[{"embeddable":true,"href":"https:\/\/www.franceabris.com\/BLOG\/wp-json\/wp\/v2\/media\/12053"}],"wp:attachment":[{"href":"https:\/\/www.franceabris.com\/BLOG\/wp-json\/wp\/v2\/media?parent=12179"}],"wp:term":[{"taxonomy":"category","embeddable":true,"href":"https:\/\/www.franceabris.com\/BLOG\/wp-json\/wp\/v2\/categories?post=12179"},{"taxonomy":"post_tag","embeddable":true,"href":"https:\/\/www.franceabris.com\/BLOG\/wp-json\/wp\/v2\/tags?post=12179"}],"curies":[{"name":"wp","href":"https:\/\/api.w.org\/{rel}","templated":true}]}}