{"id":12228,"date":"2021-03-03T06:06:13","date_gmt":"2021-03-03T05:06:13","guid":{"rendered":"https:\/\/www.franceabris.com\/BLOG\/?p=12228"},"modified":"2021-01-14T18:13:35","modified_gmt":"2021-01-14T17:13:35","slug":"pourquoi-choisir-un-garage-en-pierre","status":"publish","type":"post","link":"https:\/\/www.franceabris.com\/BLOG\/pourquoi-choisir-un-garage-en-pierre\/","title":{"rendered":"Pourquoi choisir un garage en pierre ?"},"content":{"rendered":"<p style=\"text-align: justify;\">Faites le choix d&rsquo;un garage en pierre ! Ce n&rsquo;est pas une injonction, non, mais le conseil d&rsquo;un professionnel qui cherche, toujours, \u00e0 valoriser les meilleurs mat\u00e9riaux et les innovations dans ce secteur. <strong>Le garage pierre constitue, \u00e0 ce titre, un superbe investissement.<\/strong> Un investissement pratique, \u00e9videmment, qui va vous permettre de garer votre v\u00e9hicule \u00e0 l&rsquo;abri &#8211; et c&rsquo;est aussi un moyen d&rsquo;en allonger la dur\u00e9e de vie. Un investissement m\u00e9canique, puisque les propri\u00e9t\u00e9s-m\u00eames de cet abri lui conf\u00e8rent une r\u00e9sistance et une autonomie sup\u00e9rieures.<\/p>\n<p style=\"text-align: justify;\">Mais ces \u00e9l\u00e9ments r\u00e9clament, bien entendu, quelques \u00e9claircissements.<strong> La pierre de Bourgogne, \u00e0 l&rsquo;origine de ces garages,<\/strong> en fait toute la particularit\u00e9. Mari\u00e9e au bois, avec des poutrelles de fondations efficaces et une charpente en bois massif, elle comble les lacunes de l&rsquo;\u00e9pic\u00e9a, souvent utilis\u00e9 pour les garages en madriers. Ou de l&rsquo;acier galvanis\u00e9, dont on se sert pour des abris m\u00e9talliques ! En d\u00e9coule donc un abri garage offrant 20 m\u00b2 \u00e0 exploiter, une surface s\u00e9curis\u00e9e et longue dur\u00e9e de vie, que vous am\u00e9nagerez et transformerez le temps passant.<\/p>\n<p>Explications !<\/p>\n<h2 style=\"text-align: justify;\">Avec un garage en pierre, abritez votre voiture \u00e0 l&rsquo;abri, s\u00e9curisez-la, tout en profitant d&rsquo;une belle surface \u00e0 exploiter. Un kit de haut-niveau, r\u00e9sistant et durable, qui exploite des mat\u00e9riaux naturels !<\/h2>\n<p style=\"padding-left: 160px; text-align: justify;\"><span style=\"color: #ff9900;\"><a style=\"color: #ff9900;\" href=\"https:\/\/www.franceabris.com\/350-garage-en-pierre\" target=\"_blank\" rel=\"noopener noreferrer\">D\u00e9couvrez les diff\u00e9rents mod\u00e8les de garage en pierre.<\/a><\/span> <em>Un abri \u00e0 destination de la voiture, muni d&rsquo;une porte sectionnelle, offrant 20 m\u00b2 environ \u00e0 destination de votre v\u00e9hicule&#8230; ou de vos besoin de rangements ! Et oui, un garage est aussi un espace de stockage&#8230; Profitez-en !<\/em><\/p>\n<h3>Pourquoi un garage en pierre, ou tout autre mat\u00e9riau ?<\/h3>\n<p style=\"text-align: justify;\">C&rsquo;est \u00e9videmment la premi\u00e8re question \u00e0 poser. La pierre de Bourgogne, certes, soul\u00e8ve de nombreuses interrogations. Mais la premi\u00e8re \u00e0 lever n&rsquo;est autre que la suivante : <strong>pourquoi est-il int\u00e9ressant d&rsquo;installer un garage<\/strong>, qu&rsquo;il soit en pierre, en bois ou en m\u00e9tal, dans son jardin ? Tout d\u00e9pend de votre situation et de vos besoins, c&rsquo;est \u00e9vident. Pour autant, un abri garage \u00e0 destination d&rsquo;une voiture va vous permettre de r\u00e9gler les probl\u00e9matiques suivantes :<\/p>\n<ul>\n<li style=\"text-align: justify;\">Je n&rsquo;ai pas de garage et <strong>je cherche \u00e0 abriter ma voiture<\/strong>, car elle souffre de dormir dehors au quotidien. Agressions ext\u00e9rieures, fientes d&rsquo;oiseau, gel, neige, bourrasques, rayons ultra-violets&#8230; Dans un garage, la voiture vit mieux &#8211; et elle vit plus longtemps !<\/li>\n<li style=\"text-align: justify;\">J&rsquo;ai d\u00e9j\u00e0 un garage, mais<strong> il n&rsquo;est pas suffisant pour abriter tous les v\u00e9hicules<\/strong> de la famille. L&rsquo;une des possibilit\u00e9s ? Installer un carport de compl\u00e9ment dehors. Une solution efficace, mais qui n&rsquo;assure \u00e9videmment pas la m\u00eame protection contre les al\u00e9as de la m\u00e9t\u00e9o&#8230; ou contre les intrusions !<\/li>\n<\/ul>\n<figure id=\"attachment_12227\" aria-describedby=\"caption-attachment-12227\" style=\"width: 583px\" class=\"wp-caption aligncenter\"><a href=\"https:\/\/www.franceabris.com\/350-garage-en-pierre\"><img decoding=\"async\" loading=\"lazy\" class=\"wp-image-12227 size-large\" style=\"border: 1px solid #000000;\" src=\"https:\/\/www.franceabris.com\/BLOG\/wp-content\/uploads\/2021\/01\/T03472-HALL-Graphite-gris-clair-583x437.jpg\" alt=\"garage en pierre et en bois\" width=\"583\" height=\"437\" srcset=\"https:\/\/www.franceabris.com\/BLOG\/wp-content\/uploads\/2021\/01\/T03472-HALL-Graphite-gris-clair-583x437.jpg 583w, https:\/\/www.franceabris.com\/BLOG\/wp-content\/uploads\/2021\/01\/T03472-HALL-Graphite-gris-clair-320x240.jpg 320w, https:\/\/www.franceabris.com\/BLOG\/wp-content\/uploads\/2021\/01\/T03472-HALL-Graphite-gris-clair-131x98.jpg 131w, https:\/\/www.franceabris.com\/BLOG\/wp-content\/uploads\/2021\/01\/T03472-HALL-Graphite-gris-clair-768x576.jpg 768w, https:\/\/www.franceabris.com\/BLOG\/wp-content\/uploads\/2021\/01\/T03472-HALL-Graphite-gris-clair.jpg 1000w\" sizes=\"(max-width: 583px) 100vw, 583px\" \/><\/a><figcaption id=\"caption-attachment-12227\" class=\"wp-caption-text\">Ce garage en lames de pierre est disponible sous la r\u00e9f\u00e9rence ID4890. Un choix d&rsquo;abri id\u00e9al pour la voiture !<\/figcaption><\/figure>\n<ul>\n<li style=\"text-align: justify;\">J&rsquo;ai un garage int\u00e9gr\u00e9 \u00e0 la maison, mais <strong>il est tr\u00e8s encombr\u00e9 car j&rsquo;y fais du stockage<\/strong>. C&rsquo;est en effet l&rsquo;un des int\u00e9r\u00eats du garage : il peut servir d&rsquo;espace de rangement. Pour autant, il ne faut pas que ce rangement complique le stationnement de vos v\u00e9hicules&#8230; Quand cela devient le cas, vous avez le choix : monter un abri de jardin compl\u00e9mentaire ; ou choisir un garage, qui permettra de diluer l&rsquo;encombrement.<\/li>\n<li style=\"text-align: justify;\"><strong>Mon garage, dans la maison, doit devenir une pi\u00e8ce \u00e0 vivre<\/strong>. J&rsquo;ai l&rsquo;intention de l&rsquo;isoler et de le transformer en bureau int\u00e9rieur, en chambre d&rsquo;ami, en salle de jeux&#8230; Une superbe id\u00e9e qui r\u00e9volutionnera votre quotidien ! Mais qui n\u00e9cessite aussi la cr\u00e9ation de nouveaux espaces de stationnement, en ext\u00e9rieur, pour vos voitures. La solution ? Le garage en pierre, forc\u00e9ment !<\/li>\n<\/ul>\n<p style=\"text-align: justify;\">Vous vous reconnaissez dans l&rsquo;une de ces situations ? Alors, oui, il est int\u00e9ressant d&rsquo;envisager l&rsquo;installation d&rsquo;un abri en kit, et pourquoi pas en lames de pierre, dans votre jardin !<\/p>\n<h3>Pourquoi des lames de pierre pour votre abri ?<\/h3>\n<p style=\"text-align: justify;\">C&rsquo;est l&rsquo;autre question qui d\u00e9coule naturellement de la premi\u00e8re. Les choix ne manquent pas, et sont tous plein de qualit\u00e9s : le bois en madriers, \u00e9pic\u00e9a massif, Douglas ; l&rsquo;acier galvanis\u00e9 ou l&rsquo;aluminium ; la toile PVC tendue ; le bois composite, mari\u00e9 \u00e0 la r\u00e9sine par exemple&#8230; <strong>ou \u00e0 la pierre, comme dans le cas de ce garage en pierre de Bourgogne.<\/strong> Si l&rsquo;on vous conseille ce dernier, c&rsquo;est qu&rsquo;il gomme les inconv\u00e9nients des autres mat\u00e9riaux. Ces garages en pierre sont ainsi con\u00e7us : ce sont des lames de pierre de Bourgogne reconstitu\u00e9es et teint\u00e9es dans la masse. Celles-ci se glissent dans des poutrelles de fondations trait\u00e9es autoclave pour une classe d&#8217;emploi IV. Et voient leur charpente recouverte d&rsquo;une couverture EPDM offrant une \u00e9tanch\u00e9it\u00e9 maximale.<\/p>\n<figure id=\"attachment_12222\" aria-describedby=\"caption-attachment-12222\" style=\"width: 458px\" class=\"wp-caption aligncenter\"><a href=\"https:\/\/www.franceabris.com\/350-garage-en-pierre\"><img decoding=\"async\" loading=\"lazy\" class=\"wp-image-12222 size-full\" style=\"border: 1px solid #000000;\" src=\"https:\/\/www.franceabris.com\/BLOG\/wp-content\/uploads\/2021\/01\/garage-abri-pierre.jpg\" alt=\"un garage con\u00e7u en bois et en pierre de Bourgogne\" width=\"458\" height=\"295\" srcset=\"https:\/\/www.franceabris.com\/BLOG\/wp-content\/uploads\/2021\/01\/garage-abri-pierre.jpg 458w, https:\/\/www.franceabris.com\/BLOG\/wp-content\/uploads\/2021\/01\/garage-abri-pierre-373x240.jpg 373w, https:\/\/www.franceabris.com\/BLOG\/wp-content\/uploads\/2021\/01\/garage-abri-pierre-152x98.jpg 152w\" sizes=\"(max-width: 458px) 100vw, 458px\" \/><\/a><figcaption id=\"caption-attachment-12222\" class=\"wp-caption-text\">Ces lames de pierre de Bourgogne s&rsquo;ins\u00e8rent et s&#8217;embo\u00eetent dans des poutrelles de fondations. Un gage de r\u00e9sistance et de solidit\u00e9 !<\/figcaption><\/figure>\n<h4 style=\"text-align: center;\"><em>Les qualit\u00e9s des lames de pierre<\/em><\/h4>\n<p style=\"text-align: justify;\"><strong>Un mariage entre ces mat\u00e9riaux qui conf\u00e8re au garage une r\u00e9sistance tr\u00e8s importante.<\/strong> Cette r\u00e9sistance est de plusieurs niveaux&#8230; Il y a la bonne tenue dans le temps, et c&rsquo;est le cas du garage pierre. L&rsquo;entretien \u00e9tant minimaliste, le garage ne risque pas de souffrir de l&rsquo;humidit\u00e9 ou des rayons ultraviolets. La couverture peut \u00eatre \u00e9ventuellement chang\u00e9e apr\u00e8s plusieurs ann\u00e9es, lorsqu&rsquo;elle commence \u00e0 \u00eatre us\u00e9e. Pour autant, ce sont de longues ann\u00e9es d&rsquo;utilisation qui vous sont promises. Mais cette r\u00e9sistance est aussi une bonne tenue face aux intemp\u00e9ries et agressions ext\u00e9rieures. A moins de conditions exceptionnelles, qui mettraient \u00e0 mal n&rsquo;importe quelle structure, le garage pierre ne craint ni la pluie, ni le soleil, ni les UV, ni la neige, ni le vent&#8230; On dort plus tranquillement dans ces conditions, croyez-nous !<\/p>\n<h4 style=\"text-align: center;\"><em>Un abri garage formidablement esth\u00e9tique<\/em><\/h4>\n<p style=\"text-align: justify;\">Mais ce n&rsquo;est pas tout&#8230; La porte sectionnelle s\u00e9curise le v\u00e9hicule \u00e0 l&rsquo;int\u00e9rieur &#8211; et peut permettre, en outre, d&rsquo;assurer le garage si votre contrat l&rsquo;autorise. La surface qu&rsquo;offre votre abri se montre \u00e9galement suffisante pour envisager bien des utilisations : garer la voiture, certes, mais aussi faire du rangement ou am\u00e9nager de quoi bricoler tranquillement. Tout est possible ! Avec 20 m\u00b2 \u00e0 disposition, vous avez l&rsquo;\u00e9quivalent d&rsquo;une tr\u00e8s grande pi\u00e8ce suppl\u00e9mentaire \u00e0 disposition, \u00e0 exploiter comme bon vous semble ! Une tr\u00e8s grande pi\u00e8ce particuli\u00e8rement esth\u00e9tique&#8230; Et c&rsquo;est<strong> le dernier aspect qu&rsquo;il nous faut aborder lorsqu&rsquo;on \u00e9voque ces superbes structures en pierre de Bourgogne<\/strong> : l&rsquo;effet naturel est unique, particuli\u00e8rement original. Et le garage vient valoriser le jardin, valoriser l&rsquo;ext\u00e9rieur gr\u00e2ce \u00e0 sa silhouette et ses couleurs si particuli\u00e8res !<\/p>\n","protected":false},"excerpt":{"rendered":"<p>Faites le choix d&rsquo;un garage en pierre ! Ce n&rsquo;est pas une injonction, non, mais le conseil d&rsquo;un professionnel qui cherche, toujours, \u00e0 valoriser les meilleurs mat\u00e9riaux et les innovations dans ce secteur. Le garage pierre constitue, \u00e0 ce titre, un superbe investissement. Un investissement pratique, \u00e9videmment, qui va vous permettre de garer votre v\u00e9hicule &hellip; <a href=\"https:\/\/www.franceabris.com\/BLOG\/pourquoi-choisir-un-garage-en-pierre\/\" class=\"more-link\">Continuer la lecture de <span class=\"screen-reader-text\">Pourquoi choisir un garage en pierre ?<\/span><\/a><\/p>\n","protected":false},"author":2,"featured_media":12221,"comment_status":"closed","ping_status":"closed","sticky":false,"template":"","format":"standard","meta":[],"categories":[3],"tags":[],"_links":{"self":[{"href":"https:\/\/www.franceabris.com\/BLOG\/wp-json\/wp\/v2\/posts\/12228"}],"collection":[{"href":"https:\/\/www.franceabris.com\/BLOG\/wp-json\/wp\/v2\/posts"}],"about":[{"href":"https:\/\/www.franceabris.com\/BLOG\/wp-json\/wp\/v2\/types\/post"}],"author":[{"embeddable":true,"href":"https:\/\/www.franceabris.com\/BLOG\/wp-json\/wp\/v2\/users\/2"}],"replies":[{"embeddable":true,"href":"https:\/\/www.franceabris.com\/BLOG\/wp-json\/wp\/v2\/comments?post=12228"}],"version-history":[{"count":0,"href":"https:\/\/www.franceabris.com\/BLOG\/wp-json\/wp\/v2\/posts\/12228\/revisions"}],"wp:featuredmedia":[{"embeddable":true,"href":"https:\/\/www.franceabris.com\/BLOG\/wp-json\/wp\/v2\/media\/12221"}],"wp:attachment":[{"href":"https:\/\/www.franceabris.com\/BLOG\/wp-json\/wp\/v2\/media?parent=12228"}],"wp:term":[{"taxonomy":"category","embeddable":true,"href":"https:\/\/www.franceabris.com\/BLOG\/wp-json\/wp\/v2\/categories?post=12228"},{"taxonomy":"post_tag","embeddable":true,"href":"https:\/\/www.franceabris.com\/BLOG\/wp-json\/wp\/v2\/tags?post=12228"}],"curies":[{"name":"wp","href":"https:\/\/api.w.org\/{rel}","templated":true}]}}