{"id":12233,"date":"2021-03-28T06:06:49","date_gmt":"2021-03-28T05:06:49","guid":{"rendered":"https:\/\/www.franceabris.com\/BLOG\/?p=12233"},"modified":"2021-01-19T19:08:28","modified_gmt":"2021-01-19T18:08:28","slug":"le-match-abri-rangement-en-pierre-vs-en-madriers-bois","status":"publish","type":"post","link":"https:\/\/www.franceabris.com\/BLOG\/le-match-abri-rangement-en-pierre-vs-en-madriers-bois\/","title":{"rendered":"LE MATCH : abri rangement en pierre VS en madriers bois"},"content":{"rendered":"<p style=\"text-align: justify;\">Dans la grande famille du cabanon de jardin, les mod\u00e8les de qualit\u00e9 ne manquent pas ; et il est parfois difficile de les d\u00e9partager, comme <strong>avec l&rsquo;abri rangement en pierre et le chalet en madriers de bois<\/strong>. Deux structures initialement consacr\u00e9es au stockage, mais dont les qualit\u00e9s permettent une grande polyvalence. Deux structures aux caract\u00e9ristiques assez diff\u00e9rentes qui sauront r\u00e9pondre au tr\u00e8s vaste panorama des exigences de nos clients !<\/p>\n<p style=\"text-align: justify;\">D&rsquo;un c\u00f4t\u00e9, <strong>l&rsquo;abri jardin en pierre est un kit qui se d\u00e9cline dans de nombreuses dimensions<\/strong> et exploite au mieux les vertus de la pierre de Bourgogne. De l&rsquo;autre, le chalet ou le cabanon qui serait con\u00e7u en madriers. Ce dernier peut s&rsquo;appuyer sur l&rsquo;\u00e9l\u00e9gance et les nombreuses propri\u00e9t\u00e9s du bois, favorisant une utilisation s\u00e9dentaire de l&rsquo;abri. Deux fa\u00e7ons tr\u00e8s distinctes de concr\u00e9tiser votre projet. Vous voulez en savoir plus ? Lisez la suite !<\/p>\n<h2 style=\"text-align: justify;\">L&rsquo;abri rangement en pierre brille par ses qualit\u00e9s. Mais un cabanon en bois, en madriers, n&rsquo;en manque pas non plus ! Lequel fait la diff\u00e9rence &#8211; et \u00e0 quel niveau ? Lequel doit \u00eatre privil\u00e9gi\u00e9 ?<\/h2>\n<p style=\"padding-left: 160px; text-align: justify;\"><em>Pour d\u00e9couvrir<\/em> <span style=\"color: #ff9900;\"><a style=\"color: #ff9900;\" href=\"https:\/\/www.franceabris.com\/349-abri-jardin-en-pierre\" target=\"_blank\" rel=\"noopener noreferrer\">de nombreux mod\u00e8les d&rsquo;abris de jardin en pierre de Bourgogne<\/a><\/span><em>, consultez la gamme qui leur est d\u00e9di\u00e9e sur notre site. Des lames de pierre reconstitu\u00e9es sur une base bois de poutrelles de fondations.<\/em><\/p>\n<h3 style=\"text-align: justify;\">La r\u00e9sistance \u27a1\ufe0f Abri rangement en pierre rime avec s\u00e9r\u00e9nit\u00e9<\/h3>\n<p style=\"text-align: justify;\">C&rsquo;est tout l&rsquo;int\u00e9r\u00eat d&rsquo;opter pour un chalet en pierre. Non seulement vous acqu\u00e9rez un cabanon de haut-niveau, tr\u00e8s esth\u00e9tique et solide dans le temps, mais vous vous offrez aussi de la s\u00e9r\u00e9nit\u00e9&#8230; Beaucoup de s\u00e9r\u00e9nit\u00e9 ! La raison ? Ces chalets se montrent particuli\u00e8rement autonomes, ne r\u00e9clamant que tr\u00e8s peu d&rsquo;entretien.<strong> Il faut dire que la pierre, qui est, en l&rsquo;occurrence, de la pierre de Bourgogne reconstitu\u00e9e et teint\u00e9e dans la masse, ne craint pas grand-chose<\/strong> des intemp\u00e9ries ! Les poutrelles de fondation et la charpente, elles, sont trait\u00e9es autoclave et recommand\u00e9es pour une classe d&#8217;emploi IV, un cran au-dessus des classes III que l&rsquo;on retrouve dans les autres structures autoclave. Difficile de faire mieux, donc, pour un chalet qui, \u00e9tant con\u00e7u en madriers doit \u00eatre trait\u00e9 r\u00e9guli\u00e8rement par vos soins contre les insectes xylophages et les moisissures.<\/p>\n<figure id=\"attachment_12226\" aria-describedby=\"caption-attachment-12226\" style=\"width: 500px\" class=\"wp-caption aligncenter\"><a href=\"https:\/\/www.franceabris.com\/349-abri-jardin-en-pierre\"><img decoding=\"async\" loading=\"lazy\" class=\"wp-image-12226 size-full\" style=\"border: 1px solid #000000;\" src=\"https:\/\/www.franceabris.com\/BLOG\/wp-content\/uploads\/2021\/01\/T03471_HALL-Graphite-blanc.jpg\" alt=\"abri rangement en pierre de moins de 5 m\u00b2\" width=\"500\" height=\"375\" srcset=\"https:\/\/www.franceabris.com\/BLOG\/wp-content\/uploads\/2021\/01\/T03471_HALL-Graphite-blanc.jpg 500w, https:\/\/www.franceabris.com\/BLOG\/wp-content\/uploads\/2021\/01\/T03471_HALL-Graphite-blanc-320x240.jpg 320w, https:\/\/www.franceabris.com\/BLOG\/wp-content\/uploads\/2021\/01\/T03471_HALL-Graphite-blanc-131x98.jpg 131w\" sizes=\"(max-width: 500px) 100vw, 500px\" \/><\/a><figcaption id=\"caption-attachment-12226\" class=\"wp-caption-text\">Cet abri jardin en pierre est disponible sous la r\u00e9f\u00e9rence ID4866. 6 m\u00b2 environ \u00e0 consacrer au stockage et au rangement !<\/figcaption><\/figure>\n<h3 style=\"text-align: justify;\">Le prix \u27a1\ufe0f Avantage chalet bois<\/h3>\n<p style=\"text-align: justify;\">\u00c9videmment, les mat\u00e9riaux rares et de qualit\u00e9 sup\u00e9rieure ne sont pas les moins on\u00e9reux. Un prix que compense leur long\u00e9vit\u00e9 : \u00e9tal\u00e9 dans le temps, tout au long de sa dur\u00e9e de vie, le prix d&rsquo;un abri pierre semble tout de suite moins \u00e9lev\u00e9. Mais il reste, au moment de l&rsquo;achat, sup\u00e9rieur \u00e0 celui de nombreux chalets en madriers. Un cabanon de 7 m\u00b2 dans des madriers de 28 mm d&rsquo;\u00e9paisseur comme pr\u00e9sent\u00e9 ci-dessous peut co\u00fbter 1500\u20ac. Et bien d&rsquo;autres mod\u00e8les en 19 mm sont \u00e0 moins de 1000\u20ac. <strong>Un prix pas cher que ne peut contester la cabane en lames de pierre,<\/strong> qui r\u00e9clame un travail autrement plus complexe. Deux investissements r\u00e9solument diff\u00e9rents, \u00e0 m\u00eame de r\u00e9pondre \u00e0 des probl\u00e9matiques diverses&#8230; Et des crit\u00e8res tout aussi distincts : l&rsquo;on peut chercher un kit au prix le plus bas&#8230; ou d\u00e9finir un budget sup\u00e9rieur.<\/p>\n<figure id=\"attachment_12235\" aria-describedby=\"caption-attachment-12235\" style=\"width: 397px\" class=\"wp-caption aligncenter\"><a href=\"https:\/\/www.franceabris.com\/107-abris-jardin-bois\"><img decoding=\"async\" loading=\"lazy\" class=\"wp-image-12235 size-full\" style=\"border: 1px solid #000000;\" src=\"https:\/\/www.franceabris.com\/BLOG\/wp-content\/uploads\/2021\/03\/2083-abri-jardin-madriers-bois.jpg\" alt=\"cabanon en madriers de bois\" width=\"397\" height=\"291\" srcset=\"https:\/\/www.franceabris.com\/BLOG\/wp-content\/uploads\/2021\/03\/2083-abri-jardin-madriers-bois.jpg 397w, https:\/\/www.franceabris.com\/BLOG\/wp-content\/uploads\/2021\/03\/2083-abri-jardin-madriers-bois-327x240.jpg 327w, https:\/\/www.franceabris.com\/BLOG\/wp-content\/uploads\/2021\/03\/2083-abri-jardin-madriers-bois-134x98.jpg 134w\" sizes=\"(max-width: 397px) 100vw, 397px\" \/><\/a><figcaption id=\"caption-attachment-12235\" class=\"wp-caption-text\">Ce petit chalet en madriers de bois est \u00e0 d\u00e9couvrir sur notre site sous la r\u00e9f\u00e9rence ID2083. Son prix est environ deux fois moins cher que l&rsquo;abri pierre. Un avantage !<\/figcaption><\/figure>\n<h3 style=\"text-align: justify;\">La polyvalence \u27a1\ufe0f Deux kits entre le stockage et l&rsquo;activit\u00e9 s\u00e9dentaire<\/h3>\n<p style=\"text-align: justify;\">Pour une activit\u00e9 s\u00e9dentaire, c&rsquo;est-\u00e0-dire en position assise, o\u00f9 l&rsquo;on risque de souffrir d&rsquo;une temp\u00e9rature peu \u00e9lev\u00e9e&#8230; Le bois est g\u00e9n\u00e9ralement recommand\u00e9. Il faut dire qu&rsquo;il s&rsquo;agit d&rsquo;un mat\u00e9riau r\u00e9put\u00e9 pour ses qualit\u00e9s en mati\u00e8re de r\u00e9gulation thermique. Cela dit, il est n\u00e9cessaire d&rsquo;envisager des madriers de 50 mm environ si l&rsquo;on veut vraiment pouvoir travailler \u00e0 un bureau \u00e0 l&rsquo;int\u00e9rieur. <strong>Est-ce le cas de l&rsquo;abri jardin en pierre ?<\/strong> Ce n&rsquo;est pas sa fonction premi\u00e8re, mais sa polyvalence s&rsquo;exprime diff\u00e9remment. Son esth\u00e9tique lui permet des usages tr\u00e8s vari\u00e9s, de la cabane de stockage au salon de jardin. La qualit\u00e9 de ses finitions et ses diff\u00e9rentes options et caract\u00e9ristiques lui permettent de ne pas \u00eatre qu&rsquo;un espace o\u00f9 l&rsquo;on entrepose et o\u00f9 l&rsquo;on bricole. Un abri qui, ainsi, vous suivra dans le temps et s&rsquo;adaptera \u00e0 vos besoins !<\/p>\n","protected":false},"excerpt":{"rendered":"<p>Dans la grande famille du cabanon de jardin, les mod\u00e8les de qualit\u00e9 ne manquent pas ; et il est parfois difficile de les d\u00e9partager, comme avec l&rsquo;abri rangement en pierre et le chalet en madriers de bois. Deux structures initialement consacr\u00e9es au stockage, mais dont les qualit\u00e9s permettent une grande polyvalence. Deux structures aux caract\u00e9ristiques &hellip; <a href=\"https:\/\/www.franceabris.com\/BLOG\/le-match-abri-rangement-en-pierre-vs-en-madriers-bois\/\" class=\"more-link\">Continuer la lecture de <span class=\"screen-reader-text\">LE MATCH : abri rangement en pierre VS en madriers bois<\/span><\/a><\/p>\n","protected":false},"author":2,"featured_media":12234,"comment_status":"closed","ping_status":"closed","sticky":false,"template":"","format":"standard","meta":[],"categories":[3],"tags":[],"_links":{"self":[{"href":"https:\/\/www.franceabris.com\/BLOG\/wp-json\/wp\/v2\/posts\/12233"}],"collection":[{"href":"https:\/\/www.franceabris.com\/BLOG\/wp-json\/wp\/v2\/posts"}],"about":[{"href":"https:\/\/www.franceabris.com\/BLOG\/wp-json\/wp\/v2\/types\/post"}],"author":[{"embeddable":true,"href":"https:\/\/www.franceabris.com\/BLOG\/wp-json\/wp\/v2\/users\/2"}],"replies":[{"embeddable":true,"href":"https:\/\/www.franceabris.com\/BLOG\/wp-json\/wp\/v2\/comments?post=12233"}],"version-history":[{"count":0,"href":"https:\/\/www.franceabris.com\/BLOG\/wp-json\/wp\/v2\/posts\/12233\/revisions"}],"wp:featuredmedia":[{"embeddable":true,"href":"https:\/\/www.franceabris.com\/BLOG\/wp-json\/wp\/v2\/media\/12234"}],"wp:attachment":[{"href":"https:\/\/www.franceabris.com\/BLOG\/wp-json\/wp\/v2\/media?parent=12233"}],"wp:term":[{"taxonomy":"category","embeddable":true,"href":"https:\/\/www.franceabris.com\/BLOG\/wp-json\/wp\/v2\/categories?post=12233"},{"taxonomy":"post_tag","embeddable":true,"href":"https:\/\/www.franceabris.com\/BLOG\/wp-json\/wp\/v2\/tags?post=12233"}],"curies":[{"name":"wp","href":"https:\/\/api.w.org\/{rel}","templated":true}]}}