{"id":12303,"date":"2021-04-18T06:06:05","date_gmt":"2021-04-18T05:06:05","guid":{"rendered":"https:\/\/www.franceabris.com\/BLOG\/?p=12303"},"modified":"2021-02-10T18:11:34","modified_gmt":"2021-02-10T17:11:34","slug":"abri-camping-car-metal-plus-de-serenite-pour-son-vehicule-de-loisir","status":"publish","type":"post","link":"https:\/\/www.franceabris.com\/BLOG\/abri-camping-car-metal-plus-de-serenite-pour-son-vehicule-de-loisir\/","title":{"rendered":"Abri camping-car m\u00e9tal : plus de s\u00e9r\u00e9nit\u00e9 pour son v\u00e9hicule de loisir"},"content":{"rendered":"<p style=\"text-align: justify;\">Aborder chaque hiver en toute tranquillit\u00e9 : <strong>c&rsquo;est la promesse de l&rsquo;abri camping-car m\u00e9tal<\/strong>. Ce dernier vise \u00e0 faciliter l&rsquo;hivernage de votre v\u00e9hicule de loisir. Et vous permettre de le conserver \u00e0 domicile, \u00e0 la maison, pr\u00eat \u00e0 partir ! Cela peut sembler anodin, mais c&rsquo;est \u00e9videmment un gain de temps, d&rsquo;argent, mais aussi d&rsquo;ergonomie dans la fa\u00e7on dont on vit sa passion au quotidien. Un bon moyen \u00e9galement de s&rsquo;\u00e9viter les solutions de gardiennage \u00e0 des kilom\u00e8tres de chez soi ! Explications.<\/p>\n<h2 style=\"text-align: justify;\">Un abri camping-car m\u00e9tal est parfois la meilleure solution pour vivre au mieux sa passion. Un bon moyen pour conserver son v\u00e9hicule de loisir \u00e0 domicile&#8230; Pr\u00eat \u00e0 prendre la route !<\/h2>\n<p style=\"padding-left: 160px; text-align: justify;\"><span style=\"color: #ff9900;\"><a style=\"color: #ff9900;\" href=\"https:\/\/www.franceabris.com\/104-charpente-metal-double-pente\" target=\"_blank\" rel=\"noopener noreferrer\">D\u00e9couvrez notre gamme abri camping-car m\u00e9tal<\/a><\/span><em>, qui rassemble l&rsquo;ensemble de nos kits destin\u00e9s aux v\u00e9hicules de loisir et con\u00e7us en acier galvanis\u00e9 ou en aluminium. Toit simple pente, toit double pans, toit plat&#8230; et surtout options en nombre pour moduler son carport !<\/em><\/p>\n<h3 style=\"text-align: justify;\">Focus sur un abri camping-car m\u00e9tal : un kit double pente<\/h3>\n<p style=\"text-align: justify;\">Notre abri camping-car du jour est <strong>un carport m\u00e9tallique con\u00e7u en acier galvanis\u00e9<\/strong>. Il s&rsquo;agit plus pr\u00e9cis\u00e9ment d&rsquo;une ossature en acier galvanis\u00e9 couvrant pr\u00e8s de 33 m\u00b2. Sa toiture, une t\u00f4le galvanis\u00e9e laqu\u00e9e ivoire, est mont\u00e9e sur une charpente \u00e0 deux pans, de mani\u00e8re \u00e0 cr\u00e9er un toit double pente. Large de 4,03 m, long de 8,11 m, il affiche une hauteur de passage de 3,1 m, mais culmine \u00e0 3,75 m. Autant dire que son gabarit, son emprise au sol et, d&rsquo;une mani\u00e8re g\u00e9n\u00e9rale, le volume abrit\u00e9 n&rsquo;attendent qu&rsquo;une chose : votre camping-car !<\/p>\n<h3 style=\"text-align: justify;\">Les options : du carport camping-car au garage ferm\u00e9<\/h3>\n<p style=\"text-align: justify;\"><strong>Ce qui fait la force de ce carport v\u00e9hicule de loisir, ce sont ses tr\u00e8s nombreuses options.<\/strong> Avec un tel abri, vous installez chez vous un abri en kit, certes, mais qui se rapproche \u00e9norm\u00e9ment du sur-mesure. Sur la base des dimensions mentionn\u00e9es ci-dessus, vous pouvez : ajouter des trav\u00e9es suppl\u00e9mentaires afin d&rsquo;allonger &#8211; ou d&rsquo;\u00e9largir, selon la fa\u00e7on dont on regarde l&rsquo;implantation &#8211; l&rsquo;abri. Mais aussi greffer des parois lat\u00e9rales ou sur les pignons, afin de transformer le carport en v\u00e9ritable garage ferm\u00e9. Sans parler de l&rsquo;ajout d&rsquo;un portail, du choix possible de diff\u00e9rentes couleurs, d&rsquo;un traitement anti-condensation&#8230; Tout est pr\u00e9vu, dans ce carport, pour que vous puissiez faire correspondre au maximum votre projet \u00e0 l&rsquo;abri !<\/p>\n<figure id=\"attachment_12305\" aria-describedby=\"caption-attachment-12305\" style=\"width: 397px\" class=\"wp-caption aligncenter\"><a href=\"https:\/\/www.franceabris.com\/104-charpente-metal-double-pente\"><img decoding=\"async\" loading=\"lazy\" class=\"wp-image-12305 size-full\" style=\"border: 1px solid #000000;\" src=\"https:\/\/www.franceabris.com\/BLOG\/wp-content\/uploads\/2021\/02\/id-7.jpg\" alt=\"abri camping-car en m\u00e9tal\" width=\"397\" height=\"291\" srcset=\"https:\/\/www.franceabris.com\/BLOG\/wp-content\/uploads\/2021\/02\/id-7.jpg 397w, https:\/\/www.franceabris.com\/BLOG\/wp-content\/uploads\/2021\/02\/id-7-327x240.jpg 327w, https:\/\/www.franceabris.com\/BLOG\/wp-content\/uploads\/2021\/02\/id-7-134x98.jpg 134w\" sizes=\"(max-width: 397px) 100vw, 397px\" \/><\/a><figcaption id=\"caption-attachment-12305\" class=\"wp-caption-text\">Quelques options possibles pour un tel abri camping-car. Bardages lat\u00e9raux, trav\u00e9es suppl\u00e9mentaires, fermeture de pignon&#8230; Le mod\u00e8le en question est disponible sous la r\u00e9f\u00e9rence ID750 sur notre site.<\/figcaption><\/figure>\n<h3 style=\"text-align: justify;\">Les mat\u00e9riaux : l&rsquo;acier rime avec&#8230; s\u00e9r\u00e9nit\u00e9 !<\/h3>\n<p style=\"text-align: justify;\">Du c\u00f4t\u00e9 des mat\u00e9riaux, un tel carport n&rsquo;offre que de la s\u00e9r\u00e9nit\u00e9. <strong>L&rsquo;acier galvanis\u00e9 est en effet un gage de solidit\u00e9<\/strong>, de r\u00e9sistance et d&rsquo;autonomie. Nul besoin de pr\u00e9voir de consacrer des heures en entretien : un peu d&rsquo;eau de temps en temps pour nettoyer les salissures et le tour est jou\u00e9 ! Une autonomie appr\u00e9ciable, qui le distingue de ses pairs en bois, r\u00e9clamant, eux, un traitement fongicide et insecticide. Ce n&rsquo;est pas pour rien que la structure est garantie 10 ans&#8230; Pluie, neige, gr\u00eale, vent : bien ancr\u00e9e dans le b\u00e9ton, une telle charpente m\u00e9tallique ne craint rien et vous assure un superbe amortissement dans le temps.<\/p>\n<figure id=\"attachment_10229\" aria-describedby=\"caption-attachment-10229\" style=\"width: 396px\" class=\"wp-caption aligncenter\"><a href=\"https:\/\/www.franceabris.com\/104-charpente-metal-double-pente\"><img decoding=\"async\" loading=\"lazy\" class=\"wp-image-10229 size-full\" style=\"border: 1px solid #000000;\" src=\"https:\/\/www.franceabris.com\/BLOG\/wp-content\/uploads\/2019\/05\/abri-camping-car-metallique-400-m-x-800-m.jpg\" alt=\"un abri m\u00e9tallique en acier pour camping-car\" width=\"396\" height=\"290\" srcset=\"https:\/\/www.franceabris.com\/BLOG\/wp-content\/uploads\/2019\/05\/abri-camping-car-metallique-400-m-x-800-m.jpg 396w, https:\/\/www.franceabris.com\/BLOG\/wp-content\/uploads\/2019\/05\/abri-camping-car-metallique-400-m-x-800-m-134x98.jpg 134w, https:\/\/www.franceabris.com\/BLOG\/wp-content\/uploads\/2019\/05\/abri-camping-car-metallique-400-m-x-800-m-328x240.jpg 328w\" sizes=\"(max-width: 396px) 100vw, 396px\" \/><\/a><figcaption id=\"caption-attachment-10229\" class=\"wp-caption-text\">Un carport en acier avec bardages lat\u00e9raux. Il devient un v\u00e9ritable garage clos, assurant ainsi une protection maximale \u00e0 votre v\u00e9hicule de loisir !<\/figcaption><\/figure>\n<h3 style=\"text-align: justify;\">Pourquoi un tel carport chez soi ?<\/h3>\n<p style=\"text-align: justify;\">La question se pose. Pourquoi installer un abri aussi volumineux, aussi encombrant, aussi important chez soi ? La r\u00e9ponse est simple : <strong>parce qu&rsquo;il permet de conserver chaque jour de l&rsquo;ann\u00e9e son camping-car \u00e0 proximit\u00e9<\/strong>. \u00c9videmment, mieux vaut avoir un terrain suffisamment grand. De quoi permettre de s\u00e9lectionner soigneusement l&#8217;emplacement du carport ! De quoi s&rsquo;\u00e9viter gardiennage et hivernage chez une soci\u00e9t\u00e9 priv\u00e9e&#8230; et le co\u00fbt que cela peut repr\u00e9senter ann\u00e9e apr\u00e8s ann\u00e9e. De quoi, \u00e9galement, pouvoir tracer la route d\u00e8s que l&rsquo;envie vous prend, au retour des beaux jours ! Votre v\u00e9hicule de loisir est ici, \u00e0 c\u00f4t\u00e9 de chez vous&#8230; et n&rsquo;attend plus que vous pour avaler les kilom\u00e8tres !<\/p>\n","protected":false},"excerpt":{"rendered":"<p>Aborder chaque hiver en toute tranquillit\u00e9 : c&rsquo;est la promesse de l&rsquo;abri camping-car m\u00e9tal. Ce dernier vise \u00e0 faciliter l&rsquo;hivernage de votre v\u00e9hicule de loisir. Et vous permettre de le conserver \u00e0 domicile, \u00e0 la maison, pr\u00eat \u00e0 partir ! Cela peut sembler anodin, mais c&rsquo;est \u00e9videmment un gain de temps, d&rsquo;argent, mais aussi d&rsquo;ergonomie &hellip; <a href=\"https:\/\/www.franceabris.com\/BLOG\/abri-camping-car-metal-plus-de-serenite-pour-son-vehicule-de-loisir\/\" class=\"more-link\">Continuer la lecture de <span class=\"screen-reader-text\">Abri camping-car m\u00e9tal : plus de s\u00e9r\u00e9nit\u00e9 pour son v\u00e9hicule de loisir<\/span><\/a><\/p>\n","protected":false},"author":2,"featured_media":12304,"comment_status":"closed","ping_status":"closed","sticky":false,"template":"","format":"standard","meta":[],"categories":[3],"tags":[],"_links":{"self":[{"href":"https:\/\/www.franceabris.com\/BLOG\/wp-json\/wp\/v2\/posts\/12303"}],"collection":[{"href":"https:\/\/www.franceabris.com\/BLOG\/wp-json\/wp\/v2\/posts"}],"about":[{"href":"https:\/\/www.franceabris.com\/BLOG\/wp-json\/wp\/v2\/types\/post"}],"author":[{"embeddable":true,"href":"https:\/\/www.franceabris.com\/BLOG\/wp-json\/wp\/v2\/users\/2"}],"replies":[{"embeddable":true,"href":"https:\/\/www.franceabris.com\/BLOG\/wp-json\/wp\/v2\/comments?post=12303"}],"version-history":[{"count":0,"href":"https:\/\/www.franceabris.com\/BLOG\/wp-json\/wp\/v2\/posts\/12303\/revisions"}],"wp:featuredmedia":[{"embeddable":true,"href":"https:\/\/www.franceabris.com\/BLOG\/wp-json\/wp\/v2\/media\/12304"}],"wp:attachment":[{"href":"https:\/\/www.franceabris.com\/BLOG\/wp-json\/wp\/v2\/media?parent=12303"}],"wp:term":[{"taxonomy":"category","embeddable":true,"href":"https:\/\/www.franceabris.com\/BLOG\/wp-json\/wp\/v2\/categories?post=12303"},{"taxonomy":"post_tag","embeddable":true,"href":"https:\/\/www.franceabris.com\/BLOG\/wp-json\/wp\/v2\/tags?post=12303"}],"curies":[{"name":"wp","href":"https:\/\/api.w.org\/{rel}","templated":true}]}}