{"id":12357,"date":"2021-04-24T06:06:14","date_gmt":"2021-04-24T05:06:14","guid":{"rendered":"https:\/\/www.franceabris.com\/BLOG\/?p=12357"},"modified":"2021-03-15T17:46:53","modified_gmt":"2021-03-15T16:46:53","slug":"abri-de-jardin-en-acier-les-3-points-forts","status":"publish","type":"post","link":"https:\/\/www.franceabris.com\/BLOG\/abri-de-jardin-en-acier-les-3-points-forts\/","title":{"rendered":"Abri de jardin en acier : les 3 points forts"},"content":{"rendered":"<h2 style=\"text-align: justify;\">Parmi nos cabanes de rangement, il est un abri de jardin en acier qui brille par ses qualit\u00e9s. Qu&rsquo;est-ce qui fait sa particularit\u00e9 ? Quelles sont les caract\u00e9ristiques sp\u00e9cifiques de ce kit ? Nous allons tenter d&rsquo;y voir plus clair en d\u00e9taillant ses trois points diff\u00e9renciants.<\/h2>\n<p style=\"padding-left: 160px; text-align: justify;\"><span style=\"color: #ff9900;\"><a style=\"color: #ff9900;\" href=\"https:\/\/www.franceabris.com\/6-abri-jardin-metal\" target=\"_blank\" rel=\"noopener noreferrer\">L&rsquo;abri de jardin acier dont il est question dans cet article se d\u00e9cline dans des formats petite taille et des formats avec auvent ou lounge.<\/a><\/span> <em>Ici, focus sur le cabanon r\u00e9f\u00e9renc\u00e9 sous l&rsquo;ID4969 sur notre site. Mais jetez un coup d&rsquo;oeil aux r\u00e9f\u00e9rences ID4929 \u00e0 ID4937 et ID4965 \u00e0 ID4970 !<\/em><\/p>\n<h3 style=\"text-align: justify;\">1\/ R\u00e9sistance et robustesse : un abri de jardin acier contre vents et temp\u00eates !<\/h3>\n<p style=\"text-align: justify;\"><strong>Difficile de faire plus solide et r\u00e9sistant que notre abri de jardin en acier !<\/strong> Il faut dire que l\u00e0 o\u00f9 certains cabanons m\u00e9talliques sont con\u00e7us dans un acier de 0,4 mm ou moins &#8211; une feuille de papier \u00e0 cigarette ! -, celui-ci pr\u00e9sente une \u00e9paisseur de 0,9 mm. C&rsquo;est, d&rsquo;une part, ce qui permet \u00e0 la structure d&rsquo;exploiter une t\u00f4le plate, et non une t\u00f4le ondul\u00e9e. C&rsquo;est, d&rsquo;autre part, ce qui contribue \u00e0 la solidit\u00e9 de l&rsquo;abri : la r\u00e9sistance mati\u00e8re offre une dur\u00e9e de vie tr\u00e8s longue, d&rsquo;o\u00f9 une garantie courant sur 20 ans. La qualit\u00e9 de l&rsquo;acier fait donc la diff\u00e9rence, tout comme son traitement&#8230; Galvanis\u00e9 \u00e0 chaud, il est en effet recouvert d&rsquo;une couche de zinc de 275 g\/m\u00b2, maximisant sa r\u00e9sistance \u00e0 la corrosion. Et ses parois sont trait\u00e9es, \u00e0 chaud \u00e9galement, dans la mati\u00e8re et la couleur. Tout le savoir-faire d&rsquo;un fabriquant aci\u00e9riste d&rsquo;origine, ayant perfectionn\u00e9 son art depuis des ann\u00e9es !<\/p>\n<figure id=\"attachment_12339\" aria-describedby=\"caption-attachment-12339\" style=\"width: 437px\" class=\"wp-caption aligncenter\"><a href=\"https:\/\/www.franceabris.com\/6-abri-jardin-metal\"><img decoding=\"async\" loading=\"lazy\" class=\"wp-image-12339 size-large\" style=\"border: 1px solid #000000;\" src=\"https:\/\/www.franceabris.com\/BLOG\/wp-content\/uploads\/2021\/03\/id-10-437x437.jpg\" alt=\"abri de jardin en acier\" width=\"437\" height=\"437\" srcset=\"https:\/\/www.franceabris.com\/BLOG\/wp-content\/uploads\/2021\/03\/id-10-437x437.jpg 437w, https:\/\/www.franceabris.com\/BLOG\/wp-content\/uploads\/2021\/03\/id-10-240x240.jpg 240w, https:\/\/www.franceabris.com\/BLOG\/wp-content\/uploads\/2021\/03\/id-10-98x98.jpg 98w, https:\/\/www.franceabris.com\/BLOG\/wp-content\/uploads\/2021\/03\/id-10.jpg 458w\" sizes=\"(max-width: 437px) 100vw, 437px\" \/><\/a><figcaption id=\"caption-attachment-12339\" class=\"wp-caption-text\">Notre abri acier, disponible sous la r\u00e9f\u00e9rence ID4969. Une petite surface de stockage \u00e0 l&rsquo;int\u00e9rieur et son auvent attenant pour une ergonomie optimale !<\/figcaption><\/figure>\n<h4 style=\"text-align: center;\"><em>Une robustesse incomparable jusque dans des conditions difficiles<\/em><\/h4>\n<p style=\"text-align: justify;\"><strong>Et l&rsquo;on ne parle pas du plancher qui peut supporter 220 kg\/m\u00b2&#8230;<\/strong> L\u00e0 encore, c&rsquo;est parce que l&rsquo;acier qui entre dans la fabrication de la cabane de rangement est un acier \u00e9pais et de grande qualit\u00e9. Le poids est lourd, tr\u00e8s lourd. Mais l&rsquo;abri est con\u00e7u pour tol\u00e9rer des charges tr\u00e8s importantes et tient parfaitement la route dans des conditions m\u00e9t\u00e9os difficiles : voil\u00e0 une structure qui ne craint pas le vent, encore moins les intemp\u00e9ries&#8230; Et qui, en plus, peut \u00eatre isol\u00e9e gr\u00e2ce \u00e0 sa double paroi, laissant l&rsquo;espace n\u00e9cessaire \u00e0 l&rsquo;isolant si vous souhaitez l&rsquo;y glisser (les panneaux de toit sont, eux, pr\u00e9alablement isol\u00e9s).<\/p>\n<h3 style=\"text-align: justify;\">2\/ Pas d&rsquo;entretien : une cabane de rangement z\u00e9ro souci<\/h3>\n<p style=\"text-align: justify;\"><strong>Lorsqu&rsquo;on choisit un kit m\u00e9tallique, c&rsquo;est souvent que l&rsquo;on veut faire vite et bien !<\/strong> Ne pas perdre de temps, ni en amont, ni en aval, ce qui signifie ne pas devoir consentir un quelconque entretien. C&rsquo;est le cas avec cet abri acier : d\u00e9j\u00e0 trait\u00e9, il ne doit pas \u00eatre bichonn\u00e9 comme une charpente bois. Vous aurez simplement \u00e0 passer un petit coup de k\u00e4rcher de temps en temps, si vous souhaitez nettoyer les salissures du temps. La t\u00f4le n&rsquo;est pas tout \u00e0 fait plane, et des salet\u00e9s peuvent \u00e9videmment s&rsquo;inviter. Et, si vous choisissez votre abri en blanc&#8230; Forc\u00e9ment, vous aurez peut-\u00eatre envie de lui rendre son lustre d&rsquo;antan de temps en temps ! Mais, rassurez-vous, rien d&rsquo;impliquant, ni de chronophage. D&rsquo;autant que la r\u00e9sistance des parois font que vous ne risquez pas d&rsquo;accidents du quotidien : il faudrait vraiment cogner violemment la structure pour ab\u00eemer la mati\u00e8re, quand bien m\u00eame les petites couches de finition couvrant l&rsquo;acier peuvent se rayer si vous n&rsquo;y faites pas attention.<\/p>\n<figure id=\"attachment_12340\" aria-describedby=\"caption-attachment-12340\" style=\"width: 437px\" class=\"wp-caption aligncenter\"><a href=\"https:\/\/www.franceabris.com\/6-abri-jardin-metal\"><img decoding=\"async\" loading=\"lazy\" class=\"wp-image-12340 size-large\" style=\"border: 1px solid #000000;\" src=\"https:\/\/www.franceabris.com\/BLOG\/wp-content\/uploads\/2021\/03\/id-11-437x437.jpg\" alt=\"cabane de rangement m\u00e9tallique\" width=\"437\" height=\"437\" srcset=\"https:\/\/www.franceabris.com\/BLOG\/wp-content\/uploads\/2021\/03\/id-11-437x437.jpg 437w, https:\/\/www.franceabris.com\/BLOG\/wp-content\/uploads\/2021\/03\/id-11-240x240.jpg 240w, https:\/\/www.franceabris.com\/BLOG\/wp-content\/uploads\/2021\/03\/id-11-98x98.jpg 98w, https:\/\/www.franceabris.com\/BLOG\/wp-content\/uploads\/2021\/03\/id-11.jpg 458w\" sizes=\"(max-width: 437px) 100vw, 437px\" \/><\/a><figcaption id=\"caption-attachment-12340\" class=\"wp-caption-text\">Ce mod\u00e8le est de facture tr\u00e8s simple. Ici, sans son auvent, il couvre 4,3 m\u00b2 de surface utile. Vous noterez la petite grille d&rsquo;a\u00e9ration, pr\u00e9vue pour \u00e9viter une humidit\u00e9 trop importante.<\/figcaption><\/figure>\n<h3 style=\"text-align: justify;\">3\/ Montage et construction rapide : ne perdez pas de temps !<\/h3>\n<p style=\"text-align: justify;\"><strong>C&rsquo;est le troisi\u00e8me atout de notre abri acier : il se monte facilement.<\/strong> Nul besoin d&rsquo;\u00eatre un expert du bricolage pour l&rsquo;installer chez soi. Les \u00e9l\u00e9ments, des lames aux bandeaux de rives, s&rsquo;agencent ais\u00e9ment en suivant un mode d&#8217;emploi concis. Le tout, en visant un objectif simple : limiter la visserie. Un pari r\u00e9ussi ! S&rsquo;il faut \u00eatre deux pour monter sa structure, du fait du poids et de l&rsquo;encombrement des pi\u00e8ces, vous n&rsquo;aurez \u00e0 pr\u00e9voir qu&rsquo;un jour maximum de construction. Le point le plus d\u00e9licat ? Ce n&rsquo;est pas l&rsquo;abri lui-m\u00eame. Mais plut\u00f4t votre dalle b\u00e9ton&#8230; Cette derni\u00e8re est en effet n\u00e9cessaire pour que la cabane soit solidement ancr\u00e9e au sol et moins expos\u00e9e \u00e0 l&rsquo;humidit\u00e9. Or, si votre dalle n&rsquo;est pas compl\u00e8tement de niveau, vous risquez de mauvaises surprises les jours de forte pluie ! Une affirmation valable pour n&rsquo;importe quel abri&#8230; Alors pensez-y !<\/p>\n<p style=\"text-align: justify;\">Voil\u00e0 pourquoi cet abri acier, et ses diff\u00e9rentes d\u00e9clinaisons, brille par ses qualit\u00e9. Une structure haut-de-gamme, au rapport poids\/prix imbattable et \u00e0 la dur\u00e9e de vie in\u00e9galable !<\/p>\n","protected":false},"excerpt":{"rendered":"<p>Parmi nos cabanes de rangement, il est un abri de jardin en acier qui brille par ses qualit\u00e9s. Qu&rsquo;est-ce qui fait sa particularit\u00e9 ? Quelles sont les caract\u00e9ristiques sp\u00e9cifiques de ce kit ? Nous allons tenter d&rsquo;y voir plus clair en d\u00e9taillant ses trois points diff\u00e9renciants. L&rsquo;abri de jardin acier dont il est question dans &hellip; <a href=\"https:\/\/www.franceabris.com\/BLOG\/abri-de-jardin-en-acier-les-3-points-forts\/\" class=\"more-link\">Continuer la lecture de <span class=\"screen-reader-text\">Abri de jardin en acier : les 3 points forts<\/span><\/a><\/p>\n","protected":false},"author":2,"featured_media":12302,"comment_status":"closed","ping_status":"closed","sticky":false,"template":"","format":"standard","meta":[],"categories":[3],"tags":[],"_links":{"self":[{"href":"https:\/\/www.franceabris.com\/BLOG\/wp-json\/wp\/v2\/posts\/12357"}],"collection":[{"href":"https:\/\/www.franceabris.com\/BLOG\/wp-json\/wp\/v2\/posts"}],"about":[{"href":"https:\/\/www.franceabris.com\/BLOG\/wp-json\/wp\/v2\/types\/post"}],"author":[{"embeddable":true,"href":"https:\/\/www.franceabris.com\/BLOG\/wp-json\/wp\/v2\/users\/2"}],"replies":[{"embeddable":true,"href":"https:\/\/www.franceabris.com\/BLOG\/wp-json\/wp\/v2\/comments?post=12357"}],"version-history":[{"count":0,"href":"https:\/\/www.franceabris.com\/BLOG\/wp-json\/wp\/v2\/posts\/12357\/revisions"}],"wp:featuredmedia":[{"embeddable":true,"href":"https:\/\/www.franceabris.com\/BLOG\/wp-json\/wp\/v2\/media\/12302"}],"wp:attachment":[{"href":"https:\/\/www.franceabris.com\/BLOG\/wp-json\/wp\/v2\/media?parent=12357"}],"wp:term":[{"taxonomy":"category","embeddable":true,"href":"https:\/\/www.franceabris.com\/BLOG\/wp-json\/wp\/v2\/categories?post=12357"},{"taxonomy":"post_tag","embeddable":true,"href":"https:\/\/www.franceabris.com\/BLOG\/wp-json\/wp\/v2\/tags?post=12357"}],"curies":[{"name":"wp","href":"https:\/\/api.w.org\/{rel}","templated":true}]}}