{"id":12368,"date":"2021-04-01T06:06:48","date_gmt":"2021-04-01T05:06:48","guid":{"rendered":"https:\/\/www.franceabris.com\/BLOG\/?p=12368"},"modified":"2021-03-26T17:43:23","modified_gmt":"2021-03-26T16:43:23","slug":"abri-de-rangement-en-rez-de-jardin-une-installation-necessaire","status":"publish","type":"post","link":"https:\/\/www.franceabris.com\/BLOG\/abri-de-rangement-en-rez-de-jardin-une-installation-necessaire\/","title":{"rendered":"Abri de rangement en rez-de-jardin : une installation n\u00e9cessaire !"},"content":{"rendered":"<p style=\"text-align: justify;\">Lorsqu&rsquo;on habite en ville, il n&rsquo;est pas toujours facile de trouver des solutions de rangement int\u00e9ressantes et pertinentes. <strong>Un constat d&rsquo;autant plus marqu\u00e9 lorsqu&rsquo;on habite en rez-de-jardin&#8230;<\/strong> Ce rez-de-jardin permet, en effet, de profiter d&rsquo;un peu plus de place au quotidien. Mais il implique, du m\u00eame coup, des besoins plus importants en mat\u00e9riel d&rsquo;entretien : en somme, les besoins d&rsquo;un propri\u00e9taire de maison avec un jardinet, lors m\u00eame que l&rsquo;on habite en appartement.<\/p>\n<p style=\"text-align: justify;\">Fort heureusement, des astuces malignes existent &#8211; <strong>et notamment des abris de jardin en kit tr\u00e8s adapt\u00e9s \u00e0 ce genre de situations<\/strong>. Des petites structures compl\u00e9mentaires offrant le chou\u00efa de surface de stockage suppl\u00e9mentaire n\u00e9cessaire. Et facilitant \u00e0 la fois l&rsquo;entretien du rez-de-jardin et le rangement de ce qui nous encombre en int\u00e9rieur. Le tout pour des prix tr\u00e8s abordables, avec un minimum d&rsquo;autorisations n\u00e9cessaires&#8230;<\/p>\n<p style=\"text-align: justify;\">A d\u00e9couvrir !<\/p>\n<h2 style=\"text-align: justify;\">Cr\u00e9er des solutions de stockage est une n\u00e9cessit\u00e9 en rez-de-jardin. Cela passe par l&rsquo;installation d&rsquo;un abri de rangement qui permet de se faciliter le quotidien. Focus sur un cabanon pratique !<\/h2>\n<p style=\"padding-left: 160px; text-align: justify;\"><em>D\u00e9couvrez diff\u00e9rents mod\u00e8les<\/em> <span style=\"color: #ff9900;\"><a style=\"color: #ff9900;\" href=\"https:\/\/www.franceabris.com\/6-abri-jardin-metal\" target=\"_blank\" rel=\"noopener noreferrer\">dans notre gamme abri de rangement m\u00e9tal<\/a><\/span><em>, rassemblant des kits de toutes tailles, pratiques, fonctionnels et potentiellement int\u00e9ressants lorsqu&rsquo;on habite en rez-de-jardin. Ou comment se cr\u00e9er des surfaces de stockage compl\u00e9mentaires !<\/em><\/p>\n<h3 style=\"text-align: justify;\">L&rsquo;utilit\u00e9 d&rsquo;un abri de rangement en rez-de-jardin<\/h3>\n<p style=\"text-align: justify;\"><strong>Le rez-de-jardin est une denr\u00e9e pris\u00e9e, en ville.<\/strong> Certes, certains refusent ces appartements bien particuliers pour des raisons de vis-\u00e0-vis, le jardinet \u00e9tant parfois le r\u00e9ceptacle des jets par les fen\u00eatres de voisins ind\u00e9licats. Mais, tr\u00e8s souvent, la possibilit\u00e9 d&rsquo;avoir un bout d&rsquo;espace vert \u00e0 port\u00e9e de main, le tout en profitant des commodit\u00e9s de la ville et d&rsquo;un appartement, fait la diff\u00e9rence aupr\u00e8s des acheteurs. Sauf qu&rsquo;il est un param\u00e8tre que l&rsquo;on oublie parfois&#8230; Ce petit lopin de terre r\u00e9clame tout de m\u00eame un peu d&rsquo;entretien. Entretien qui, \u00e0 son tour, r\u00e9clame un peu de place et de stockage !<\/p>\n<h4 style=\"text-align: center;\"><em>Un rez-de-jardin peut r\u00e9clamer un espace de stockage compl\u00e9mentaire<\/em><\/h4>\n<p style=\"text-align: justify;\">Ce peut \u00eatre une pelouse \u00e0 tondre. Des arbres et des arbustes \u00e0 tailler, en pot ou non mais, surtout, en nombre beaucoup plus cons\u00e9quent que sur un simple balcon. Une terrasse \u00e0 nettoyer r\u00e9guli\u00e8rement &#8211; d&rsquo;autant plus quand elle est expos\u00e9e \u00e0 la pollution de la ville. Autant de t\u00e2ches que l&rsquo;on ne conna\u00eet pas lorsqu&rsquo;on habite un logement en \u00e9tage et qui, en rez-de-jardin, r\u00e9clament de s&rsquo;\u00e9quiper. Une petite tondeuse, un k\u00e4rcher, du mobilier d&rsquo;ext\u00e9rieur, un ensemble de s\u00e9cateurs et produits d&rsquo;entretien&#8230; Ces objets fonctionnels, allez-vous les ranger dans un placard en int\u00e9rieur ? <strong>Ou dans un espace de stockage d\u00e9di\u00e9&#8230; en ext\u00e9rieur ?<\/strong><\/p>\n<figure id=\"attachment_12372\" aria-describedby=\"caption-attachment-12372\" style=\"width: 334px\" class=\"wp-caption aligncenter\"><a href=\"https:\/\/www.franceabris.com\/6-abri-jardin-metal\"><img decoding=\"async\" loading=\"lazy\" class=\"wp-image-12372 size-large\" style=\"border: 1px solid #000000;\" src=\"https:\/\/www.franceabris.com\/BLOG\/wp-content\/uploads\/2021\/03\/abri-de-rangement-metal-334x437.jpg\" alt=\"abri de rangement pour un rez-de-jardin\" width=\"334\" height=\"437\" srcset=\"https:\/\/www.franceabris.com\/BLOG\/wp-content\/uploads\/2021\/03\/abri-de-rangement-metal-334x437.jpg 334w, https:\/\/www.franceabris.com\/BLOG\/wp-content\/uploads\/2021\/03\/abri-de-rangement-metal-184x240.jpg 184w, https:\/\/www.franceabris.com\/BLOG\/wp-content\/uploads\/2021\/03\/abri-de-rangement-metal-75x98.jpg 75w, https:\/\/www.franceabris.com\/BLOG\/wp-content\/uploads\/2021\/03\/abri-de-rangement-metal.jpg 662w\" sizes=\"(max-width: 334px) 100vw, 334px\" \/><\/a><figcaption id=\"caption-attachment-12372\" class=\"wp-caption-text\">L&rsquo;abri de jardin m\u00e9tallique, en acier galvanis\u00e9, a toute sa place dans ce rez-de-jardin nanti d&rsquo;une belle terrasse carrel\u00e9e. Un support de stockage efficace !<\/figcaption><\/figure>\n<h3 style=\"text-align: justify;\">Quel cabanon m\u00e9tallique pour votre appartement ?<\/h3>\n<p style=\"text-align: justify;\">La r\u00e9ponse, vous l&rsquo;avez devin\u00e9e, est la suivante :<strong> il vous faut un petit abri de compl\u00e9ment, pour entreposer tous ces ajouts n\u00e9cessaires \u00e0 votre quotidien<\/strong>. Alors, attention, cet abri ne doit pas rogner une place trop importante sur un terrain qui, de fait, affiche une surface plut\u00f4t r\u00e9duite. Mais il peut prendre la forme d&rsquo;un modeste cabanon \u00e0 glisser un peu partout, discret, mais efficace&#8230; qui vous \u00e9vitera de coloniser les rangements int\u00e9rieurs avec votre mat\u00e9riel pour l&rsquo;ext\u00e9rieur. L&rsquo;abri doit \u00eatre de petite taille, couvrant quelques m\u00e8tres carr\u00e9s tout au plus &#8211; m\u00eame s&rsquo;il vous faudra peut-\u00eatre l&rsquo;autorisation de la copropri\u00e9t\u00e9 pour l&rsquo;installer. Et, surtout, \u00eatre tr\u00e8s simple d&rsquo;utilisation et d&rsquo;entretien.<\/p>\n<h3 style=\"text-align: justify;\">L&rsquo;exemple d&rsquo;un abri de jardin en acier sur une terrasse<\/h3>\n<p style=\"text-align: justify;\">Prenons l&rsquo;exemple d&rsquo;une situation lambda : un client cherche \u00e0 \u00e9quiper son rez-de-jardin d&rsquo;une solution de rangement. Que lui conseillons-nous ? Vers quoi devrait-il s&rsquo;orienter ? La r\u00e9ponse : tout d\u00e9pend des envies et des exigences de chacun. Mais il est tout de m\u00eame possible de d\u00e9gager des grandes lignes et, a fortiori, un choix qui pourrait \u00eatre privil\u00e9gi\u00e9&#8230;<\/p>\n<ol>\n<li style=\"text-align: justify;\"><strong>Il faut un abri de rangement de petite taille.<\/strong> En-dessous de 5 m\u00b2, les cabanons ne r\u00e9clament pas d&rsquo;autorisation de la part de la Mairie. Ils co\u00fbtent \u00e9galement moins cher. Et ils occupent une place moindre dans un jardin d&rsquo;une surface limit\u00e9e &#8211; surface limit\u00e9e qui limite \u00e9galement les besoins en mat\u00e9riel d&rsquo;entretien.<\/li>\n<li style=\"text-align: justify;\"><strong>Il faut un cabanon qui ne r\u00e9clame pas d&rsquo;entretien particulier.<\/strong> En rez-de-jardin, on pr\u00e9f\u00e8re se passer d&rsquo;avoir \u00e0 traiter et lasurer un abri en bois. On \u00e9vite d&rsquo;entreposer de massives poutres, le temps de les enduire d&rsquo;une solution protectrice. Et il n&rsquo;est pas forc\u00e9ment pratique de devoir lessiver sa structure !<\/li>\n<li style=\"text-align: justify;\"><strong>Il faut une cabane de stockage qui se monte et se d\u00e9monte assez facilement<\/strong>, tout en se fixant sans aucun probl\u00e8me au sol. Si vous vendez votre rez-de-jardin, vous aurez peut-\u00eatre \u00e0 d\u00e9monter votre abri. Et vous n&rsquo;avez pas le droit de toucher \u00e0 la fa\u00e7ade de l&rsquo;immeuble en l&rsquo;adossant contre.<\/li>\n<\/ol>\n<figure id=\"attachment_12371\" aria-describedby=\"caption-attachment-12371\" style=\"width: 498px\" class=\"wp-caption aligncenter\"><a href=\"https:\/\/www.franceabris.com\/6-abri-jardin-metal\"><img decoding=\"async\" loading=\"lazy\" class=\"wp-image-12371 \" style=\"border: 1px solid #000000;\" src=\"https:\/\/www.franceabris.com\/BLOG\/wp-content\/uploads\/2021\/03\/cabanon-de-jardin-metallique-582x437.jpg\" alt=\"cabane de jardin en acier galvanis\u00e9\" width=\"498\" height=\"375\" srcset=\"https:\/\/www.franceabris.com\/BLOG\/wp-content\/uploads\/2021\/03\/cabanon-de-jardin-metallique-582x437.jpg 582w, https:\/\/www.franceabris.com\/BLOG\/wp-content\/uploads\/2021\/03\/cabanon-de-jardin-metallique-320x240.jpg 320w, https:\/\/www.franceabris.com\/BLOG\/wp-content\/uploads\/2021\/03\/cabanon-de-jardin-metallique-131x98.jpg 131w, https:\/\/www.franceabris.com\/BLOG\/wp-content\/uploads\/2021\/03\/cabanon-de-jardin-metallique-768x576.jpg 768w, https:\/\/www.franceabris.com\/BLOG\/wp-content\/uploads\/2021\/03\/cabanon-de-jardin-metallique.jpg 1210w\" sizes=\"(max-width: 498px) 100vw, 498px\" \/><\/a><figcaption id=\"caption-attachment-12371\" class=\"wp-caption-text\">Un abri m\u00e9tallique peut se s\u00e9curiser avec un cadenas. Sur cette photo, on peut observer la qualit\u00e9 de l&rsquo;acier galvanis\u00e9 qui, en outre, est color\u00e9 pour un plus bel effet esth\u00e9tique.<\/figcaption><\/figure>\n<h4 style=\"text-align: center;\"><em>L&rsquo;abri de jardin m\u00e9tallique comme solution ?<\/em><\/h4>\n<p style=\"text-align: justify;\">Face \u00e0 ces diff\u00e9rents crit\u00e8res, une solution s&rsquo;impose comme \u00e9tant la plus efficace : <strong>l&rsquo;abri de jardin m\u00e9tallique.<\/strong> Une cabane de 3 m\u00b2 environ, qui tient presque de l&rsquo;armoire de rangement, con\u00e7ue en acier galvanis\u00e9. Ce dernier, un mat\u00e9riau tr\u00e8s r\u00e9sistant, ne craint pas la corrosion, ni le passage du temps, seulement friable face aux chocs r\u00e9p\u00e9t\u00e9s. Pas besoin d&rsquo;entretien, un simple coup d&rsquo;\u00e9ponge de temps en temps lorsque la pluie salit la structure. Sur un petit format, la visserie sera plus r\u00e9duite, le montage en \u00e9tant d&rsquo;autant plus facilit\u00e9 &#8211; tout comme le d\u00e9montage. Bref, une belle petite structure d&rsquo;appoint !<\/p>\n<p style=\"text-align: justify;\">Ne reste plus qu&rsquo;\u00e0 en optimiser l&rsquo;int\u00e9rieur avec des \u00e9tag\u00e8res, du petit mobilier, un coffre, si n\u00e9cessaire. Ou \u00e0 exploiter au maximum le volume g\u00e9n\u00e9ral de l&rsquo;abri de rangement, au sol comme dans sa verticalit\u00e9 !<\/p>\n","protected":false},"excerpt":{"rendered":"<p>Lorsqu&rsquo;on habite en ville, il n&rsquo;est pas toujours facile de trouver des solutions de rangement int\u00e9ressantes et pertinentes. Un constat d&rsquo;autant plus marqu\u00e9 lorsqu&rsquo;on habite en rez-de-jardin&#8230; Ce rez-de-jardin permet, en effet, de profiter d&rsquo;un peu plus de place au quotidien. Mais il implique, du m\u00eame coup, des besoins plus importants en mat\u00e9riel d&rsquo;entretien : &hellip; <a href=\"https:\/\/www.franceabris.com\/BLOG\/abri-de-rangement-en-rez-de-jardin-une-installation-necessaire\/\" class=\"more-link\">Continuer la lecture de <span class=\"screen-reader-text\">Abri de rangement en rez-de-jardin : une installation n\u00e9cessaire !<\/span><\/a><\/p>\n","protected":false},"author":2,"featured_media":12369,"comment_status":"closed","ping_status":"closed","sticky":false,"template":"","format":"standard","meta":[],"categories":[3],"tags":[],"_links":{"self":[{"href":"https:\/\/www.franceabris.com\/BLOG\/wp-json\/wp\/v2\/posts\/12368"}],"collection":[{"href":"https:\/\/www.franceabris.com\/BLOG\/wp-json\/wp\/v2\/posts"}],"about":[{"href":"https:\/\/www.franceabris.com\/BLOG\/wp-json\/wp\/v2\/types\/post"}],"author":[{"embeddable":true,"href":"https:\/\/www.franceabris.com\/BLOG\/wp-json\/wp\/v2\/users\/2"}],"replies":[{"embeddable":true,"href":"https:\/\/www.franceabris.com\/BLOG\/wp-json\/wp\/v2\/comments?post=12368"}],"version-history":[{"count":0,"href":"https:\/\/www.franceabris.com\/BLOG\/wp-json\/wp\/v2\/posts\/12368\/revisions"}],"wp:featuredmedia":[{"embeddable":true,"href":"https:\/\/www.franceabris.com\/BLOG\/wp-json\/wp\/v2\/media\/12369"}],"wp:attachment":[{"href":"https:\/\/www.franceabris.com\/BLOG\/wp-json\/wp\/v2\/media?parent=12368"}],"wp:term":[{"taxonomy":"category","embeddable":true,"href":"https:\/\/www.franceabris.com\/BLOG\/wp-json\/wp\/v2\/categories?post=12368"},{"taxonomy":"post_tag","embeddable":true,"href":"https:\/\/www.franceabris.com\/BLOG\/wp-json\/wp\/v2\/tags?post=12368"}],"curies":[{"name":"wp","href":"https:\/\/api.w.org\/{rel}","templated":true}]}}