{"id":12379,"date":"2021-04-13T06:06:33","date_gmt":"2021-04-13T05:06:33","guid":{"rendered":"https:\/\/www.franceabris.com\/BLOG\/?p=12379"},"modified":"2021-04-14T17:31:13","modified_gmt":"2021-04-14T16:31:13","slug":"professions-liberales-installez-votre-cabinet-dans-un-bureau-de-jardin-en-toute-independance","status":"publish","type":"post","link":"https:\/\/www.franceabris.com\/BLOG\/professions-liberales-installez-votre-cabinet-dans-un-bureau-de-jardin-en-toute-independance\/","title":{"rendered":"Professions lib\u00e9rales, installez votre cabinet dans un bureau de jardin, en toute ind\u00e9pendance !"},"content":{"rendered":"<p style=\"text-align: justify;\">S&rsquo;adapter au contexte \u00e9pid\u00e9mique actuel. Se faciliter la vie quotidienne. Faire des \u00e9conomies logistiques. Ou s&rsquo;offrir des locaux \u00e0 moindre frais&#8230; Les raisons incitant les professionnels lib\u00e9raux <strong>\u00e0 installer chez eux, \u00e0 domicile, leur cabinet sont nombreuses<\/strong>. Si certains rechignent \u00e9videmment \u00e0 recevoir leur patient\u00e8le ou leur client\u00e8le \u00e0 proximit\u00e9 de leur habitation, nombreuses sont les situations dans lesquelles ces craintes n&rsquo;ont pas lieu d&rsquo;\u00eatre.<\/p>\n<p style=\"text-align: justify;\">Et nombreux sont ces professionnels \u00e0 s&rsquo;am\u00e9nager un espace de travail adapt\u00e9 en exploitant les possibilit\u00e9s de leur propri\u00e9t\u00e9. Ce peut \u00eatre en d\u00e9diant pleinement une pi\u00e8ce, dans la maison, \u00e0 l&rsquo;activit\u00e9, m\u00eame si cette option r\u00e9clame souvent des r\u00e9am\u00e9nagements. Ou ce peut \u00eatre, plus simplement,<strong> en investissant dans un bureau de jardin<\/strong>. Un abri sp\u00e9cifiquement con\u00e7u pour accueillir des activit\u00e9s s\u00e9dentaires et professionnelles. Un abri de grande qualit\u00e9, \u00e0 monter dans son jardin.<\/p>\n<p>Explications.<\/p>\n<h2 style=\"text-align: justify;\">Les professionnels lib\u00e9raux font de plus en plus souvent ce choix : installer leur cabinet \u00e0 domicile, dans un abri sp\u00e9cifique et pleinement d\u00e9di\u00e9, le bureau de jardin.<\/h2>\n<p style=\"padding-left: 160px; text-align: justify;\"><span style=\"color: #ff9900;\"><a style=\"color: #ff9900;\" href=\"https:\/\/www.franceabris.com\/299-abri-jardin-bois-gamme-premium\" target=\"_blank\" rel=\"noopener noreferrer\">Notre gamme compl\u00e8te consacr\u00e9e au bureau de jardin et \u00e0 l&rsquo;abri pro<\/a><\/span> <em>est \u00e0 d\u00e9couvrir sur notre site. De nombreux kits sont disponibles, permettant de pratiquer son activit\u00e9 professionnelle en toute s\u00e9r\u00e9nit\u00e9 !<\/em><\/p>\n<h3 style=\"text-align: justify;\">Installer son cabinet dans un bureau de jardin : les avantages<\/h3>\n<p style=\"text-align: justify;\">Ils sont nombreux ! Et c&rsquo;est bien pour cette raison que<strong> le bureau de jardin est actuellement pl\u00e9biscit\u00e9 par les professionnels lib\u00e9raux<\/strong>. Il faut dire que la p\u00e9riode s&rsquo;y pr\u00eate bien&#8230; Avec la pand\u00e9mie, il est n\u00e9cessaire de r\u00e9inventer sa fa\u00e7on de travailler que ce soit parce que les enfants sont ou ont \u00e9t\u00e9 \u00e0 la maison durant de longues p\u00e9riodes ; parce que les locaux sont ferm\u00e9s pour raisons sanitaires ; parce que les mesures sanitaires \u00e0 respecter pour maintenir son activit\u00e9 sont parfois lourdes ; parce que l&rsquo;on veut tout mettre en \u0153uvre pour travailler efficacement et sereinement, et faire perdurer son activit\u00e9.<\/p>\n<h4 style=\"text-align: center;\"><em>De nombreux atouts au bureau de jardin pro<\/em><\/h4>\n<p style=\"text-align: justify;\"><strong>L&rsquo;int\u00e9r\u00eat du bureau de jardin, c&rsquo;est, <em>a fortiori<\/em>, l&rsquo;int\u00e9r\u00eat de pratiquer son activit\u00e9 pro \u00e0 domicile.<\/strong> Les inconv\u00e9nients, eux, on les conna\u00eet : lorsqu&rsquo;on est dans le param\u00e9dical, dans ce qui touche \u00e0 la sant\u00e9 des gens, \u00e0 des \u00e9l\u00e9ments tr\u00e8s personnels de la vie des clients et des patients, l&rsquo;on pr\u00e9f\u00e8re souvent mettre une barri\u00e8re avec la vie personnelle. Mais, \u00e0 la campagne ou dans des environnements sp\u00e9cifiques, les risques ne sont pas les m\u00eames. Prennent alors le dessus les nombreux atouts du bureau \u00e0 domicile !<\/p>\n<ul>\n<li style=\"text-align: justify;\">Simplifier sa vie quotidienne et supprimer les temps de trajet.<\/li>\n<li style=\"text-align: justify;\">Pouvoir g\u00e9rer les probl\u00e9matiques du quotidien sans rien sacrifier de sa vie professionnelle.<\/li>\n<li style=\"text-align: justify;\">Faire des \u00e9conomies sur ses locaux, avec un bureau au prix fixe et sans charges.<\/li>\n<li style=\"text-align: justify;\">B\u00e9n\u00e9ficier d&rsquo;un lieu s\u00e9par\u00e9 de la maison et, donc, de locaux qui n&#8217;empi\u00e8tent pas sur la vie personnelle.<\/li>\n<li style=\"text-align: justify;\">Faciliter la logistique, l&rsquo;entretien et centraliser ses dossiers.<\/li>\n<\/ul>\n<figure id=\"attachment_12381\" aria-describedby=\"caption-attachment-12381\" style=\"width: 397px\" class=\"wp-caption aligncenter\"><a href=\"https:\/\/www.franceabris.com\/299-abri-jardin-bois-gamme-premium\"><img decoding=\"async\" loading=\"lazy\" class=\"wp-image-12381 size-full\" style=\"border: 1px solid #000000;\" src=\"https:\/\/www.franceabris.com\/BLOG\/wp-content\/uploads\/2021\/04\/bureau-exterieur-bois-3734.jpg\" alt=\"bureau professions lib\u00e9rales\" width=\"397\" height=\"291\" srcset=\"https:\/\/www.franceabris.com\/BLOG\/wp-content\/uploads\/2021\/04\/bureau-exterieur-bois-3734.jpg 397w, https:\/\/www.franceabris.com\/BLOG\/wp-content\/uploads\/2021\/04\/bureau-exterieur-bois-3734-327x240.jpg 327w, https:\/\/www.franceabris.com\/BLOG\/wp-content\/uploads\/2021\/04\/bureau-exterieur-bois-3734-134x98.jpg 134w\" sizes=\"(max-width: 397px) 100vw, 397px\" \/><\/a><figcaption id=\"caption-attachment-12381\" class=\"wp-caption-text\">Ce chalet professionnel de 16 m\u00b2 est disponible sous la r\u00e9f\u00e9rence ID3734 sur notre site. Un bel exemple de ce qui se fait pour les professions lib\u00e9rales !<\/figcaption><\/figure>\n<h3 style=\"text-align: justify;\">Quel bureau de jardin choisir ?<\/h3>\n<p style=\"text-align: justify;\">Question pertinente : s&rsquo;il est av\u00e9r\u00e9 qu&rsquo;un bureau en kit pour un professionnel lib\u00e9ral est int\u00e9ressant, encore faut-il savoir quel mod\u00e8le choisir&#8230; et, surtout, comment le choisir ! Car, comme vous pouvez vous en douter, <strong>il y a des bureaux et des chalets pros tr\u00e8s diff\u00e9rents selon l&rsquo;activit\u00e9 pratiqu\u00e9e<\/strong>. Dans le cas des professions lib\u00e9rales, relevant notamment du param\u00e9dical ou des pratiques th\u00e9rapeutiques, il faut envisager la fa\u00e7on que l&rsquo;on aura d&rsquo;accueillir son public, ses patients, ses clients. Avec quelques grandes lignes :<\/p>\n<ul>\n<li style=\"text-align: justify;\">un bureau pr\u00e9sentant <strong>un vaste espace<\/strong> &#8211; si l&rsquo;on choisit de faire l&rsquo;\u00e9conomie d&rsquo;une salle d&rsquo;attente -, afin de pouvoir non seulement pratiquer son activit\u00e9, mais \u00e9galement traiter l&rsquo;administratif \u00e0 un bureau assis ;<\/li>\n<li style=\"text-align: justify;\">un abri offrant <strong>de belles ouvertures<\/strong>, assurant une luminosit\u00e9 importante \u00e0 l&rsquo;int\u00e9rieur. Avec des persiennes ou des claustras pour garantir la confidentialit\u00e9. Ou de la vitrauphanie, une option pratique ;<\/li>\n<li style=\"text-align: justify;\">si possible, un chalet qui propose <strong>deux pi\u00e8ces diff\u00e9rentes<\/strong>, de mani\u00e8re \u00e0 am\u00e9nager deux espaces distincts (salle d&rsquo;attente\/cabinet ; bureau\/salle de soins&#8230;) ;<\/li>\n<li style=\"text-align: justify;\">une structure con\u00e7ue dans <strong>des madriers de bois<\/strong> les plus \u00e9pais possibles &#8211; de cette \u00e9paisseur d\u00e9pend en partie la bonne isolation thermique et la possibilit\u00e9 de recevoir du public \u00e0 l&rsquo;int\u00e9rieur en toute saison ;<\/li>\n<li style=\"text-align: justify;\">la n\u00e9cessit\u00e9 <strong>d&rsquo;installer l&rsquo;\u00e9lectricit\u00e9<\/strong> \u00e0 l&rsquo;int\u00e9rieur du chalet, permettant d&rsquo;avoir un acc\u00e8s \u00e0 Internet, de poser des radiateurs d&rsquo;appoints et de greffer des points de lumi\u00e8re.<\/li>\n<li style=\"text-align: justify;\">l&rsquo;importance de pouvoir <strong>s\u00e9curiser son bureau d&rsquo;ext\u00e9rieur<\/strong>, qui peut accueillir des dossiers parfois confidentiels, du mat\u00e9riel&#8230;<\/li>\n<\/ul>\n<h3 style=\"text-align: justify;\">L&rsquo;exemple d&rsquo;une naturopathe is\u00e9roise, install\u00e9e \u00e0 Vienne (38)<\/h3>\n<p style=\"text-align: justify;\">Parmi les pratiques th\u00e9rapeutiques, la naturopathie est une activit\u00e9 qui peut tout \u00e0 fait \u00eatre pratiqu\u00e9e \u00e0 domicile, <strong>dans un cabinet install\u00e9 dans un bureau de jardin<\/strong>. Ce peut \u00eatre le chalet ci-dessous qui offre 18 m\u00b2 de surface utile, s\u00e9par\u00e9s en deux pi\u00e8ces distinctes, que <span style=\"color: #ff9900;\"><a style=\"color: #ff9900;\" href=\"https:\/\/france-naturopathe.com\/\" target=\"_blank\" rel=\"noopener noreferrer\">cette naturopathe de Vienne (38)<\/a><\/span> appr\u00e9cie tout particuli\u00e8rement.<\/p>\n<figure id=\"attachment_12380\" aria-describedby=\"caption-attachment-12380\" style=\"width: 397px\" class=\"wp-caption aligncenter\"><a href=\"https:\/\/www.franceabris.com\/299-abri-jardin-bois-gamme-premium\"><img decoding=\"async\" loading=\"lazy\" class=\"wp-image-12380 size-full\" style=\"border: 1px solid #000000;\" src=\"https:\/\/www.franceabris.com\/BLOG\/wp-content\/uploads\/2021\/04\/bureau-de-jardin-professions-liberales.jpg\" alt=\"bureau de jardin pour le cabinet des professions lib\u00e9rales\" width=\"397\" height=\"291\" srcset=\"https:\/\/www.franceabris.com\/BLOG\/wp-content\/uploads\/2021\/04\/bureau-de-jardin-professions-liberales.jpg 397w, https:\/\/www.franceabris.com\/BLOG\/wp-content\/uploads\/2021\/04\/bureau-de-jardin-professions-liberales-327x240.jpg 327w, https:\/\/www.franceabris.com\/BLOG\/wp-content\/uploads\/2021\/04\/bureau-de-jardin-professions-liberales-134x98.jpg 134w\" sizes=\"(max-width: 397px) 100vw, 397px\" \/><\/a><figcaption id=\"caption-attachment-12380\" class=\"wp-caption-text\">Ce bureau de jardin pro est disponible sous la r\u00e9f\u00e9rence ID4382. Un abri de grande qualit\u00e9, id\u00e9al pour la naturopathie !<\/figcaption><\/figure>\n<p style=\"text-align: justify;\">Les ouvertures sont nombreuses : si l&rsquo;on gardera la pleine lumi\u00e8re pour la premi\u00e8re pi\u00e8ce, l&rsquo;on posera une vitrauphanie pour un minimum de confidentialit\u00e9 dans la deuxi\u00e8me. Les madriers de 44 mm peuvent r\u00e9clamer un petit compl\u00e9ment d&rsquo;isolation, \u00e0 moins que l&rsquo;on n&rsquo;opte pour des radiateurs d&rsquo;appoint en saison hivernale.<\/p>\n<p style=\"text-align: justify;\">Parfait pour une activit\u00e9 pro \u00e0 domicile !<\/p>\n","protected":false},"excerpt":{"rendered":"<p>S&rsquo;adapter au contexte \u00e9pid\u00e9mique actuel. Se faciliter la vie quotidienne. Faire des \u00e9conomies logistiques. Ou s&rsquo;offrir des locaux \u00e0 moindre frais&#8230; Les raisons incitant les professionnels lib\u00e9raux \u00e0 installer chez eux, \u00e0 domicile, leur cabinet sont nombreuses. Si certains rechignent \u00e9videmment \u00e0 recevoir leur patient\u00e8le ou leur client\u00e8le \u00e0 proximit\u00e9 de leur habitation, nombreuses sont &hellip; <a href=\"https:\/\/www.franceabris.com\/BLOG\/professions-liberales-installez-votre-cabinet-dans-un-bureau-de-jardin-en-toute-independance\/\" class=\"more-link\">Continuer la lecture de <span class=\"screen-reader-text\">Professions lib\u00e9rales, installez votre cabinet dans un bureau de jardin, en toute ind\u00e9pendance !<\/span><\/a><\/p>\n","protected":false},"author":2,"featured_media":12382,"comment_status":"closed","ping_status":"closed","sticky":false,"template":"","format":"standard","meta":[],"categories":[1],"tags":[],"_links":{"self":[{"href":"https:\/\/www.franceabris.com\/BLOG\/wp-json\/wp\/v2\/posts\/12379"}],"collection":[{"href":"https:\/\/www.franceabris.com\/BLOG\/wp-json\/wp\/v2\/posts"}],"about":[{"href":"https:\/\/www.franceabris.com\/BLOG\/wp-json\/wp\/v2\/types\/post"}],"author":[{"embeddable":true,"href":"https:\/\/www.franceabris.com\/BLOG\/wp-json\/wp\/v2\/users\/2"}],"replies":[{"embeddable":true,"href":"https:\/\/www.franceabris.com\/BLOG\/wp-json\/wp\/v2\/comments?post=12379"}],"version-history":[{"count":0,"href":"https:\/\/www.franceabris.com\/BLOG\/wp-json\/wp\/v2\/posts\/12379\/revisions"}],"wp:featuredmedia":[{"embeddable":true,"href":"https:\/\/www.franceabris.com\/BLOG\/wp-json\/wp\/v2\/media\/12382"}],"wp:attachment":[{"href":"https:\/\/www.franceabris.com\/BLOG\/wp-json\/wp\/v2\/media?parent=12379"}],"wp:term":[{"taxonomy":"category","embeddable":true,"href":"https:\/\/www.franceabris.com\/BLOG\/wp-json\/wp\/v2\/categories?post=12379"},{"taxonomy":"post_tag","embeddable":true,"href":"https:\/\/www.franceabris.com\/BLOG\/wp-json\/wp\/v2\/tags?post=12379"}],"curies":[{"name":"wp","href":"https:\/\/api.w.org\/{rel}","templated":true}]}}