{"id":12401,"date":"2021-04-15T09:43:58","date_gmt":"2021-04-15T08:43:58","guid":{"rendered":"https:\/\/www.franceabris.com\/BLOG\/?p=12401"},"modified":"2021-04-15T09:43:58","modified_gmt":"2021-04-15T08:43:58","slug":"lhorizon-seclaircit-pour-les-vehicules-depoque","status":"publish","type":"post","link":"https:\/\/www.franceabris.com\/BLOG\/lhorizon-seclaircit-pour-les-vehicules-depoque\/","title":{"rendered":"L&rsquo;horizon s&rsquo;\u00e9claircit pour les v\u00e9hicules d&rsquo;\u00e9poque"},"content":{"rendered":"<p style=\"text-align: justify;\">Du nouveau pour les v\u00e9hicules d&rsquo;\u00e9poque ! Le jeudi 11 mars dernier, le S\u00e9nat a adopt\u00e9 <strong>\u00ab\u00a0la proposition de loi visant \u00e0 la cr\u00e9ation d&rsquo;une vignette \u00ab\u00a0collection\u00a0\u00bb pour le maintien de la circulation des v\u00e9hicules d&rsquo;\u00e9poque\u00a0\u00bb<\/strong>, d\u00e9pos\u00e9e par le s\u00e9nateur de Lot-et-Garonne, Jean-Pierre Moga. L&rsquo;objectif : <span style=\"color: #ff9900;\"><a style=\"color: #ff9900;\" href=\"https:\/\/www.lefigaro.fr\/automobile\/loi-climat-les-vehicules-de-collection-toujours-libres-de-circuler-20210316\" target=\"_blank\" rel=\"noopener noreferrer\">permettre la libre circulation des v\u00e9hicules de collection<\/a><\/span> dans un contexte o\u00f9 les m\u00e9caniques ne respectant pas les normes modernes de faible \u00e9mission sont chass\u00e9es des fameuses ZFE, les Zones \u00e0 Faibles \u00c9missions, r\u00e9serv\u00e9es aux modes de locomotion les moins polluants.<\/p>\n<p style=\"text-align: justify;\">Vous le savez, <span style=\"color: #ff9900;\"><a style=\"color: #ff9900;\" href=\"https:\/\/www.franceabris.com\/BLOG\/au-service-des-collectionneurs-france-abris-adhere-a-la-federation-francaise-des-vehicules-depoque\/\" target=\"_blank\" rel=\"noopener noreferrer\">FRANCE ABRIS est adh\u00e9rent de la F\u00e9d\u00e9ration Fran\u00e7aise des V\u00e9hicules d&rsquo;\u00c9poque<\/a><\/span>, qui a \u00e9t\u00e9 en premi\u00e8re ligne dans ce dossier afin de d\u00e9fendre les collectionneurs et le patrimoine automobile tricolore. <strong>FRANCE ABRIS fournit aux propri\u00e9taires de v\u00e9hicules d&rsquo;\u00e9poque des abris garages adapt\u00e9s<\/strong> \u00e0 l&rsquo;entretien et \u00e0 la protection de leurs petits bijoux &#8211; protection n\u00e9cessaire pour des v\u00e9hicules qui ne roulent pas quotidiennement.<\/p>\n<p style=\"text-align: justify;\">Avec cette proposition de loi, les v\u00e9hicules de collection b\u00e9n\u00e9ficieraient d&rsquo;une vignette sp\u00e9cifique, offrant une d\u00e9rogation&#8230; Explications.<\/p>\n<h2 style=\"text-align: justify;\">Les v\u00e9hicules de collection vont peut-\u00eatre enfin rouler tranquilles&#8230; Une proposition de loi, d\u00e9pos\u00e9e par Jean-Pierre Moga et soutenue par la FFVE, vise \u00e0 leur accorder une\u00a0 vignette sp\u00e9cifique.<\/h2>\n<p style=\"padding-left: 160px; text-align: justify;\"><em>Vous trouverez, sur notre site, tout un ensemble de kits rassembl\u00e9s en une<\/em> <span style=\"color: #ff9900;\"><a style=\"color: #ff9900;\" href=\"https:\/\/www.franceabris.com\/321-garage-pour-voiture-de-collection\" target=\"_blank\" rel=\"noopener noreferrer\">gamme garage pour v\u00e9hicules de collection<\/a><\/span><em>. Des abris qui visent \u00e0 prot\u00e9ger des m\u00e9caniques qui en ont bien besoin ! Pratique pour bichonner et entretenir son v\u00e9hicule&#8230;<\/em><\/p>\n<h3 style=\"text-align: justify;\">L&rsquo;actu : bient\u00f4t une vignette pour les v\u00e9hicules de collection ?<\/h3>\n<p style=\"text-align: justify;\">C&rsquo;est une premi\u00e8re \u00e9tape d&rsquo;importance : la proposition de loi d\u00e9pos\u00e9e par Jean-Pierre Moga, d\u00e9put\u00e9 de Lot-et-Garonne, a \u00e9t\u00e9 adopt\u00e9e par le S\u00e9nat, mi-mars dernier. Son objectif ? <strong>Permettre aux v\u00e9hicules de collection de continuer \u00e0 pouvoir circuler librement<\/strong> dans le cadre de la Loi Climat, port\u00e9e par le gouvernement. Cette Loi Climat traite de la <em>\u00ab\u00a0lutte contre le d\u00e9r\u00e8glement climatique\u00a0\u00bb <\/em>et le<em> \u00ab\u00a0renforcement de la r\u00e9silience face \u00e0 ses effets\u00a0\u00bb<\/em>, s&rsquo;int\u00e9ressant ainsi \u00e0 la mobilit\u00e9 et, donc, \u00e0 la circulation des v\u00e9hicules dans les Zones \u00e0 Faibles \u00c9missions.<\/p>\n<h4 style=\"text-align: center;\"><em>Les v\u00e9hicules de collection risquaient de ne plus pouvoir circuler en ZFE<\/em><\/h4>\n<p style=\"text-align: justify;\">Le probl\u00e8me soulev\u00e9 par ce d\u00e9put\u00e9 et la F\u00e9d\u00e9ration Fran\u00e7aise des V\u00e9hicules d&rsquo;\u00c9poque ? Un v\u00e9hicule de collection n&rsquo;est pas amen\u00e9 \u00e0 circuler quotidiennement &#8211; il fait, en moyenne, 100 km par an &#8211; et presque jamais dans les zones urbaines cibl\u00e9es par la Loi Climat, les Zones \u00e0 Faibles \u00c9missions. En revanche, <strong>nombreux sont les propri\u00e9taires \u00e0 vivre en zone urbaine<\/strong>&#8230; D&rsquo;o\u00f9 la n\u00e9cessit\u00e9 de leur permettre d&rsquo;en sortir et d&rsquo;y rentrer !<\/p>\n<figure id=\"attachment_12402\" aria-describedby=\"caption-attachment-12402\" style=\"width: 607px\" class=\"wp-caption aligncenter\"><a href=\"https:\/\/www.franceabris.com\/321-garage-pour-voiture-de-collection\"><img decoding=\"async\" loading=\"lazy\" class=\"wp-image-12402 size-large\" style=\"border: 1px solid #000000;\" src=\"https:\/\/www.franceabris.com\/BLOG\/wp-content\/uploads\/2021\/04\/citroen-4617477_640-607x403.jpg\" alt=\"v\u00e9hicule de collection\" width=\"607\" height=\"403\" srcset=\"https:\/\/www.franceabris.com\/BLOG\/wp-content\/uploads\/2021\/04\/citroen-4617477_640-607x403.jpg 607w, https:\/\/www.franceabris.com\/BLOG\/wp-content\/uploads\/2021\/04\/citroen-4617477_640-361x240.jpg 361w, https:\/\/www.franceabris.com\/BLOG\/wp-content\/uploads\/2021\/04\/citroen-4617477_640-148x98.jpg 148w, https:\/\/www.franceabris.com\/BLOG\/wp-content\/uploads\/2021\/04\/citroen-4617477_640.jpg 640w\" sizes=\"(max-width: 607px) 100vw, 607px\" \/><\/a><figcaption id=\"caption-attachment-12402\" class=\"wp-caption-text\">Les v\u00e9hicules de collection devraient pouvoir continuer \u00e0 circuler librement en ZFE !<\/figcaption><\/figure>\n<h4 style=\"text-align: center;\"><em>Une vignette qui offre une d\u00e9rogation aux cartes grises de collection<\/em><\/h4>\n<p style=\"text-align: justify;\">Cela devrait pouvoir \u00eatre le cas, <strong>gr\u00e2ce \u00e0 l&rsquo;attribution d&rsquo;une vignette sp\u00e9cifique, offrant une d\u00e9rogation aux v\u00e9hicules ayant une carte grise de collection<\/strong>. Un moyen de normaliser la situation actuelle qui leur permettait d\u00e9j\u00e0 de circuler dans ces zones, malgr\u00e9 leur incompatibilit\u00e9 avec le syst\u00e8me Crit&rsquo;Air (les v\u00e9hicules datant <span style=\"color: #ff9900;\"><a style=\"color: #ff9900;\" href=\"http:\/\/www.lerepairedesmotards.com\/droit\/vignette-anti-pollution-crit-air-classification-vehicules.php\" target=\"_blank\" rel=\"noopener noreferrer\">d&rsquo;avant le 31 d\u00e9cembre 1996 n&rsquo;entrent pas dans la classification Crit&rsquo;Air<\/a><\/span>), une tol\u00e9rance qui ne devait \u00eatre que temporaire. Mieux, alors que les collectivit\u00e9s territoriales ont la possibilit\u00e9 de renforcer les restrictions concernant les v\u00e9hicules dans les ZFE, elles ne devraient plus pouvoir, avec cette proposition de loi, inclure les v\u00e9hicules de collection dans ces restrictions. Attention, tout de m\u00eame : seront exclus de la d\u00e9rogation les d\u00e9placements domicile\/travail.<\/p>\n<h3 style=\"text-align: justify;\">Pensez \u00e0 abriter et prot\u00e9ger votre v\u00e9hicule de collection<\/h3>\n<p style=\"text-align: justify;\">FRANCE ABRIS soutient \u00e9videmment les collectionneurs. Et c&rsquo;est pour cette raison que l&rsquo;entreprise est adh\u00e9rente \u00e0 la F\u00e9d\u00e9ration Fran\u00e7aise des V\u00e9hicules d&rsquo;\u00c9poque ! Il faut dire qu&rsquo;une m\u00e9canique un peu ancienne r\u00e9clame d&rsquo;\u00eatre bichonn\u00e9e, entretenue et prot\u00e9g\u00e9e. Et que nous sommes, \u00e0 ce titre, tr\u00e8s r\u00e9guli\u00e8rement sollicit\u00e9s pour proposer des solutions de protection adapt\u00e9es \u00e0 de tels v\u00e9hicules. Avec, comme id\u00e9e fixe : permettre aux collectionneurs qui n&rsquo;auraient pas de garage en dur ou en sous-sol<strong> d&rsquo;abriter leurs bijoux dans une structure autoportante en bois ou en m\u00e9tal<\/strong>.<\/p>\n<h4 style=\"text-align: center;\"><em>Qu&rsquo;est-ce qu&rsquo;un garage adapt\u00e9 \u00e0 un v\u00e9hicule de collection ?<\/em><\/h4>\n<p style=\"text-align: justify;\">Cette structure doit remplir plusieurs crit\u00e8res pour offrir un maximum de confort au propri\u00e9taire.<\/p>\n<ul>\n<li style=\"text-align: justify;\">Elle doit \u00eatre <strong>close<\/strong> : c&rsquo;est l&rsquo;\u00e9vidence, mais abriter son v\u00e9hicule d&rsquo;\u00e9poque dans un garage clos, c&rsquo;est le prot\u00e9ger des agressions naturelles, ainsi que des regards indiscrets&#8230; Un garage bien s\u00e9curis\u00e9 rime toujours avec s\u00e9r\u00e9nit\u00e9 !<\/li>\n<li style=\"text-align: justify;\">Elle doit \u00eatre suffisamment <strong>grande<\/strong> : il faut pouvoir circuler autour du v\u00e9hicule avec aisance. C&rsquo;est essentiel pour en faciliter l&rsquo;entretien et prendre un peu de recul ! M\u00eame si rien ne remplace un vaste auvent devant le garage, permettant de nettoyer en ext\u00e9rieur.<\/li>\n<li style=\"text-align: justify;\">Elle doit \u00eatre <strong>r\u00e9sistante<\/strong> : avec un garage en madriers de bois ou un kit en acier renforc\u00e9 et isol\u00e9, vous ne craindrez pas les intemp\u00e9ries et votre garage affichera une dur\u00e9e de vie optimale. Un garage qui prot\u00e8ge son v\u00e9hicule de la gr\u00eale mais qui s&rsquo;envole \u00e0 la premi\u00e8re bourrasque n&rsquo;est pas un bon garage !<\/li>\n<li style=\"text-align: justify;\">Elle doit pouvoir accueillir un peu de <strong>stockage<\/strong> : jantes, pneus, mat\u00e9riel et outillage d&rsquo;entretien, huiles, produits en tout genre&#8230; Le garage ind\u00e9pendant peut \u00eatre un espace pleinement d\u00e9di\u00e9 \u00e0 votre m\u00e9canique. Pratique !<\/li>\n<\/ul>\n<figure id=\"attachment_12403\" aria-describedby=\"caption-attachment-12403\" style=\"width: 397px\" class=\"wp-caption aligncenter\"><a href=\"https:\/\/www.franceabris.com\/321-garage-pour-voiture-de-collection\"><img decoding=\"async\" loading=\"lazy\" class=\"wp-image-12403 size-full\" style=\"border: 1px solid #000000;\" src=\"https:\/\/www.franceabris.com\/BLOG\/wp-content\/uploads\/2021\/04\/3198-garage-vehicule-de-collection.jpg\" alt=\"garage v\u00e9hicule de collection\" width=\"397\" height=\"291\" srcset=\"https:\/\/www.franceabris.com\/BLOG\/wp-content\/uploads\/2021\/04\/3198-garage-vehicule-de-collection.jpg 397w, https:\/\/www.franceabris.com\/BLOG\/wp-content\/uploads\/2021\/04\/3198-garage-vehicule-de-collection-327x240.jpg 327w, https:\/\/www.franceabris.com\/BLOG\/wp-content\/uploads\/2021\/04\/3198-garage-vehicule-de-collection-134x98.jpg 134w\" sizes=\"(max-width: 397px) 100vw, 397px\" \/><\/a><figcaption id=\"caption-attachment-12403\" class=\"wp-caption-text\">Ce garage pour v\u00e9hicule d&rsquo;\u00e9poque est disponible sous la r\u00e9f\u00e9rence ID3198 sur notre site. Un kit particuli\u00e8rement bien pens\u00e9, avec ce vaste auvent sur le devant de l&rsquo;abri !<\/figcaption><\/figure>\n<p style=\"text-align: justify;\">\u00c9videmment, certains se servent de <strong>ce garage autoportant pour y garer la ou les voitures familiales<\/strong>, afin d&rsquo;offrir leur place initiale, dans le garage en dur ou en sous-sol, \u00e0 la voiture de collection. Une bonne id\u00e9e aussi : il est assez facile de trouver un abri adapt\u00e9 au stationnement d&rsquo;une citadine ou d&rsquo;une berline.<\/p>\n<h3 style=\"text-align: justify;\">Une nouvelle victoire pour la FFVE<\/h3>\n<p style=\"text-align: justify;\">Cela fait maintenant de nombreuses ann\u00e9es que la FFVE s&rsquo;engage aux c\u00f4t\u00e9s des collectionneurs <strong>pour la pr\u00e9servation du patrimoine automobile hexagonal<\/strong>. Reconnue d&rsquo;utilit\u00e9 publique par d\u00e9cret en 2009, elle s&rsquo;est battue pour la carte grise de collection, le contr\u00f4le technique adapt\u00e9, la dispense des phares allum\u00e9s de jour&#8230; Au total, ce sont 1200 clubs, mus\u00e9es et pros du v\u00e9hicule ancien qui sont rassembl\u00e9s sous sa houlette&#8230; et pas moins de 230 000 collectionneurs, repr\u00e9sentant 800 000 v\u00e9hicules. Autant dire qu&rsquo;il \u00e9tait important que ces passionn\u00e9s puissent continuer \u00e0 participer, \u00e0 leur mani\u00e8re, \u00e0 la protection, \u00e0 la transmission, \u00e0 la vie, tout simplement de ce pan unique de notre histoire nationale !<\/p>\n","protected":false},"excerpt":{"rendered":"<p>Du nouveau pour les v\u00e9hicules d&rsquo;\u00e9poque ! Le jeudi 11 mars dernier, le S\u00e9nat a adopt\u00e9 \u00ab\u00a0la proposition de loi visant \u00e0 la cr\u00e9ation d&rsquo;une vignette \u00ab\u00a0collection\u00a0\u00bb pour le maintien de la circulation des v\u00e9hicules d&rsquo;\u00e9poque\u00a0\u00bb, d\u00e9pos\u00e9e par le s\u00e9nateur de Lot-et-Garonne, Jean-Pierre Moga. L&rsquo;objectif : permettre la libre circulation des v\u00e9hicules de collection dans &hellip; <a href=\"https:\/\/www.franceabris.com\/BLOG\/lhorizon-seclaircit-pour-les-vehicules-depoque\/\" class=\"more-link\">Continuer la lecture de <span class=\"screen-reader-text\">L&rsquo;horizon s&rsquo;\u00e9claircit pour les v\u00e9hicules d&rsquo;\u00e9poque<\/span><\/a><\/p>\n","protected":false},"author":2,"featured_media":3685,"comment_status":"closed","ping_status":"closed","sticky":false,"template":"","format":"standard","meta":[],"categories":[2,3],"tags":[],"_links":{"self":[{"href":"https:\/\/www.franceabris.com\/BLOG\/wp-json\/wp\/v2\/posts\/12401"}],"collection":[{"href":"https:\/\/www.franceabris.com\/BLOG\/wp-json\/wp\/v2\/posts"}],"about":[{"href":"https:\/\/www.franceabris.com\/BLOG\/wp-json\/wp\/v2\/types\/post"}],"author":[{"embeddable":true,"href":"https:\/\/www.franceabris.com\/BLOG\/wp-json\/wp\/v2\/users\/2"}],"replies":[{"embeddable":true,"href":"https:\/\/www.franceabris.com\/BLOG\/wp-json\/wp\/v2\/comments?post=12401"}],"version-history":[{"count":0,"href":"https:\/\/www.franceabris.com\/BLOG\/wp-json\/wp\/v2\/posts\/12401\/revisions"}],"wp:featuredmedia":[{"embeddable":true,"href":"https:\/\/www.franceabris.com\/BLOG\/wp-json\/wp\/v2\/media\/3685"}],"wp:attachment":[{"href":"https:\/\/www.franceabris.com\/BLOG\/wp-json\/wp\/v2\/media?parent=12401"}],"wp:term":[{"taxonomy":"category","embeddable":true,"href":"https:\/\/www.franceabris.com\/BLOG\/wp-json\/wp\/v2\/categories?post=12401"},{"taxonomy":"post_tag","embeddable":true,"href":"https:\/\/www.franceabris.com\/BLOG\/wp-json\/wp\/v2\/tags?post=12401"}],"curies":[{"name":"wp","href":"https:\/\/api.w.org\/{rel}","templated":true}]}}