{"id":12497,"date":"2021-06-05T06:06:35","date_gmt":"2021-06-05T05:06:35","guid":{"rendered":"https:\/\/www.franceabris.com\/BLOG\/?p=12497"},"modified":"2021-05-25T17:58:41","modified_gmt":"2021-05-25T16:58:41","slug":"labri-velos-en-3-exemples","status":"publish","type":"post","link":"https:\/\/www.franceabris.com\/BLOG\/labri-velos-en-3-exemples\/","title":{"rendered":"L&rsquo;abri v\u00e9los en 3 exemples"},"content":{"rendered":"<p style=\"text-align: justify;\"><strong>L&rsquo;abri v\u00e9los, une installation in\u00e9vitable, \u00e0 terme, pour les entreprises ?<\/strong> La question peut se poser : les Fran\u00e7ais sont de plus en plus nombreux \u00e0 aller au travail en v\u00e9lo. Or, les entreprises ne sont pas toujours \u00e9quip\u00e9es pour faire face \u00e0 ces nouveaux modes de locomotion. Car, qui dit v\u00e9lo, dit n\u00e9cessit\u00e9 de pouvoir laisser son deux-roues en \u00ab\u00a0stationnement\u00a0\u00bb en toute s\u00e9curit\u00e9.<\/p>\n<p style=\"text-align: justify;\">Pour s&rsquo;adapter \u00e0 ces changements de fond, \u00e0 ces tendances in\u00e9vitablement durables au vu des pr\u00e9occupations \u00e9cologiques du pays,<strong> les professionnels doivent s&rsquo;adapter<\/strong>. Une entreprise qui aurait un parking \u00e0 destination de ses clients et de ses collaborateurs ne saurait se passer d&rsquo;un toit d\u00e9di\u00e9 aux cycles&#8230; Une autre, en centre-ville, sans espace de stationnement mais avec, tout de m\u00eame, un peu de terrain, pourrait choisir de monter quelques abris&#8230;<\/p>\n<p style=\"text-align: justify;\">Focus sur trois types d&rsquo;abris pour les v\u00e9los \u00e0 installer en entreprise !<\/p>\n<h2 style=\"text-align: justify;\">L&rsquo;abri v\u00e9lo devient incontournable en entreprise et dans les collectivit\u00e9s. Mais comment s&rsquo;adapter et donner l&rsquo;exemple si l&rsquo;on ne s&rsquo;\u00e9quipe pas convenablement ?<\/h2>\n<p style=\"padding-left: 160px; text-align: justify;\"><span style=\"color: #ff9900;\"><a style=\"color: #ff9900;\" href=\"https:\/\/www.franceabris.com\/86-abri-moto-velo\" target=\"_blank\" rel=\"noopener\">D\u00e9couvrez notre gamme abri v\u00e9lo et moto<\/a><\/span><em>, o\u00f9 les professionnels peuvent trouver des kits, des mod\u00e8les et des formats de toits pour les deux-roues adapt\u00e9s \u00e0 leur situation. Un investissement, certes, mais qui semble \u00e0 terme assez in\u00e9vitable&#8230;<\/em><\/p>\n<h3 style=\"text-align: justify;\">L&rsquo;abri v\u00e9lo design, petit format<\/h3>\n<p style=\"text-align: justify;\"><strong>L&rsquo;abri v\u00e9lo en entreprise peut prendre des formes diverses.<\/strong> Ce peut \u00eatre un petit format, adapt\u00e9 \u00e0 la taille de la soci\u00e9t\u00e9&#8230; A moins qu&rsquo;il ne s&rsquo;agisse de plusieurs entreprises investissant, ensemble, dans un espace d\u00e9di\u00e9. L&rsquo;abri v\u00e9lo demi-lune ci-dessous se distingue par son design tr\u00e8s sympa. Et permet, en outre, de maximiser la protection contre un vent dominant ! Livr\u00e9 avec un r\u00e2telier pr\u00e9vu pour six deux-roues, il r\u00e9pond \u00e0 de petits besoins en abri, m\u00eame s&rsquo;il peut, bien entendu, \u00eatre dupliqu\u00e9 cinq, six, voire 10 fois afin de cr\u00e9er 60 emplacements qualitatifs. La structure de l&rsquo;abri est constitu\u00e9e de poteaux en acier, tandis que la vo\u00fbte, la couverture est en polycarbonate alv\u00e9olaire trait\u00e9 anti-UV. L&rsquo;acier, un gage de r\u00e9sistance pour un abri qui dure, qui doit durer puisque la tendance du v\u00e9lotaf n&rsquo;est pas un simple effet de mode. Le polycarbonate, un mat\u00e9riau qui ne craint pas grand-chose et se remplace facilement en cas de p\u00e9pin. Parfait !<\/p>\n<figure id=\"attachment_12500\" aria-describedby=\"caption-attachment-12500\" style=\"width: 458px\" class=\"wp-caption aligncenter\"><a href=\"https:\/\/www.franceabris.com\/86-abri-moto-velo\"><img decoding=\"async\" loading=\"lazy\" class=\"wp-image-12500 size-full\" style=\"border: 1px solid #000000;\" src=\"https:\/\/www.franceabris.com\/BLOG\/wp-content\/uploads\/2021\/05\/5037-abri-velo-design.jpg\" alt=\"abri v\u00e9lo design\" width=\"458\" height=\"334\" srcset=\"https:\/\/www.franceabris.com\/BLOG\/wp-content\/uploads\/2021\/05\/5037-abri-velo-design.jpg 458w, https:\/\/www.franceabris.com\/BLOG\/wp-content\/uploads\/2021\/05\/5037-abri-velo-design-329x240.jpg 329w, https:\/\/www.franceabris.com\/BLOG\/wp-content\/uploads\/2021\/05\/5037-abri-velo-design-134x98.jpg 134w\" sizes=\"(max-width: 458px) 100vw, 458px\" \/><\/a><figcaption id=\"caption-attachment-12500\" class=\"wp-caption-text\">Cet abri v\u00e9lo design est disponible sous la r\u00e9f\u00e9rence ID5037 sur notre site. Un petit format !<\/figcaption><\/figure>\n<h3 style=\"text-align: justify;\">Un abri cycles grosses entreprises<\/h3>\n<p style=\"text-align: justify;\"><strong>Pour les entreprises qui cherchent de tr\u00e8s gros formats et volumes d&rsquo;abri v\u00e9lo<\/strong>, la structure ci-dessous doit pouvoir r\u00e9pondre aux attentes. L&rsquo;abri couvre 16 m\u00b2 au sol, tout en longueur puisque la profondeur hors-tout est de 2,17m, ce qui permet d&rsquo;abriter une petite trentaine de v\u00e9los pour peu qu&rsquo;on lui greffe des r\u00e2teliers standards. Le design du kit est assez standard, mais particuli\u00e8rement fonctionnel. La toiture en demi-lune facilite l&rsquo;\u00e9vacuation des eaux de pluie, les protections courant sur tout le pignon arri\u00e8re et les parois lat\u00e9rales. Belle efficacit\u00e9 contre le vent ! Au rayon des mat\u00e9riaux, aluminium, acier, polycarbonate trait\u00e9 anti-UV&#8230; Du classique, mais toujours efficace, qui permet de monter son abri sans avoir \u00e0 se soucier d&rsquo;un quelconque entretien ! Pour peu que vous ayez de la place sur le parking de la soci\u00e9t\u00e9, voil\u00e0 de quoi am\u00e9nager une belle zone deux-roues !<\/p>\n<figure id=\"attachment_12498\" aria-describedby=\"caption-attachment-12498\" style=\"width: 391px\" class=\"wp-caption aligncenter\"><a href=\"https:\/\/www.franceabris.com\/86-abri-moto-velo\"><img decoding=\"async\" loading=\"lazy\" class=\"wp-image-12498 size-full\" style=\"border: 1px solid #000000;\" src=\"https:\/\/www.franceabris.com\/BLOG\/wp-content\/uploads\/2021\/05\/5078-abri-velos-grande-taille.jpg\" alt=\"abri cycle grosses entreprises\" width=\"391\" height=\"251\" srcset=\"https:\/\/www.franceabris.com\/BLOG\/wp-content\/uploads\/2021\/05\/5078-abri-velos-grande-taille.jpg 391w, https:\/\/www.franceabris.com\/BLOG\/wp-content\/uploads\/2021\/05\/5078-abri-velos-grande-taille-374x240.jpg 374w, https:\/\/www.franceabris.com\/BLOG\/wp-content\/uploads\/2021\/05\/5078-abri-velos-grande-taille-153x98.jpg 153w\" sizes=\"(max-width: 391px) 100vw, 391px\" \/><\/a><figcaption id=\"caption-attachment-12498\" class=\"wp-caption-text\">Un structure plut\u00f4t vaste, pour accueillir des cycles en nombre. R\u00e9f\u00e9rence ID5078 sur notre site !<\/figcaption><\/figure>\n<h3 style=\"text-align: justify;\">Un kit d&rsquo;abri pour les v\u00e9los s\u00e9curis\u00e9<\/h3>\n<p style=\"text-align: justify;\">La s\u00e9curisation est parfois un probl\u00e8me. Alors voil\u00e0 <strong>un kit d&rsquo;abri v\u00e9lo cl\u00f4tur\u00e9 par un grillage efficace, avec acc\u00e8s s\u00e9curis\u00e9<\/strong>. L&rsquo;objectif ? Que les collaborateurs de l&rsquo;entreprise puissent utiliser leur v\u00e9lo \u00e0 assistance \u00e9lectrique s&rsquo;ils en ont un. Car ces VAE, on le sait, sont des v\u00e9los que l&rsquo;on craint d&rsquo;attacher n&rsquo;importe o\u00f9&#8230; L&rsquo;abri en question propose 15 m\u00b2 de surface utile, \u00e0 \u00e9quiper de quatre, cinq ou six r\u00e2teliers. A d\u00e9terminer selon les dimensions de ces derniers ! Ici, la structure est en acier galvanis\u00e9 plastifi\u00e9. Et la couverture en bac acier&#8230; Un mariage pour un maximum de durabilit\u00e9 ! Sans compter qu&rsquo;il s&rsquo;agit d&rsquo;un kit de fabrication fran\u00e7aise&#8230; Un autre gage de qualit\u00e9. Pour le reste, sur le plan de la s\u00e9curit\u00e9, il ne vous restera plus qu&rsquo;\u00e0 greffer une cam\u00e9ra de surveillance si possible. Ou un syst\u00e8me d&rsquo;ouverture prot\u00e9g\u00e9e !<\/p>\n<figure id=\"attachment_12499\" aria-describedby=\"caption-attachment-12499\" style=\"width: 397px\" class=\"wp-caption aligncenter\"><a href=\"https:\/\/www.franceabris.com\/86-abri-moto-velo\"><img decoding=\"async\" loading=\"lazy\" class=\"wp-image-12499 size-full\" style=\"border: 1px solid #000000;\" src=\"https:\/\/www.franceabris.com\/BLOG\/wp-content\/uploads\/2021\/05\/4364-abri-velo-securise.jpg\" alt=\"abri v\u00e9los s\u00e9curis\u00e9\" width=\"397\" height=\"291\" srcset=\"https:\/\/www.franceabris.com\/BLOG\/wp-content\/uploads\/2021\/05\/4364-abri-velo-securise.jpg 397w, https:\/\/www.franceabris.com\/BLOG\/wp-content\/uploads\/2021\/05\/4364-abri-velo-securise-327x240.jpg 327w, https:\/\/www.franceabris.com\/BLOG\/wp-content\/uploads\/2021\/05\/4364-abri-velo-securise-134x98.jpg 134w\" sizes=\"(max-width: 397px) 100vw, 397px\" \/><\/a><figcaption id=\"caption-attachment-12499\" class=\"wp-caption-text\">Ce mod\u00e8le d&rsquo;abri pour les v\u00e9los est disponible \u00e0 la r\u00e9f\u00e9rence ID4364. Il est s\u00e9curis\u00e9 ET grand format !<\/figcaption><\/figure>\n","protected":false},"excerpt":{"rendered":"<p>L&rsquo;abri v\u00e9los, une installation in\u00e9vitable, \u00e0 terme, pour les entreprises ? La question peut se poser : les Fran\u00e7ais sont de plus en plus nombreux \u00e0 aller au travail en v\u00e9lo. Or, les entreprises ne sont pas toujours \u00e9quip\u00e9es pour faire face \u00e0 ces nouveaux modes de locomotion. Car, qui dit v\u00e9lo, dit n\u00e9cessit\u00e9 de &hellip; <a href=\"https:\/\/www.franceabris.com\/BLOG\/labri-velos-en-3-exemples\/\" class=\"more-link\">Continuer la lecture de <span class=\"screen-reader-text\">L&rsquo;abri v\u00e9los en 3 exemples<\/span><\/a><\/p>\n","protected":false},"author":2,"featured_media":12501,"comment_status":"closed","ping_status":"closed","sticky":false,"template":"","format":"standard","meta":[],"categories":[1],"tags":[],"_links":{"self":[{"href":"https:\/\/www.franceabris.com\/BLOG\/wp-json\/wp\/v2\/posts\/12497"}],"collection":[{"href":"https:\/\/www.franceabris.com\/BLOG\/wp-json\/wp\/v2\/posts"}],"about":[{"href":"https:\/\/www.franceabris.com\/BLOG\/wp-json\/wp\/v2\/types\/post"}],"author":[{"embeddable":true,"href":"https:\/\/www.franceabris.com\/BLOG\/wp-json\/wp\/v2\/users\/2"}],"replies":[{"embeddable":true,"href":"https:\/\/www.franceabris.com\/BLOG\/wp-json\/wp\/v2\/comments?post=12497"}],"version-history":[{"count":0,"href":"https:\/\/www.franceabris.com\/BLOG\/wp-json\/wp\/v2\/posts\/12497\/revisions"}],"wp:featuredmedia":[{"embeddable":true,"href":"https:\/\/www.franceabris.com\/BLOG\/wp-json\/wp\/v2\/media\/12501"}],"wp:attachment":[{"href":"https:\/\/www.franceabris.com\/BLOG\/wp-json\/wp\/v2\/media?parent=12497"}],"wp:term":[{"taxonomy":"category","embeddable":true,"href":"https:\/\/www.franceabris.com\/BLOG\/wp-json\/wp\/v2\/categories?post=12497"},{"taxonomy":"post_tag","embeddable":true,"href":"https:\/\/www.franceabris.com\/BLOG\/wp-json\/wp\/v2\/tags?post=12497"}],"curies":[{"name":"wp","href":"https:\/\/api.w.org\/{rel}","templated":true}]}}