{"id":12522,"date":"2021-06-09T06:06:28","date_gmt":"2021-06-09T05:06:28","guid":{"rendered":"https:\/\/www.franceabris.com\/BLOG\/?p=12522"},"modified":"2021-05-31T15:42:20","modified_gmt":"2021-05-31T14:42:20","slug":"confort-maximal-pour-les-independants-en-optant-pour-le-bureau-de-jardin","status":"publish","type":"post","link":"https:\/\/www.franceabris.com\/BLOG\/confort-maximal-pour-les-independants-en-optant-pour-le-bureau-de-jardin\/","title":{"rendered":"Confort maximal pour les ind\u00e9pendants en optant pour le bureau de jardin !"},"content":{"rendered":"<p style=\"text-align: justify;\"><strong>Le bureau de jardin, quand on est ind\u00e9pendant, peut \u00eatre un gain de libert\u00e9<\/strong>&#8230; et un gain de productivit\u00e9. C\u00e9dric, 38 ans, est dans ce cas. Ce professionnel qui est \u00e0 la t\u00eate d&rsquo;une petite agence de communication a d\u00e9couvert les vertus du t\u00e9l\u00e9travail durant le premier confinement. Les vertus&#8230; et les difficult\u00e9s ! Car il n&rsquo;est pas toujours facile de travailler sereinement chez soi, alors que les enfants sont dans le coin.<\/p>\n<p style=\"text-align: justify;\">A l&rsquo;\u00e9t\u00e9 2020, il a donc d\u00e9cid\u00e9 d&rsquo;installer, chez lui,<strong> un v\u00e9ritable et complet bureau de jardin<\/strong>. Un espace de travail suffisamment grand pour qu&rsquo;il puisse s&rsquo;y installer et travailler de chez lui&#8230; comme s&rsquo;il \u00e9tait au bureau ! Gain de temps, gain d&rsquo;argent sur le long terme, confort de vie&#8230; Il y a clairement trouv\u00e9 son compte. Et il se partage, d\u00e9sormais, entre ses locaux initiaux et son terrain arbor\u00e9 en-dehors de Paris. T\u00e9moignage.<\/p>\n<h2 style=\"text-align: justify;\">Le bureau de jardin, LA bonne solution lorsqu&rsquo;on est ind\u00e9pendant ? Rencontre pour bien comprendre ce qu&rsquo;une telle installation \u00e0 domicile peut apporter. Et comment elle r\u00e9volutionne la vie quotidienne !<\/h2>\n<p style=\"padding-left: 160px; text-align: justify;\"><em>D\u00e9couvrez notre gamme de chalets et<\/em> <span style=\"color: #ff9900;\"><a style=\"color: #ff9900;\" href=\"https:\/\/www.franceabris.com\/299-abri-jardin-bois-gamme-premium\" target=\"_blank\" rel=\"noopener\">abris de jardin premium, \u00e0 utiliser en bureau d&rsquo;ext\u00e9rieur<\/a><\/span><em>. De vaste abris en madriers de bois offrant un maximum de confort. Et qui permettent de travailler au quotidien dans un environnement sain et professionnel.<\/em><\/p>\n<h3 style=\"text-align: justify;\">C\u00e9dric, comment en \u00eates-vous arriv\u00e9 \u00e0 la conclusion qu&rsquo;il vous fallait un bureau de jardin ?<\/h3>\n<p style=\"text-align: justify;\">Cela s&rsquo;est fait de fa\u00e7on assez naturelle, au final. J&rsquo;habite en r\u00e9gion parisienne ; au moment du premier confinement, <strong>j&rsquo;ai d\u00e9cid\u00e9 de mettre l&rsquo;agence en t\u00e9l\u00e9travail<\/strong>. D&rsquo;abord, parce que cela semblait \u00eatre le meilleur choix possible sur le plan sanitaire. Ensuite, parce qu&rsquo;on le pouvait : on a aujourd&rsquo;hui quantit\u00e9 de moyens \u00e0 disposition pour travailler efficacement \u00e0 distance, partager, collaborer&#8230; Le tout sans perdre en efficacit\u00e9. Je me suis donc, de mon c\u00f4t\u00e9, retrouv\u00e9 \u00e0 partager la maison avec ma femme et mes enfants. Et, m\u00eame en me clo\u00eetrant dans mon bureau le temps d&rsquo;une r\u00e9union, j&rsquo;\u00e9tais syst\u00e9matiquement d\u00e9rang\u00e9. Le bureau ne suffisait pas, il me fallait encore autre chose de plus efficace.<\/p>\n<h3 style=\"text-align: justify;\">Pourquoi ? Vous n&rsquo;aviez pas pr\u00e9vu de revenir au pr\u00e9sentiel ?<\/h3>\n<p style=\"text-align: justify;\">Si, \u00e9videmment ! Pour autant, tous mes collaborateurs ont constat\u00e9 <strong>qu&rsquo;en t\u00e9l\u00e9travaillant, ils gagnaient en efficacit\u00e9, en confort<\/strong>&#8230; Sur tous les plans, en fait ! Moi-m\u00eame, j&rsquo;ai red\u00e9couvert le bonheur de ne pas bouchonner, de perdre moins de temps dans les trajets&#8230; Alors, comme on ne peut pas non plus se passer de la vie de l&rsquo;agence, de ce qu&rsquo;elle apporte dans la socialisation, mais aussi dans la rapidit\u00e9 de certains process, j&rsquo;ai d\u00e9cid\u00e9 de mixer un peu les deux. Ceux qui le veulent peuvent faire quelques jours de t\u00e9l\u00e9travail par semaine. Et, moi-m\u00eame, je bosse deux jours par semaine de chez moi.<\/p>\n<figure id=\"attachment_12524\" aria-describedby=\"caption-attachment-12524\" style=\"width: 397px\" class=\"wp-caption aligncenter\"><a href=\"https:\/\/www.franceabris.com\/299-abri-jardin-bois-gamme-premium\"><img decoding=\"async\" loading=\"lazy\" class=\"wp-image-12524 size-full\" style=\"border: 1px solid #000000;\" src=\"https:\/\/www.franceabris.com\/BLOG\/wp-content\/uploads\/2021\/06\/bureau-de-jardin-independant.jpg\" alt=\"bureau de jardin ind\u00e9pendants\" width=\"397\" height=\"291\" srcset=\"https:\/\/www.franceabris.com\/BLOG\/wp-content\/uploads\/2021\/06\/bureau-de-jardin-independant.jpg 397w, https:\/\/www.franceabris.com\/BLOG\/wp-content\/uploads\/2021\/06\/bureau-de-jardin-independant-327x240.jpg 327w, https:\/\/www.franceabris.com\/BLOG\/wp-content\/uploads\/2021\/06\/bureau-de-jardin-independant-134x98.jpg 134w\" sizes=\"(max-width: 397px) 100vw, 397px\" \/><\/a><figcaption id=\"caption-attachment-12524\" class=\"wp-caption-text\">Le bureau de jardin s\u00e9lectionn\u00e9 par C\u00e9dric : un tr\u00e8s beau chalet en madriers de bois de 40 mm. R\u00e9f\u00e9rence ID3738 sur notre site ! Un choix de tr\u00e8s, tr\u00e8s haut-niveau !<\/figcaption><\/figure>\n<h3 style=\"text-align: justify;\">Mais il fallait vous \u00e9quiper&#8230;<\/h3>\n<p style=\"text-align: justify;\">Et oui. Je ne me voyais pas revivre certaines situations du premier confinement. <strong>J&rsquo;ai donc d\u00e9cid\u00e9 d&rsquo;investir dans un bureau de jardin complet<\/strong>, qui me permette de retrouver tout le calme, le confort et la tranquillit\u00e9 de mon bureau \u00e0 l&rsquo;agence. Mais en restant chez moi ! J&rsquo;ai la chance d&rsquo;avoir un assez grand terrain arbor\u00e9, j&rsquo;ai pu me mettre un peu \u00e0 distance de la maison, sans m&rsquo;isoler compl\u00e8tement.<\/p>\n<h3 style=\"text-align: justify;\">Concr\u00e8tement, quel mod\u00e8le de bureau de jardin avez-vous choisi ?<\/h3>\n<p style=\"text-align: justify;\"><strong>Il s&rsquo;agit d&rsquo;un chalet assez vaste, de 30 m\u00b2 environ.<\/strong> Ce qui m&rsquo;a tout de suite s\u00e9duit, c&rsquo;est qu&rsquo;il \u00e9tait particuli\u00e8rement lumineux. Il y a quatre belles ouvertures en fa\u00e7ade, dont une porte-fen\u00eatre&#8230; En travaillant un peu l&rsquo;orientation, je suis arriv\u00e9 \u00e0 un super r\u00e9sultat sur le plan de la luminosit\u00e9 ! Cela peut sembler \u00eatre un d\u00e9tail, mais je trouve que le cadre est quand m\u00eame tr\u00e8s important en mati\u00e8re de travail, si l&rsquo;on veut pouvoir \u00eatre efficace. Sinon, le chalet est \u00e9videmment con\u00e7u en bois : je ne m&rsquo;y connais pas particuli\u00e8rement en abris, mais j&rsquo;ai vite compris qu&rsquo;il s&rsquo;agissait d&rsquo;un choix pr\u00e9f\u00e9rentiel pour toutes les utilisations s\u00e9dentaires. Il me fallait du bois, j&rsquo;ai \u00e9t\u00e9 servi avec des madriers de 40 mm en \u00e9pic\u00e9a massif trait\u00e9s autoclave. Point important, les ouvertures sont en double vitrage et leur isolation est renforc\u00e9e : l&rsquo;objectif est vraiment de pouvoir travailler dans le bureau en toute saison.<\/p>\n<figure id=\"attachment_12525\" aria-describedby=\"caption-attachment-12525\" style=\"width: 396px\" class=\"wp-caption aligncenter\"><a href=\"https:\/\/www.franceabris.com\/299-abri-jardin-bois-gamme-premium\"><img decoding=\"async\" loading=\"lazy\" class=\"wp-image-12525 size-full\" style=\"border: 1px solid #000000;\" src=\"https:\/\/www.franceabris.com\/BLOG\/wp-content\/uploads\/2021\/06\/id-19.jpg\" alt=\"bureau pour t\u00e9l\u00e9travailler\" width=\"396\" height=\"290\" srcset=\"https:\/\/www.franceabris.com\/BLOG\/wp-content\/uploads\/2021\/06\/id-19.jpg 396w, https:\/\/www.franceabris.com\/BLOG\/wp-content\/uploads\/2021\/06\/id-19-328x240.jpg 328w, https:\/\/www.franceabris.com\/BLOG\/wp-content\/uploads\/2021\/06\/id-19-134x98.jpg 134w\" sizes=\"(max-width: 396px) 100vw, 396px\" \/><\/a><figcaption id=\"caption-attachment-12525\" class=\"wp-caption-text\">Les madriers sont \u00e9pais de 40 mm, mais les fen\u00eatres aussi sont bien isol\u00e9es et isolantes : elles sont en double vitrage ! Ce bureau d&rsquo;ext\u00e9rieur offre tout le confort que l&rsquo;on peut rechercher en t\u00e9l\u00e9travail.<\/figcaption><\/figure>\n<h3 style=\"text-align: justify;\">Vous avez tout de m\u00eame fait quelques am\u00e9nagements \u00e0 l&rsquo;int\u00e9rieur ?<\/h3>\n<p style=\"text-align: justify;\">Bien s\u00fbr. Il a fallu meubler, d\u00e9j\u00e0, avec un bureau de travail, mais aussi des \u00e9tag\u00e8res et de quoi stocker mes diff\u00e9rents dossiers. Voil\u00e0 pour la partie facile&#8230; Pour le reste, j&rsquo;ai fait appel \u00e0 un professionnel pour tirer l&rsquo;\u00e9lectricit\u00e9 et j&rsquo;ai pu faire en sorte de profiter du wifi de la maison. Heureusement, car c&rsquo;\u00e9tait \u00e9videmment un point essentiel. Enfin, j&rsquo;ai quand m\u00eame compl\u00e9t\u00e9 l&rsquo;isolation existante avec des radiateurs d&rsquo;appoint. <strong>Il va sans dire que je r\u00e9duirai peut-\u00eatre mon t\u00e9l\u00e9travail en hiver.<\/strong> Mais, pour les saisons interm\u00e9diaires, il fallait aussi ce compl\u00e9ment en mati\u00e8re de chauffage !<\/p>\n<h3 style=\"text-align: justify;\">Vous voil\u00e0 parfaitement \u00e9quip\u00e9 !<\/h3>\n<p style=\"text-align: justify;\">Exactement ! Honn\u00eatement, c&rsquo;est formidable de pouvoir traverser mon jardin pour aller au travail apr\u00e8s avoir d\u00e9pos\u00e9 les enfants \u00e0 l&rsquo;\u00e9cole&#8230; le tout sans me presser ! <strong>Quel confort !<\/strong><\/p>\n","protected":false},"excerpt":{"rendered":"<p>Le bureau de jardin, quand on est ind\u00e9pendant, peut \u00eatre un gain de libert\u00e9&#8230; et un gain de productivit\u00e9. C\u00e9dric, 38 ans, est dans ce cas. Ce professionnel qui est \u00e0 la t\u00eate d&rsquo;une petite agence de communication a d\u00e9couvert les vertus du t\u00e9l\u00e9travail durant le premier confinement. Les vertus&#8230; et les difficult\u00e9s ! Car &hellip; <a href=\"https:\/\/www.franceabris.com\/BLOG\/confort-maximal-pour-les-independants-en-optant-pour-le-bureau-de-jardin\/\" class=\"more-link\">Continuer la lecture de <span class=\"screen-reader-text\">Confort maximal pour les ind\u00e9pendants en optant pour le bureau de jardin !<\/span><\/a><\/p>\n","protected":false},"author":2,"featured_media":12523,"comment_status":"closed","ping_status":"closed","sticky":false,"template":"","format":"standard","meta":[],"categories":[1],"tags":[],"_links":{"self":[{"href":"https:\/\/www.franceabris.com\/BLOG\/wp-json\/wp\/v2\/posts\/12522"}],"collection":[{"href":"https:\/\/www.franceabris.com\/BLOG\/wp-json\/wp\/v2\/posts"}],"about":[{"href":"https:\/\/www.franceabris.com\/BLOG\/wp-json\/wp\/v2\/types\/post"}],"author":[{"embeddable":true,"href":"https:\/\/www.franceabris.com\/BLOG\/wp-json\/wp\/v2\/users\/2"}],"replies":[{"embeddable":true,"href":"https:\/\/www.franceabris.com\/BLOG\/wp-json\/wp\/v2\/comments?post=12522"}],"version-history":[{"count":0,"href":"https:\/\/www.franceabris.com\/BLOG\/wp-json\/wp\/v2\/posts\/12522\/revisions"}],"wp:featuredmedia":[{"embeddable":true,"href":"https:\/\/www.franceabris.com\/BLOG\/wp-json\/wp\/v2\/media\/12523"}],"wp:attachment":[{"href":"https:\/\/www.franceabris.com\/BLOG\/wp-json\/wp\/v2\/media?parent=12522"}],"wp:term":[{"taxonomy":"category","embeddable":true,"href":"https:\/\/www.franceabris.com\/BLOG\/wp-json\/wp\/v2\/categories?post=12522"},{"taxonomy":"post_tag","embeddable":true,"href":"https:\/\/www.franceabris.com\/BLOG\/wp-json\/wp\/v2\/tags?post=12522"}],"curies":[{"name":"wp","href":"https:\/\/api.w.org\/{rel}","templated":true}]}}