{"id":12616,"date":"2021-08-19T21:42:46","date_gmt":"2021-08-19T20:42:46","guid":{"rendered":"https:\/\/www.franceabris.com\/BLOG\/?p=12616"},"modified":"2021-08-19T21:42:46","modified_gmt":"2021-08-19T20:42:46","slug":"carport-alu-une-affaire-au-%f0%9f%94%9d","status":"publish","type":"post","link":"https:\/\/www.franceabris.com\/BLOG\/carport-alu-une-affaire-au-%f0%9f%94%9d\/","title":{"rendered":"Carport alu, une affaire au \ud83d\udd1d !"},"content":{"rendered":"<p style=\"text-align: justify;\">Prot\u00e9ger vite, prot\u00e9ger bien et prot\u00e9ger \u00e0 moindre frais : <strong>c&rsquo;est ce que promet le carport alu top affaire<\/strong>, une petite aubaine pour qui serait en qu\u00eate d&rsquo;une solution de protection pour sa voiture. C&rsquo;\u00e9tait le cas de l&rsquo;un de nos clients. Une maison de campagne, une berline de standing&#8230; et l&rsquo;agacement r\u00e9p\u00e9t\u00e9 de voir cette derni\u00e8re dans un \u00e9tat d\u00e9plorable \u00e0 chaque p\u00e9riode de vacances. Gr\u00eale, salet\u00e9s, pluie&#8230; On a tous une id\u00e9e pr\u00e9cise de l&rsquo;\u00e9tat dans lequel on r\u00e9cup\u00e8re nos v\u00e9hicules apr\u00e8s plusieurs semaines de cong\u00e9s !<\/p>\n<p style=\"text-align: justify;\">Plut\u00f4t que de continuer dans cette voie et de s&rsquo;y r\u00e9signer, <strong>notre client a pris le parti de chercher une solution<\/strong>. Un moyen concret d&rsquo;offrir un tantinet de protection \u00e0 sa berline et de limiter la casse, \u00e9t\u00e9 apr\u00e8s \u00e9t\u00e9 ! C&rsquo;est ainsi qu&rsquo;il a contact\u00e9 FRANCE ABRIS qui, apr\u00e8s de belles discussions, a pu lui proposer un carport m\u00e9tallique en alu, une affaire de haute qualit\u00e9 \u00e0 prix r\u00e9duit.<\/p>\n<p>Vous voulez en savoir plus ? Lisez la suite !<\/p>\n<h2 style=\"text-align: justify;\">Un beau carport alu top affaire pour am\u00e9nager un espace de stationnement dans une maison de campagne&#8230; Une \u00e9vidence appr\u00e9ci\u00e9e et appr\u00e9ciable !<\/h2>\n<p style=\"padding-left: 160px; text-align: justify;\"><em>D\u00e9couvrez notre<\/em> <span style=\"color: #ff9900;\"><a style=\"color: #ff9900;\" href=\"https:\/\/www.franceabris.com\/22-abri-voiture\" target=\"_blank\" rel=\"noopener\">carport alu top affaire du jour<\/a><\/span><em>, un abri voiture disponible sous la r\u00e9f\u00e9rence ID 3651 sur notre site. Et de nombreux autres kits \u00e0 destination de v\u00e9hicules en tout genre !\u00a0<\/em><\/p>\n<h3 style=\"text-align: justify;\">Le contexte : cr\u00e9er une zone de stationnement gr\u00e2ce \u00e0 un carport alu dans une maison de campagne<\/h3>\n<p style=\"text-align: justify;\">Lorsqu&rsquo;on a une maison de campagne, on a parfois tendance \u00e0 y n\u00e9gliger certaines facilit\u00e9s. Il faut dire qu&rsquo;on a d\u00e9j\u00e0 fort \u00e0 faire avec son habitation principale&#8230; Oui, mais voil\u00e0, l&rsquo;on est parfois rattrap\u00e9s par certains soucis jusque dans sa vill\u00e9giature saisonni\u00e8re. Notre client en a fait le constat : il pestait r\u00e9guli\u00e8rement, chaque fois qu&rsquo;il se rendait \u00e0 la campagne, contre les agressions que subissait sa berline de standing. Gar\u00e9e \u00e0 l&rsquo;ext\u00e9rieur, sans protection particuli\u00e8re, elle se trouvait en effet expos\u00e9e \u00e0 la pluie &#8211; une agression mesur\u00e9e, mais impliquant tout de m\u00eame un lavage r\u00e9gulier -, \u00e0 la gr\u00eale , aux salissures diverses&#8230; Sans compter que, lorsqu&rsquo;il fallait y monter apr\u00e8s l&rsquo;avoir laiss\u00e9e en plein soleil estival durant plusieurs heures, il regrettait am\u00e8rement l&rsquo;absence d&rsquo;un petit toit ombrageant en appoint. La conclusion a fini par s&rsquo;imposer d&rsquo;elle-m\u00eame :<strong> il lui fallait un abri voiture gagner un confort non n\u00e9gligeable<\/strong>.<\/p>\n<figure id=\"attachment_12619\" aria-describedby=\"caption-attachment-12619\" style=\"width: 437px\" class=\"wp-caption aligncenter\"><a href=\"https:\/\/www.franceabris.com\/22-abri-voiture\"><img decoding=\"async\" loading=\"lazy\" class=\"wp-image-12619 size-large\" style=\"border: 1px solid #000000;\" src=\"https:\/\/www.franceabris.com\/BLOG\/wp-content\/uploads\/2021\/08\/2-437x437.png\" alt=\"carport alu top affaire et prix pas cher\" width=\"437\" height=\"437\" srcset=\"https:\/\/www.franceabris.com\/BLOG\/wp-content\/uploads\/2021\/08\/2-437x437.png 437w, https:\/\/www.franceabris.com\/BLOG\/wp-content\/uploads\/2021\/08\/2-240x240.png 240w, https:\/\/www.franceabris.com\/BLOG\/wp-content\/uploads\/2021\/08\/2-98x98.png 98w, https:\/\/www.franceabris.com\/BLOG\/wp-content\/uploads\/2021\/08\/2.png 608w\" sizes=\"(max-width: 437px) 100vw, 437px\" \/><\/a><figcaption id=\"caption-attachment-12619\" class=\"wp-caption-text\">L&rsquo;installation de notre client. Un carport alu sur plots b\u00e9ton qui offre un peu d&rsquo;ombre \u00e0 sa voiture et la pr\u00e9serve des intemp\u00e9ries. Ce kit est disponible sous la r\u00e9f\u00e9rence ID3651 sur notre site.<\/figcaption><\/figure>\n<h3 style=\"text-align: justify;\">Le kit : un carport alu top affaire \u00e0 prix pas cher !<\/h3>\n<p style=\"text-align: justify;\">Le kit d&rsquo;abri voiture qu&rsquo;il a choisi prend donc la forme <strong>d&rsquo;un carport en aluminium aux dimensions assez traditionnelles<\/strong>. 3,11 m de largeur pour 5,08 m de profondeur et une emprise au sol de 15,25 m\u00b2 : de quoi abriter assez facilement une berline de belle taille. Mais aussi permettre de circuler autour en restant \u00e0 l&rsquo;abri, un point essentiel lorsqu&rsquo;on cherche un produit de ce type ! Et oui, il faut penser \u00e0 la protection de l&rsquo;auto&#8230; mais aussi \u00e0 la sienne !<\/p>\n<p style=\"text-align: justify;\">Il aurait pu opter pour une dalle b\u00e9ton au sol ; <strong>il finalement pr\u00e9f\u00e9r\u00e9 des plots<\/strong>, plus discrets et moins engageants. De quoi se garder la possibilit\u00e9 de retirer l&rsquo;abri sans ab\u00eemer son ext\u00e9rieur et ses possibilit\u00e9s ult\u00e9rieures ! Il faut dire que ses s\u00e9jours dans sa maison de campagne se font surtout l&rsquo;\u00e9t\u00e9 et non l&rsquo;hiver. Dans les r\u00e9gions pluvieuses, l&rsquo;on conseillerait effectivement la dalle pour \u00e9viter de s&#8217;embourber !<\/p>\n<p style=\"text-align: justify;\">Le mod\u00e8le en aluminium a \u00e9t\u00e9 sp\u00e9cifiquement s\u00e9lectionn\u00e9 <strong>pour son mariage r\u00e9sistance\/prix pas cher<\/strong>. Vous vous en doutez : pour une r\u00e9sidence secondaire, l&rsquo;on cherche des kits qui durent, qui ne r\u00e9clament pas d&rsquo;entretien au quotidien, qui pr\u00e9servent les finances&#8230; Pari tenu avec ce carport m\u00e9tallique !<\/p>\n<figure id=\"attachment_12618\" aria-describedby=\"caption-attachment-12618\" style=\"width: 437px\" class=\"wp-caption aligncenter\"><a href=\"https:\/\/www.franceabris.com\/22-abri-voiture\"><img decoding=\"async\" loading=\"lazy\" class=\"wp-image-12618 size-large\" style=\"border: 1px solid #000000;\" src=\"https:\/\/www.franceabris.com\/BLOG\/wp-content\/uploads\/2021\/08\/1-437x437.png\" alt=\"abri voiture m\u00e9tallique\" width=\"437\" height=\"437\" srcset=\"https:\/\/www.franceabris.com\/BLOG\/wp-content\/uploads\/2021\/08\/1-437x437.png 437w, https:\/\/www.franceabris.com\/BLOG\/wp-content\/uploads\/2021\/08\/1-240x240.png 240w, https:\/\/www.franceabris.com\/BLOG\/wp-content\/uploads\/2021\/08\/1-98x98.png 98w, https:\/\/www.franceabris.com\/BLOG\/wp-content\/uploads\/2021\/08\/1.png 540w\" sizes=\"(max-width: 437px) 100vw, 437px\" \/><\/a><figcaption id=\"caption-attachment-12618\" class=\"wp-caption-text\">Discr\u00e9tion, esth\u00e9tique, r\u00e9sistance et autonomie : ce carport voiture ne manque pas de qualit\u00e9s.<\/figcaption><\/figure>\n<h3 style=\"text-align: justify;\">Les atouts : prix pas cher et autonomie !<\/h3>\n<p style=\"text-align: justify;\">Outre son esth\u00e9tique m\u00e9tallique tr\u00e8s design qui, en outre, brille par sa discr\u00e9tion (ce qui lui permet de se fondre facilement dans le paysage), cet abri voiture m\u00e9tallique a convaincu notre client sur deux aspects pr\u00e9cis :<\/p>\n<ul>\n<li style=\"text-align: justify;\"><strong>la r\u00e9sistance et l&rsquo;autonomie :<\/strong> ne pouvant \u00eatre dans sa r\u00e9sidence secondaire tous les week-ends, il devait pouvoir compter sur un kit solide, qui tienne la route et la dur\u00e9e et assure un bel amortissement dans le temps&#8230; Sans r\u00e9clamer d&rsquo;entretien sp\u00e9cifique, \u00e9videmment ! Avec un mod\u00e8le en alu, il n&rsquo;aura rien \u00e0 faire en-dehors d&rsquo;un petit coup de jet d&rsquo;eau une fois de temps en temps pour lui rendre tout son lustre.<\/li>\n<li style=\"text-align: justify;\"><strong>un prix pas cher.<\/strong> Une maison de campagne constitue d\u00e9j\u00e0 un petit gouffre financier. Impossible pour notre client de consacrer des sommes trop importantes pour un carport qui ne doit lui servir que durant quelques p\u00e9riodes bien pr\u00e9cises. D&rsquo;o\u00f9 l&rsquo;id\u00e9e de cet abri top affaire qui garantit un prix bas, r\u00e9duit et un tarif particuli\u00e8rement attractif !<\/li>\n<\/ul>\n<p style=\"text-align: justify;\">Dans ces conditions, notre client a fonc\u00e9 sur cette belle solution de protection !<\/p>\n","protected":false},"excerpt":{"rendered":"<p>Prot\u00e9ger vite, prot\u00e9ger bien et prot\u00e9ger \u00e0 moindre frais : c&rsquo;est ce que promet le carport alu top affaire, une petite aubaine pour qui serait en qu\u00eate d&rsquo;une solution de protection pour sa voiture. C&rsquo;\u00e9tait le cas de l&rsquo;un de nos clients. Une maison de campagne, une berline de standing&#8230; et l&rsquo;agacement r\u00e9p\u00e9t\u00e9 de voir &hellip; <a href=\"https:\/\/www.franceabris.com\/BLOG\/carport-alu-une-affaire-au-%f0%9f%94%9d\/\" class=\"more-link\">Continuer la lecture de <span class=\"screen-reader-text\">Carport alu, une affaire au \ud83d\udd1d !<\/span><\/a><\/p>\n","protected":false},"author":2,"featured_media":12617,"comment_status":"closed","ping_status":"closed","sticky":false,"template":"","format":"standard","meta":[],"categories":[3],"tags":[],"_links":{"self":[{"href":"https:\/\/www.franceabris.com\/BLOG\/wp-json\/wp\/v2\/posts\/12616"}],"collection":[{"href":"https:\/\/www.franceabris.com\/BLOG\/wp-json\/wp\/v2\/posts"}],"about":[{"href":"https:\/\/www.franceabris.com\/BLOG\/wp-json\/wp\/v2\/types\/post"}],"author":[{"embeddable":true,"href":"https:\/\/www.franceabris.com\/BLOG\/wp-json\/wp\/v2\/users\/2"}],"replies":[{"embeddable":true,"href":"https:\/\/www.franceabris.com\/BLOG\/wp-json\/wp\/v2\/comments?post=12616"}],"version-history":[{"count":0,"href":"https:\/\/www.franceabris.com\/BLOG\/wp-json\/wp\/v2\/posts\/12616\/revisions"}],"wp:featuredmedia":[{"embeddable":true,"href":"https:\/\/www.franceabris.com\/BLOG\/wp-json\/wp\/v2\/media\/12617"}],"wp:attachment":[{"href":"https:\/\/www.franceabris.com\/BLOG\/wp-json\/wp\/v2\/media?parent=12616"}],"wp:term":[{"taxonomy":"category","embeddable":true,"href":"https:\/\/www.franceabris.com\/BLOG\/wp-json\/wp\/v2\/categories?post=12616"},{"taxonomy":"post_tag","embeddable":true,"href":"https:\/\/www.franceabris.com\/BLOG\/wp-json\/wp\/v2\/tags?post=12616"}],"curies":[{"name":"wp","href":"https:\/\/api.w.org\/{rel}","templated":true}]}}