{"id":12720,"date":"2021-10-10T06:06:11","date_gmt":"2021-10-10T05:06:11","guid":{"rendered":"https:\/\/www.franceabris.com\/BLOG\/?p=12720"},"modified":"2021-09-28T11:29:23","modified_gmt":"2021-09-28T10:29:23","slug":"ils-sont-plebiscites-les-3-garages-et-carports-les-plus-apprecies","status":"publish","type":"post","link":"https:\/\/www.franceabris.com\/BLOG\/ils-sont-plebiscites-les-3-garages-et-carports-les-plus-apprecies\/","title":{"rendered":"Ils sont pl\u00e9biscit\u00e9s : les 3 garages et carports les plus appr\u00e9ci\u00e9s !"},"content":{"rendered":"<p style=\"text-align: justify;\"><strong>Du bois, de l&rsquo;alu et de la t\u00f4le galvanis\u00e9e<\/strong> : nos trois kits les plus appr\u00e9ci\u00e9s cette ann\u00e9e balaient un bel \u00e9ventail de mat\u00e9riaux. Mais sont tous orient\u00e9s vers la protection des v\u00e9hicules ! Et oui, la mobilit\u00e9 est plus que jamais une probl\u00e9matique de notre temps. Et la fa\u00e7on dont on prot\u00e8ge nos v\u00e9hicules de mani\u00e8re \u00e0 : en pr\u00e9server l&rsquo;int\u00e9grit\u00e9, en faciliter l&rsquo;entretien et en assurer la s\u00e9curit\u00e9&#8230; demeure une pr\u00e9occupation du quotidien pour bon nombre de personnes.<\/p>\n<p style=\"text-align: justify;\">C&rsquo;est la raison pour laquelle l&rsquo;abri qui rencontre le plus de succ\u00e8s jusqu&rsquo;\u00e0 maintenant est <strong>un carport en bois Douglas avec une couverture en option<\/strong>. Le naturel qui rencontre la libert\u00e9 ! On trouve ensuite un garage m\u00e9tallique double que les professionnels et les particuliers adoptent facilement. Et un carport en aluminium peint \u00e0 un prix r\u00e9duit, qui permet de cr\u00e9er \u00e0 moindre frais un espace prot\u00e9g\u00e9 et abrit\u00e9 chez soi. Des choix qui illustrent \u00e0 quel point la voiture reste un moyen de d\u00e9placement essentiel&#8230;<\/p>\n<p style=\"text-align: justify;\">Mais aussi comme les autres se d\u00e9veloppent, les garages et carports \u00e9tant parfaitement \u00e0 m\u00eame d&rsquo;abriter des v\u00e9los et trottinettes&#8230;<\/p>\n<h2 style=\"text-align: justify;\">Parmi les abris en kit les plus appr\u00e9ci\u00e9s jusqu&rsquo;\u00e0 maintenant, le carport bois Douglas, l&rsquo;abri voiture en alu et le garage m\u00e9tallique double tirent leur \u00e9pingle du jeu. Analyse et d\u00e9cryptage de leurs caract\u00e9ristiques.<\/h2>\n<p style=\"padding-left: 160px; text-align: justify;\"><em>Pour d\u00e9couvrir de nombreuses autres solutions de carports, baladez-vous sur notre gamme d\u00e9di\u00e9e,<\/em> <span style=\"color: #ff9900;\"><a style=\"color: #ff9900;\" href=\"https:\/\/www.franceabris.com\/22-abri-voiture\" target=\"_blank\" rel=\"noopener\">abri voiture carport<\/a><\/span><em>, qui rassemble pr\u00e8s de 230 kits. Et si vous \u00eates plut\u00f4t s\u00e9duit par le garage double, direction la<\/em> <span style=\"color: #ff9900;\"><a style=\"color: #ff9900;\" href=\"https:\/\/www.franceabris.com\/8-garage-voiture\" target=\"_blank\" rel=\"noopener\">gamme garage voiture<\/a><\/span> <em>et ses 80 produits.<\/em><\/p>\n<h3 style=\"text-align: justify;\">3\/ Un abri voiture aluminium peint (ID1795)<\/h3>\n<p style=\"text-align: justify;\">Classique. Ind\u00e9modable. Efficace. Et accessible ! <strong>Les qualificatifs ne manquent pas pour d\u00e9crire ce carport en alu<\/strong>, disponible sous la r\u00e9f\u00e9rence ID1795 sur notre site. Il s&rsquo;agit d&rsquo;un kit permettant de couvrir pr\u00e8s de 15 m\u00b2, ce qui est suffisant pour abriter la majeure partie des v\u00e9hicules. Mieux, \u00e0 structure simple, montage facilit\u00e9 : constitu\u00e9 de quatre poteaux et d&rsquo;une toiture en demi-lune, cet abri voiture s&rsquo;installe et se monte assez facilement. Tout juste r\u00e9clame-t-il de se faire aider par quelques acolytes, les pi\u00e8ces \u00e0 manier s&rsquo;av\u00e9rant assez encombrantes. En revanche, comme elles s&#8217;embo\u00eetent souvent et que l&rsquo;on fait aujourd&rsquo;hui en sorte de limiter la visserie, le reste de l&rsquo;installation devrait passer comme une lettre \u00e0 la poste !<\/p>\n<h4>Autonome et increvable<\/h4>\n<p style=\"text-align: justify;\">C&rsquo;est s\u00fbrement l&rsquo;une des raisons qui fait son succ\u00e8s. La simplicit\u00e9 d&rsquo;acc\u00e8s, doubl\u00e9e d&rsquo;un prix mod\u00e9r\u00e9. A peine plus de 1000 euros : cela permet de s&rsquo;\u00e9quiper \u00e0 moindre frais. Car ce type de carports b\u00e9n\u00e9ficie d&rsquo;une longue dur\u00e9e de vie. Pensez ainsi que son prix s&rsquo;amortira ais\u00e9ment dans le temps, avec les ann\u00e9es qui passent. En outre, comme il est con\u00e7u en aluminium peint, il ne craint pas grand-chose. On le dit r\u00e9guli\u00e8rement, <strong>lorsqu&rsquo;on cherche un abri autonome et increvable<\/strong>, on s&rsquo;oriente g\u00e9n\u00e9ralement vers les choix m\u00e9talliques&#8230; C&rsquo;est encore le cas avec ce mod\u00e8le qui coche de nombreuses cases du descriptif du kit id\u00e9al !<\/p>\n<figure id=\"attachment_10041\" aria-describedby=\"caption-attachment-10041\" style=\"width: 396px\" class=\"wp-caption aligncenter\"><a href=\"https:\/\/www.franceabris.com\/53-carport-metal\"><img decoding=\"async\" loading=\"lazy\" class=\"wp-image-10041 size-full\" style=\"border: 1px solid #000000;\" src=\"https:\/\/www.franceabris.com\/BLOG\/wp-content\/uploads\/2019\/04\/1-choix-du-carport-1795.jpg\" alt=\"Abri voiture m\u00e9tallique\" width=\"396\" height=\"290\" srcset=\"https:\/\/www.franceabris.com\/BLOG\/wp-content\/uploads\/2019\/04\/1-choix-du-carport-1795.jpg 396w, https:\/\/www.franceabris.com\/BLOG\/wp-content\/uploads\/2019\/04\/1-choix-du-carport-1795-134x98.jpg 134w, https:\/\/www.franceabris.com\/BLOG\/wp-content\/uploads\/2019\/04\/1-choix-du-carport-1795-328x240.jpg 328w\" sizes=\"(max-width: 396px) 100vw, 396px\" \/><\/a><figcaption id=\"caption-attachment-10041\" class=\"wp-caption-text\">ID1795 : ce carport en aluminium peint offre un grand confort d&rsquo;utilisation. Et de multiples caract\u00e9ristiques appr\u00e9ci\u00e9es : prix r\u00e9duit, simplicit\u00e9 de montage, entretien limit\u00e9 et longue dur\u00e9e de vie !<\/figcaption><\/figure>\n<h3 style=\"text-align: justify;\">2\/ Un garage double m\u00e9tallique (ID2433)<\/h3>\n<p style=\"text-align: justify;\"><strong>Bel ouvrage, que ce garage double en acier galvanis\u00e9 !<\/strong> Alors, non, ce n&rsquo;est pas forc\u00e9ment la solution de stationnement la plus abordable pour les particuliers. Certains d&rsquo;entre eux investissent tout de m\u00eame dans cette structure avec la volont\u00e9 d&rsquo;en faire un v\u00e9ritable et complet espace de stationnement. On y gare la voiture, on y stocke les v\u00e9los de la famille, jusqu&rsquo;aux co\u00fbteux VAE, on y entrepose les trottinettes \u00e9lectriques et autres modes de locomotion doux&#8230; Le fait d&rsquo;avoir deux garages permet clairement de stocker et d&rsquo;en avoir en partie l&rsquo;usage que l&rsquo;on aurait d&rsquo;un abri de jardin. Par ailleurs, en zone p\u00e9riurbaine ou en zone rurale, il n&rsquo;est pas rare d&rsquo;avoir deux, voire trois v\u00e9hicules \u00e0 la maison. Le d\u00e9placement y est un enjeu de tous les jours ! D&rsquo;o\u00f9 l&rsquo;importance de profiter de solutions de stationnement prot\u00e9g\u00e9es et s\u00e9curis\u00e9es.<\/p>\n<h4>La multiplication des emplacements de stationnement<\/h4>\n<p style=\"text-align: justify;\">Mais ce sont surtout les professionnels qui offrent \u00e0 ce kit le succ\u00e8s qu&rsquo;il m\u00e9rite. Dans une copropri\u00e9t\u00e9, <strong>voil\u00e0 un garage qui peut \u00eatre multipli\u00e9 autant de fois que n\u00e9cessaire<\/strong>. Chez un professionnel du secteur priv\u00e9, ces garages permettent d&rsquo;abriter un parc de v\u00e9hicules qu&rsquo;il faut \u00e9videmment bichonner. M\u00eame chose dans le public, qui n&rsquo;est pas exempt de m\u00e9caniques dont la pr\u00e9servation et l&rsquo;entretien demeurent un en jeu essentiel. Deux emplacements de stationnement de 16 m\u00b2 chacun, une unique pi\u00e8ce qui permet de naviguer d&rsquo;un emplacement \u00e0 l&rsquo;autre \u00e0 l&rsquo;int\u00e9rieur &#8211; et de stocker. Des portes basculantes s\u00e9curis\u00e9es pour dormir sur ses deux oreilles&#8230; On comprend le succ\u00e8s de ce mod\u00e8le que l&rsquo;on retrouvera en cinq, six, voire sept exemplaires chez les pros !<\/p>\n<figure id=\"attachment_9695\" aria-describedby=\"caption-attachment-9695\" style=\"width: 583px\" class=\"wp-caption aligncenter\"><a href=\"https:\/\/www.franceabris.com\/7-garage-metal\"><img decoding=\"async\" loading=\"lazy\" class=\"wp-image-9695 size-large\" style=\"border: 1px solid #000000;\" src=\"https:\/\/www.franceabris.com\/BLOG\/wp-content\/uploads\/2019\/01\/PICT0212-583x437.jpeg\" alt=\"garage m\u00e9tal en kit double\" width=\"583\" height=\"437\" srcset=\"https:\/\/www.franceabris.com\/BLOG\/wp-content\/uploads\/2019\/01\/PICT0212-583x437.jpeg 583w, https:\/\/www.franceabris.com\/BLOG\/wp-content\/uploads\/2019\/01\/PICT0212-131x98.jpeg 131w, https:\/\/www.franceabris.com\/BLOG\/wp-content\/uploads\/2019\/01\/PICT0212-320x240.jpeg 320w, https:\/\/www.franceabris.com\/BLOG\/wp-content\/uploads\/2019\/01\/PICT0212.jpeg 640w\" sizes=\"(max-width: 583px) 100vw, 583px\" \/><\/a><figcaption id=\"caption-attachment-9695\" class=\"wp-caption-text\">Deux entr\u00e9es s\u00e9curis\u00e9es, un espace commun \u00e0 l&rsquo;int\u00e9rieur de 32 m\u00b2 : voil\u00e0 un garage double tr\u00e8s pratique pour les professionnels comme pour les particuliers. ID2433 !<\/figcaption><\/figure>\n<h3 style=\"text-align: justify;\">1\/ L&rsquo;abri voiture et camping-car bois Douglas (ID2512)<\/h3>\n<p style=\"text-align: justify;\"><strong>De la libert\u00e9 et du naturel.<\/strong> On l&rsquo;a dit en ouverture de cet article, \u00e0 l&rsquo;heure actuelle, l&rsquo;on se pr\u00e9occupe \u00e9norm\u00e9ment du naturel, de la protection de l&rsquo;environnement&#8230; C&rsquo;est s\u00fbrement ce qui explique le succ\u00e8s des ouvrages en bois, issus de la nature, mais, surtout, d&rsquo;une exploitation r\u00e9fl\u00e9chie et mesur\u00e9e. Mais l&rsquo;on cherche aussi de quoi personnaliser, de quoi customiser&#8230; de quoi pr\u00e9server sa libert\u00e9. Et c&rsquo;est ce que permet ce carport voiture et camping-car. En effet, il repose sur une ossature en bois Douglas qui propose deux options diff\u00e9rentes : des planchettes et une couverture en bac acier. Car nos ossatures sont, \u00e0 l&rsquo;origine, livr\u00e9es sans couverture adapt\u00e9e. Et c&rsquo;est au client d&rsquo;imaginer ce qui lui convient le mieux pour abriter ses v\u00e9hicules. Ici, la couverture est en option et peut tout de m\u00eame \u00eatre choisie chez FRANCE ABRIS. Ou s\u00e9lectionn\u00e9e de votre c\u00f4t\u00e9, avec du shingle ou quelque mat\u00e9riau que ce soit.<\/p>\n<h4>La couverture en option !<\/h4>\n<p style=\"text-align: justify;\">Pour le reste, <strong>le carport propose 32 m\u00b2 de surface couverte<\/strong>. Et 3,2 m de hauteur de passage. De quoi faciliter le stationnement d&rsquo;une voiture, mais aussi d&rsquo;un camping-car ou d&rsquo;une caravane. Voire des v\u00e9los du foyer, avec l&rsquo;installation de racks et de supports \u00e0 cycles ! Les possibilit\u00e9s sont nombreuses et, si ce carport s&rsquo;av\u00e8re autant pl\u00e9biscit\u00e9, c&rsquo;est probablement parce qu&rsquo;il laisse cette belle libert\u00e9 d&rsquo;usage. Un toit est un toit : \u00e0 vous de vous en servir comme vous le souhaitez ! Il arrive m\u00eame que certains de nos clients transforment leur carport en abri de terrasse ou en pergola d&rsquo;agr\u00e9ment&#8230;<\/p>\n<figure id=\"attachment_10113\" aria-describedby=\"caption-attachment-10113\" style=\"width: 396px\" class=\"wp-caption aligncenter\"><a href=\"https:\/\/www.franceabris.com\/24-abri-camping-car-bois\"><img decoding=\"async\" loading=\"lazy\" class=\"wp-image-10113 size-full\" style=\"border: 1px solid #000000;\" src=\"https:\/\/www.franceabris.com\/BLOG\/wp-content\/uploads\/2019\/05\/2512-abri-camping-car.jpg\" alt=\"carport voiture et camping-car\" width=\"396\" height=\"290\" srcset=\"https:\/\/www.franceabris.com\/BLOG\/wp-content\/uploads\/2019\/05\/2512-abri-camping-car.jpg 396w, https:\/\/www.franceabris.com\/BLOG\/wp-content\/uploads\/2019\/05\/2512-abri-camping-car-134x98.jpg 134w, https:\/\/www.franceabris.com\/BLOG\/wp-content\/uploads\/2019\/05\/2512-abri-camping-car-328x240.jpg 328w\" sizes=\"(max-width: 396px) 100vw, 396px\" \/><\/a><figcaption id=\"caption-attachment-10113\" class=\"wp-caption-text\">Une tr\u00e8s belle structure en bois Douglas, r\u00e9sistante et esth\u00e9tique. De quoi am\u00e9nager votre ext\u00e9rieur ! D&rsquo;autant que cet abri et carport s&rsquo;av\u00e8re merveilleusement polyvalent&#8230; ID2512 sur notre site.<\/figcaption><\/figure>\n<p>Tout ce que vous voulez, comme vous le voulez !<\/p>\n","protected":false},"excerpt":{"rendered":"<p>Du bois, de l&rsquo;alu et de la t\u00f4le galvanis\u00e9e : nos trois kits les plus appr\u00e9ci\u00e9s cette ann\u00e9e balaient un bel \u00e9ventail de mat\u00e9riaux. Mais sont tous orient\u00e9s vers la protection des v\u00e9hicules ! Et oui, la mobilit\u00e9 est plus que jamais une probl\u00e9matique de notre temps. Et la fa\u00e7on dont on prot\u00e8ge nos v\u00e9hicules &hellip; <a href=\"https:\/\/www.franceabris.com\/BLOG\/ils-sont-plebiscites-les-3-garages-et-carports-les-plus-apprecies\/\" class=\"more-link\">Continuer la lecture de <span class=\"screen-reader-text\">Ils sont pl\u00e9biscit\u00e9s : les 3 garages et carports les plus appr\u00e9ci\u00e9s !<\/span><\/a><\/p>\n","protected":false},"author":2,"featured_media":10110,"comment_status":"closed","ping_status":"closed","sticky":false,"template":"","format":"standard","meta":[],"categories":[3],"tags":[],"_links":{"self":[{"href":"https:\/\/www.franceabris.com\/BLOG\/wp-json\/wp\/v2\/posts\/12720"}],"collection":[{"href":"https:\/\/www.franceabris.com\/BLOG\/wp-json\/wp\/v2\/posts"}],"about":[{"href":"https:\/\/www.franceabris.com\/BLOG\/wp-json\/wp\/v2\/types\/post"}],"author":[{"embeddable":true,"href":"https:\/\/www.franceabris.com\/BLOG\/wp-json\/wp\/v2\/users\/2"}],"replies":[{"embeddable":true,"href":"https:\/\/www.franceabris.com\/BLOG\/wp-json\/wp\/v2\/comments?post=12720"}],"version-history":[{"count":0,"href":"https:\/\/www.franceabris.com\/BLOG\/wp-json\/wp\/v2\/posts\/12720\/revisions"}],"wp:featuredmedia":[{"embeddable":true,"href":"https:\/\/www.franceabris.com\/BLOG\/wp-json\/wp\/v2\/media\/10110"}],"wp:attachment":[{"href":"https:\/\/www.franceabris.com\/BLOG\/wp-json\/wp\/v2\/media?parent=12720"}],"wp:term":[{"taxonomy":"category","embeddable":true,"href":"https:\/\/www.franceabris.com\/BLOG\/wp-json\/wp\/v2\/categories?post=12720"},{"taxonomy":"post_tag","embeddable":true,"href":"https:\/\/www.franceabris.com\/BLOG\/wp-json\/wp\/v2\/tags?post=12720"}],"curies":[{"name":"wp","href":"https:\/\/api.w.org\/{rel}","templated":true}]}}